{"id":505219,"date":"2025-10-17T07:15:12","date_gmt":"2025-10-17T07:15:12","guid":{"rendered":"https:\/\/www.europesays.com\/de\/505219\/"},"modified":"2025-10-17T07:15:12","modified_gmt":"2025-10-17T07:15:12","slug":"ueberreste-von-19-menschen-fehlen-hamas-bergung-weiterer-geisel-leichen-braucht-zeit","status":"publish","type":"post","link":"https:\/\/www.europesays.com\/de\/505219\/","title":{"rendered":"\u00dcberreste von 19 Menschen fehlen: Hamas: Bergung weiterer Geisel-Leichen braucht Zeit"},"content":{"rendered":"<p>                    \u00dcberreste von 19 Menschen fehlen<br \/>\n                Hamas: Bergung weiterer Geisel-Leichen braucht Zeit<\/p>\n<p>\t\t\t\t              17.10.2025, 08:22 Uhr<\/p>\n<p>\t\t\t\t\t       Artikel anh\u00f6ren<\/p>\n<p>\t\t\t\t\t\t\tDiese Audioversion wurde k\u00fcnstlich generiert. <a href=\"https:\/\/www.n-tv.de\/23249898\" target=\"_blank\" rel=\"noopener\">Mehr Infos<\/a><\/p>\n<p><strong>Alle lebenden Geiseln \u00fcbergibt die Hamas Anfang der Woche an Israel. Bei den get\u00f6teten Entf\u00fchrten fehlen noch fast 20. Die Terrororganisation liefert eine Erkl\u00e4rung f\u00fcr den schleppenden Prozess. <\/strong><\/p>\n<p>Die R\u00fcckf\u00fchrung weiterer Leichen von Geiseln der islamistischen Hamas im Gazastreifen wird nach Aussagen der Terrororganisation Zeit brauchen. Einige dieser Leichen bef\u00e4nden sich in von Israels Armee zerst\u00f6rten Tunneln, andere unter den Tr\u00fcmmern zerbombter Geb\u00e4ude, erkl\u00e4rte die Hamas in der Nacht in einer Mitteilung. <\/p>\n<p>Um die Leichen weiterer Geiseln zu bergen, seien schwere Maschinen und Ger\u00e4te zum Abtragen der Tr\u00fcmmer erforderlich, die derzeit nicht herbeigeschafft werden k\u00f6nnten, weil Israel ihre Einfuhr verweigere, hei\u00dft es in der Mitteilung der Hamas weiter.<\/p>\n<p>Laut der Vereinbarung \u00fcber die seit einer Woche geltende Waffenruhe muss die Hamas insgesamt 28 Geisel-Leichen an Israel \u00fcbergeben. Bisher \u00fcbergab sie die \u00dcberreste von neun Geiseln. Die Terrororganisation f\u00fcgte in der Mitteilung hinzu, dass sie sich weiter an die Vereinbarung halten werde. Sie machte zugleich Israel f\u00fcr die Verz\u00f6gerung der Geisel-R\u00fcckf\u00fchrungen verantwortlich.<\/p>\n<p>Trump droht Hamas<\/p>\n<p>US-Pr\u00e4sident Trump hatte zuvor bereits Druck auf die Terrororganisation in dieser Frage aufgebaut. &#8222;Sie haben auch gesagt, dass sie sich benehmen werden. Wir werden herausfinden, ob sie sich benehmen. Wenn sie sich benehmen, gut&#8220;, sagte Trump. Falls nicht, &#8222;werden wir uns darum k\u00fcmmern&#8220;.<\/p>\n<p>Auch zu den Hinrichtungen der Hamas \u00e4u\u00dferte sich der US-Pr\u00e4sident deutlich kritischer als in einer ersten Stellungnahme. Sollte die Terrororganisation weiter Menschen im Gazastreifen t\u00f6ten, &#8222;werden wir keine Wahl haben, als hineinzugehen und sie zu t\u00f6ten&#8220;, schrieb der Republikaner auf der Plattform Truth Social. Im Wei\u00dfen Haus machte er sp\u00e4ter auf Nachfrage klar, dass keine US-Kr\u00e4fte in den Gazastreifen einr\u00fccken sollen.<\/p>\n<p>Es gebe Leute &#8222;ganz in der N\u00e4he&#8220;, die das machen w\u00fcrden &#8211; gemeint sein d\u00fcrfte Israels Armee. Sie bek\u00e4men das leicht hin, aber unter dem Patronat der USA, betonte er. Davor hatten Berichte \u00fcber T\u00f6tungen im Gazastreifen durch Hamas-K\u00e4mpfer international f\u00fcr Emp\u00f6rung gesorgt. Trump hatte das am Dienstag aber zun\u00e4chst noch mit einem gewissen Verst\u00e4ndnis kommentiert: Die Hamas habe gegen &#8222;sehr, sehr schlimme Banden&#8220; durchgegriffen, das habe ihn nicht gro\u00df gest\u00f6rt. &#8222;Das ist okay&#8220;, sagte er w\u00f6rtlich.<\/p>\n","protected":false},"excerpt":{"rendered":"\u00dcberreste von 19 Menschen fehlen Hamas: Bergung weiterer Geisel-Leichen braucht Zeit 17.10.2025, 08:22 Uhr Artikel anh\u00f6ren Diese Audioversion&hellip;\n","protected":false},"author":2,"featured_media":505220,"comment_status":"","ping_status":"","sticky":false,"template":"","format":"standard","meta":{"footnotes":""},"categories":[3],"tags":[106,739,738,410,13,411,412,14,15,16,12,10,8,9,11,103,104],"class_list":{"0":"post-505219","1":"post","2":"type-post","3":"status-publish","4":"format-standard","5":"has-post-thumbnail","7":"category-welt","8":"tag-donald-trump","9":"tag-gaza","10":"tag-gazastreifen","11":"tag-hamas","12":"tag-headlines","13":"tag-israel","14":"tag-israel-krieg","15":"tag-nachrichten","16":"tag-news","17":"tag-politik","18":"tag-schlagzeilen","19":"tag-top-news","20":"tag-top-meldungen","21":"tag-topmeldungen","22":"tag-topnews","23":"tag-welt","24":"tag-world"},"share_on_mastodon":{"url":"https:\/\/pubeurope.com\/@de\/115388280027016771","error":""},"_links":{"self":[{"href":"https:\/\/www.europesays.com\/de\/wp-json\/wp\/v2\/posts\/505219","targetHints":{"allow":["GET"]}}],"collection":[{"href":"https:\/\/www.europesays.com\/de\/wp-json\/wp\/v2\/posts"}],"about":[{"href":"https:\/\/www.europesays.com\/de\/wp-json\/wp\/v2\/types\/post"}],"author":[{"embeddable":true,"href":"https:\/\/www.europesays.com\/de\/wp-json\/wp\/v2\/users\/2"}],"replies":[{"embeddable":true,"href":"https:\/\/www.europesays.com\/de\/wp-json\/wp\/v2\/comments?post=505219"}],"version-history":[{"count":0,"href":"https:\/\/www.europesays.com\/de\/wp-json\/wp\/v2\/posts\/505219\/revisions"}],"wp:featuredmedia":[{"embeddable":true,"href":"https:\/\/www.europesays.com\/de\/wp-json\/wp\/v2\/media\/505220"}],"wp:attachment":[{"href":"https:\/\/www.europesays.com\/de\/wp-json\/wp\/v2\/media?parent=505219"}],"wp:term":[{"taxonomy":"category","embeddable":true,"href":"https:\/\/www.europesays.com\/de\/wp-json\/wp\/v2\/categories?post=505219"},{"taxonomy":"post_tag","embeddable":true,"href":"https:\/\/www.europesays.com\/de\/wp-json\/wp\/v2\/tags?post=505219"}],"curies":[{"name":"wp","href":"https:\/\/api.w.org\/{rel}","templated":true}]}}