{"id":505238,"date":"2025-10-17T07:27:11","date_gmt":"2025-10-17T07:27:11","guid":{"rendered":"https:\/\/www.europesays.com\/de\/505238\/"},"modified":"2025-10-17T07:27:11","modified_gmt":"2025-10-17T07:27:11","slug":"mannheim-fachtagung-zu-sicherheit-in-der-stadt","status":"publish","type":"post","link":"https:\/\/www.europesays.com\/de\/505238\/","title":{"rendered":"Mannheim: Fachtagung zu Sicherheit in der Stadt"},"content":{"rendered":"<p>Am Freitag findet im Stadthaus der dritte &#8222;Mannheimer Sicherheitstag&#8220; statt, eine ganzt\u00e4gige Fachtagung. Das Motto: &#8222;Urbane Sicherheit \u2013 Lebenswerte Stadt&#8220;. Veranstalter sind die Stadt Mannheim und der &#8222;Beh\u00f6rden Spiegel&#8220;, eine \u00fcberregionale Zeitung f\u00fcr den \u00d6ffentlichen Dienst in Deutschland. Erwartet werden rund 150 Teilnehmerinnen und Teilnehmer, darunter Vertreter der Polizei, der Feuerwehr und von Universit\u00e4ten. Repr\u00e4sentanten aus \u00fcber 30 deutschen St\u00e4dten werden die Fachtagung ebenso verfolgen, wie mehrere Landtagsfraktionen und Verb\u00e4nde.  <\/p>\n<p><img src=\"https:\/\/www.europesays.com\/de\/wp-content\/uploads\/2025\/10\/1728016398556,atomschutz-bunker-mannheim-112~_v-16x9@2dS_-6be50a9c75559ca1aaf1d0b25bae287afdcd877a.j.jpeg\"   class=\"\" data-copyright=\"Foto: SWR\" alt=\"Stadthaus N1 in Mannheim\" title=\"Stadthaus N1 in Mannheim (Foto: SWR)\" width=\"320\" height=\"180\" decoding=\"async\" loading=\"lazy\"\/><\/p>\n<p>Veranstaltungsort des Sicherheitstags ist das Mannheimer Stadthaus.<\/p>\n<p><a href=\"https:\/\/www.swr.de\" rel=\"external nofollow noopener\" class=\"link\" tabindex=\"-1\" itemprop=\"url\" target=\"_blank\"><br \/>\nSWR<br \/>\n<\/a><\/p>\n<p>Sicherheitstag: Wie umgehen mit Falschmeldungen? <\/p>\n<p>Laut den Veranstaltern geht es unter anderem um diese Fragen bei der Tagung: Wie kann der \u00f6ffentliche Raum f\u00fcr alle sicherer werden? Welche Gefahren entstehen durch Desinformation? Wie geht man mit Falschmeldungen um? Wie ist der aktuelle Stand der Mannheimer Video\u00fcberwachung? Welche M\u00f6glichkeiten gibt es beim Thema &#8222;Zufahrtsschutz im \u00f6ffentlichen Raum&#8220;? (Mit &#8222;Zufahrtsschutz&#8220; sind zum Beispiel massive Metall-Poller gemeint, die Amokfahrten mit dem Auto verhindern sollen).<\/p>\n<p>Redebeitr\u00e4ge unter anderem von Innenminister Strobl und Rathauschef Specht <\/p>\n<p>Vortr\u00e4ge <a href=\"https:\/\/www.mannheimer-sicherheitstag.de\/programm\/\" class=\"link link-inline inline-link\" title=\"Programm des 3. Mannheimer Sicherheitstags\" target=\"_blank\" rel=\"external noopener noreferrer nofollow\" data-pjax=\"0\">werden dem Programm zufolge<\/a> Innenminister Thomas Strobl (CDU), Mannheims Oberb\u00fcrgermeister Christian Specht (CDU) und die Mannheimer Polizeipr\u00e4sidentin Ulrike Sch\u00e4fer halten. Ren\u00e9 Funk, Vizepr\u00e4sident des Bundesamts f\u00fcr Bev\u00f6lkerungsschutz und Katastrophenhilfe, informiert in seinem Redebeitrag \u00fcber &#8222;den Stand der zivilen Sicherheitsvorsorge in Deutschland&#8220;. <\/p>\n<p>Der ehemalige Landrat des Rhein-Pfalz-Kreises, Clemens K\u00f6rner (CDU), berichtet am Vormittag \u00fcber den <a href=\"https:\/\/www.rhein-pfalz-kreis.de\/verwaltung-region\/aktuelles\/nachrichten\/archiv\/nach-cyberangriff-land-und-kreis-unterzeichnen-zielvereinbarung\/\" class=\"link link-inline inline-link\" title=\"Cyberangriff auf den Rhein-Pfalz-Kreis\" target=\"_blank\" rel=\"external noopener noreferrer nofollow\" data-pjax=\"0\">Cyberangriff auf die Kreisverwaltung des Rhein-Pfalz-Kreises vor drei Jahren<\/a> &#8211; Untertitel: &#8222;Erfahrungen und Lehren&#8220;. Im Oktober 2022 hatte ein Hackerangriff das EDV-System der Kreisverwaltung lahmgelegt, es war mehrere Wochen lang nur eingeschr\u00e4nkt nutzbar.<\/p>\n<p><img src=\"https:\/\/www.europesays.com\/de\/wp-content\/uploads\/2025\/10\/1713427029400,proffen-zu-waffenverbotszone-102~_v-16x9@2dS_-6be50a9c75559ca1aaf1d0b25bae287afdcd877a.jpeg\"   class=\"\" data-copyright=\"Foto: SWR\" alt=\"Proffen zu Waffenverbotszone\" title=\"Proffen zu Waffenverbotszone (Foto: SWR)\" width=\"320\" height=\"180\" decoding=\"async\" loading=\"lazy\"\/><\/p>\n<p>In Mannheim zust\u00e4ndig f\u00fcr das Sicherheits-Ressort: B\u00fcrgermeister Volker Proffen (CDU)<\/p>\n<p><a href=\"https:\/\/www.swr.de\" rel=\"external nofollow noopener\" class=\"link\" tabindex=\"-1\" itemprop=\"url\" target=\"_blank\"><br \/>\nSWR<br \/>\n<\/a><\/p>\n<p>Sicherheitstag in Mannheim: &#8222;Chancen aufzeigen, L\u00f6sungen entwickeln&#8220;<\/p>\n<p>Der Mannheimer Sicherheitsdezernent Volker Proffen (CDU) teilte mit, der Mannheimer Sicherheitstag biete eine &#8222;wichtige Plattform, um aktuelle Herausforderungen der urbanen Sicherheit zu beleuchten, Chancen aufzuzeigen und praxisnahe L\u00f6sungen zu entwickeln&#8220;. Bei der Fachtagung k\u00e4men Experten und Vertreter aus Kommunen, Beh\u00f6rden und Wissenschaft zusammen, &#8222;um voneinander zu lernen und konkrete Impulse f\u00fcr mehr Sicherheit im Alltag zu gewinnen&#8220;. <\/p>\n","protected":false},"excerpt":{"rendered":"Am Freitag findet im Stadthaus der dritte &#8222;Mannheimer Sicherheitstag&#8220; statt, eine ganzt\u00e4gige Fachtagung. Das Motto: &#8222;Urbane Sicherheit \u2013&hellip;\n","protected":false},"author":2,"featured_media":505239,"comment_status":"","ping_status":"","sticky":false,"template":"","format":"standard","meta":{"footnotes":""},"categories":[1845],"tags":[1634,3364,29,548,663,3934,30,13,2096,14,15,12],"class_list":{"0":"post-505238","1":"post","2":"type-post","3":"status-publish","4":"format-standard","5":"has-post-thumbnail","7":"category-mannheim","8":"tag-baden-wuerttemberg","9":"tag-de","10":"tag-deutschland","11":"tag-eu","12":"tag-europa","13":"tag-europe","14":"tag-germany","15":"tag-headlines","16":"tag-mannheim","17":"tag-nachrichten","18":"tag-news","19":"tag-schlagzeilen"},"share_on_mastodon":{"url":"https:\/\/pubeurope.com\/@de\/115388327753246415","error":""},"_links":{"self":[{"href":"https:\/\/www.europesays.com\/de\/wp-json\/wp\/v2\/posts\/505238","targetHints":{"allow":["GET"]}}],"collection":[{"href":"https:\/\/www.europesays.com\/de\/wp-json\/wp\/v2\/posts"}],"about":[{"href":"https:\/\/www.europesays.com\/de\/wp-json\/wp\/v2\/types\/post"}],"author":[{"embeddable":true,"href":"https:\/\/www.europesays.com\/de\/wp-json\/wp\/v2\/users\/2"}],"replies":[{"embeddable":true,"href":"https:\/\/www.europesays.com\/de\/wp-json\/wp\/v2\/comments?post=505238"}],"version-history":[{"count":0,"href":"https:\/\/www.europesays.com\/de\/wp-json\/wp\/v2\/posts\/505238\/revisions"}],"wp:featuredmedia":[{"embeddable":true,"href":"https:\/\/www.europesays.com\/de\/wp-json\/wp\/v2\/media\/505239"}],"wp:attachment":[{"href":"https:\/\/www.europesays.com\/de\/wp-json\/wp\/v2\/media?parent=505238"}],"wp:term":[{"taxonomy":"category","embeddable":true,"href":"https:\/\/www.europesays.com\/de\/wp-json\/wp\/v2\/categories?post=505238"},{"taxonomy":"post_tag","embeddable":true,"href":"https:\/\/www.europesays.com\/de\/wp-json\/wp\/v2\/tags?post=505238"}],"curies":[{"name":"wp","href":"https:\/\/api.w.org\/{rel}","templated":true}]}}