{"id":505260,"date":"2025-10-17T07:39:10","date_gmt":"2025-10-17T07:39:10","guid":{"rendered":"https:\/\/www.europesays.com\/de\/505260\/"},"modified":"2025-10-17T07:39:10","modified_gmt":"2025-10-17T07:39:10","slug":"selenskyj-verhandelt-mit-trump-ueber-tomahawks-dw-17-10-2025","status":"publish","type":"post","link":"https:\/\/www.europesays.com\/de\/505260\/","title":{"rendered":"Selenskyj verhandelt mit Trump \u00fcber Tomahawks \u2013 DW \u2013 17.10.2025"},"content":{"rendered":"<p>US-Pr\u00e4sident <a class=\"internal-link\" href=\"https:\/\/www.dw.com\/de\/donald-trump\/t-18901598\" rel=\"nofollow noopener\" target=\"_blank\">Donald Trump<\/a> empf\u00e4ngt an diesem Freitag den ukrainischen Staatschef <a class=\"internal-link\" href=\"https:\/\/www.dw.com\/de\/wolodymyr-selenskyj\/t-48449478\" rel=\"nofollow noopener\" target=\"_blank\">Wolodymyr Selenskyj<\/a> im Wei\u00dfen Haus in Washington. Ein zentrales Thema ist nach Angaben aus Kyjiw eine m\u00f6gliche Lieferung von US-<a class=\"internal-link\" href=\"https:\/\/www.dw.com\/de\/tomahawk-raketen-ukraine-krieg-russland-donald-trump-wolodymyr-selenskyj-wladimir-putin-v3\/a-74373945\" rel=\"nofollow noopener\" target=\"_blank\">Tomahawk-Marschflugk\u00f6rpern<\/a> an die <a class=\"internal-link\" href=\"https:\/\/www.dw.com\/de\/ukraine\/t-17292877\" rel=\"nofollow noopener\" target=\"_blank\">Ukraine<\/a>. Tomahawks werden f\u00fcr Pr\u00e4zisionsangriffe aus gro\u00dfer Entfernung genutzt. Sie w\u00fcrden der <a class=\"internal-link\" href=\"https:\/\/www.dw.com\/de\/ukraine-krieg\/t-60978725\" rel=\"nofollow noopener\" target=\"_blank\">Ukraine damit Angriffe tief in russischem Gebiet<\/a> erm\u00f6glichen.<\/p>\n<p><img data-format=\"MASTER_LANDSCAPE\" data-id=\"74347342\" data-url=\"https:\/\/static.dw.com\/image\/74347342_${formatId}.jpg\" data-aspect-ratio=\"16\/9\" alt=\"Wolodymyr Selenskyj \" style=\"padding-bottom: 56.25%; height: 0; max-height: 0;\"\/>Wolodymyr Selenskyj: Was bedeutet das Telefonat zwischen Trump und Putin f\u00fcr den ukrainischen Staatschef? Bild: Julia Demaree Nikhinson\/AP Photo\/dpa\/picture alliance<\/p>\n<p>Am Donnerstag telefonierte Trump zwei Stunden lang mit dem russischen Staatschef <a class=\"internal-link\" href=\"https:\/\/www.dw.com\/de\/wladimir-putin\/t-17289915\" rel=\"nofollow noopener\" target=\"_blank\">Wladimir Putin<\/a>. Anschlie\u00dfend bezeichneten beide Seiten das Gespr\u00e4ch als &#8222;sehr produktiv&#8220;. Trump erkl\u00e4rte, er werde sich mit Putin in <a class=\"internal-link\" href=\"https:\/\/www.dw.com\/de\/ungarn\/t-17548083\" rel=\"nofollow noopener\" target=\"_blank\">Ungarns<\/a> Hauptstadt Budapest treffen, um \u00fcber ein Ende des Kriegs in der Ukraine zu sprechen. Einen Termin nannte er nicht.<\/p>\n<p>Anklage gegen Trump-Kritiker John Bolton<\/p>\n<p>Eine Geschworenenjury im US-Bundesstaat Maryland hat John Bolton, einen der sch\u00e4rfsten Kritiker von Pr\u00e4sident Donald Trump, angeklagt. Dem 76-J\u00e4hrigen werden die Weitergabe sensibler Informationen zur nationalen Verteidigung und die unrechtm\u00e4\u00dfige Aufbewahrung solcher Dokumente vorgeworfen, wie das US-Justizministerium in Washington mitteilte. Im Falle einer Verurteilung droht Bolton laut dem Ministerium eine mehrj\u00e4hrige Haftstrafe.\u00a0<\/p>\n<p><img data-format=\"MASTER_LANDSCAPE\" data-id=\"74392976\" data-url=\"https:\/\/static.dw.com\/image\/74392976_${formatId}.jpg\" data-aspect-ratio=\"16\/9\" alt=\"John Bolton \" style=\"padding-bottom: 56.25%; height: 0; max-height: 0;\"\/>John Bolton: Einst ein enger Weggef\u00e4hrte Trumps &#8211; nun ein scharfer Kritiker Bild: Sebastian Elias Uth\/Ritzau Scanpix\/picture alliance<\/p>\n<p>Der langj\u00e4hrige Diplomat, der als au\u00dfenpolitischer Hardliner gilt, war w\u00e4hrend Trumps erster Amtszeit als Pr\u00e4sident der Vereinigten Staaten zeitweise dessen Nationaler Sicherheitsberater. Nach rund eineinhalb Jahren im Amt trat Bolton im Streit mit Trump zur\u00fcck.<\/p>\n<p>Wadephul in der T\u00fcrkei<\/p>\n<p>Die <a class=\"internal-link\" href=\"https:\/\/www.dw.com\/de\/t\u00fcrkei\/t-17600264\" rel=\"nofollow noopener\" target=\"_blank\">T\u00fcrkei<\/a> ist in den internationalen Bem\u00fchungen um ein <a class=\"internal-link\" href=\"https:\/\/www.dw.com\/de\/israel-gaza-hamas-libanon-konflikt-krieg-hisbollah\/t-67035153\" rel=\"nofollow noopener\" target=\"_blank\">Ende des Kriegs im Gazastreifen<\/a> zu einem wichtigen Akteur geworden. Deutschlands Au\u00dfenminister <a class=\"internal-link\" href=\"https:\/\/www.dw.com\/de\/johann-wadephul\/t-72499400\" rel=\"nofollow noopener\" target=\"_blank\">Johann Wadephul<\/a>\u00a0wird an diesem Freitag in der Hauptstadt Ankara erwartet &#8211; vor dem Hintergrund der in <a class=\"internal-link\" href=\"https:\/\/www.dw.com\/de\/\u00e4gypten\/t-17281051\" rel=\"nofollow noopener\" target=\"_blank\">\u00c4gypten<\/a> vereinbarten Gaza-Waffenruhe zwischen Israel und der Terrororganisation <a class=\"internal-link\" href=\"https:\/\/www.dw.com\/de\/hamas\/t-17788236\" rel=\"nofollow noopener\" target=\"_blank\">Hamas<\/a>. Wadephul wird seinen Kollegen Hakan Fidan und weitere Vertreter der t\u00fcrkischen Regierung sprechen.<\/p>\n<p><img data-format=\"MASTER_LANDSCAPE\" data-id=\"74344050\" data-url=\"https:\/\/static.dw.com\/image\/74344050_${formatId}.jpg\" data-aspect-ratio=\"16\/9\" alt=\"Au\u00dfenminister Johann Wadephul\" style=\"padding-bottom: 56.25%; height: 0; max-height: 0;\"\/>Au\u00dfenminister Johann Wadephul: Au\u00dfenpolitisch gibt es gro\u00dfes Potenzial zur Zusammenarbeit mit der T\u00fcrkei Bild: Kira Hofmann\/AA\/IMAGO<\/p>\n<p>Nach Angaben des Ausw\u00e4rtigen Amts in Berlin geht es in den Beratungen um eine schnelle Verbesserung der humanit\u00e4ren Lage in dem Pal\u00e4stinensergebiet. Au\u00dferdem wollen die Politiker \u00fcber Einzelheiten des 20-Punkte-Friedensplans f\u00fcr Gaza von US-Pr\u00e4sident Donald Trump sprechen.<\/p>\n<p>Bundeswehr bleibt im Roten Meer pr\u00e4sent<\/p>\n<p>Die Bundeswehr beteiligt sich weiter an der EU-Mission ASPIDES im <a class=\"internal-link\" href=\"https:\/\/www.dw.com\/de\/brennpunkt-rotes-meer\/t-67960617\" rel=\"nofollow noopener\" target=\"_blank\">Roten Meer<\/a>, um dort Handelsschiffe vor Angriffen der extremistischen <a class=\"internal-link\" href=\"https:\/\/www.dw.com\/de\/huthi-miliz\/t-67764507\" rel=\"nofollow noopener\" target=\"_blank\">Huthi-Miliz<\/a> zu sch\u00fctzen. Der Deutsche Bundestag in Berlin verl\u00e4ngerte das Mandat f\u00fcr den Einsatz um ein Jahr. Das Rote Meer zwischen der Nordostk\u00fcste Afrikas und der Arabischen Halbinsel gilt als eine der wichtigsten Handelsrouten der Welt.<\/p>\n<p><img data-format=\"MASTER_LANDSCAPE\" data-id=\"69012547\" data-url=\"https:\/\/static.dw.com\/image\/69012547_${formatId}.jpg\" data-aspect-ratio=\"16\/9\" alt=\"Die Fregatte &quot;Hessen&quot;, davor und dahinter ein Schlepper \" style=\"padding-bottom: 56.25%; height: 0; max-height: 0;\"\/>Die Fregatte &#8222;Hessen&#8220; kehrt von einem Einsatz im Roten Meer zur\u00fcck (Archivbild) Bild: Bernhard Herrmann\/IMAGO<\/p>\n<p>Aus dem <a class=\"internal-link\" href=\"https:\/\/www.dw.com\/de\/jemen\/t-17289605\" rel=\"nofollow noopener\" target=\"_blank\">Jemen<\/a> heraus attackiert die schiitische Huthi-Miliz seit 2023 immer wieder vorbeifahrende Schiffe. Diese werden deshalb von internationalen Streitkr\u00e4ften wie der deutschen Marine eskortiert.<\/p>\n<p>Australischer Dschungel dient nicht mehr als CO2-Speicher<\/p>\n<p>Die tropischen <a class=\"internal-link\" href=\"https:\/\/www.dw.com\/de\/regenwald\/t-66489080\" rel=\"nofollow noopener\" target=\"_blank\">Regenw\u00e4lder<\/a> in <a class=\"internal-link\" href=\"https:\/\/www.dw.com\/de\/australien\/t-17532618\" rel=\"nofollow noopener\" target=\"_blank\">Australien<\/a> sind laut einer Studie die ersten, die infolge der Erderw\u00e4rmung mehr klimasch\u00e4dliches CO2 aussto\u00dfen, als sie absorbieren. Es handele sich um die erste Analyse, die dieses Muster bei unangetasteten nat\u00fcrlichen W\u00e4ldern zeige, sagte Studien-Co-Autor Patrick Meir der Nachrichtenagentur AFP. Er sprach von einem &#8222;besorgniserregenden&#8220; Befund.<\/p>\n<p><img data-format=\"MASTER_LANDSCAPE\" data-id=\"70174997\" data-url=\"https:\/\/static.dw.com\/image\/70174997_${formatId}.jpg\" data-aspect-ratio=\"16\/9\" alt=\"Blick auf den Jondalva-Promenadenweg im Daintree-Nationalpark\" style=\"padding-bottom: 56.25%; height: 0; max-height: 0;\"\/>Blick auf den Jondalva-Promenadenweg im Daintree-Nationalpark in Queensland, Australien Bild: picture alliance\/Zoonar<\/p>\n<p>Der Untersuchung zufolge lassen immer h\u00f6here Temperaturen in Australien viele B\u00e4ume absterben. Deren Verwesung setze bereits seit einem Vierteljahrhundert mehr CO2 frei, als durch das Wachsen neuer St\u00e4mme aus der Atmosph\u00e4re entnommen und gebunden werde. Hauptursache ist nach den Modellrechnungen der <a class=\"internal-link\" href=\"https:\/\/www.dw.com\/de\/klimawandel\/t-17477721\" rel=\"nofollow noopener\" target=\"_blank\">Klimawandel<\/a> mit vermehrt auftretenden D\u00fcrren.<\/p>\n<p>Spionage: Ex-Wachmann der US-Botschaft in Norwegen verurteilt<\/p>\n<p>Ein Gericht in <a class=\"internal-link\" href=\"https:\/\/www.dw.com\/de\/norwegen\/t-18029680\" rel=\"nofollow noopener\" target=\"_blank\">Norwegen<\/a> hat einen fr\u00fcheren Wachmann der US-Botschaft in Oslo wegen Agentent\u00e4tigkeit f\u00fcr <a class=\"internal-link\" href=\"https:\/\/www.dw.com\/de\/russland\/t-17284476\" rel=\"nofollow noopener\" target=\"_blank\">Russland<\/a> und den <a class=\"internal-link\" href=\"https:\/\/www.dw.com\/de\/iran\/t-17281594\" rel=\"nofollow noopener\" target=\"_blank\">Iran<\/a> zu mehr als drei Jahren Haft verurteilt. Er wurde f\u00fcr schuldig befunden, Grundrisse, pers\u00f6nliche Daten von Botschaftsmitarbeitern und deren Familien sowie Informationen \u00fcber Aktivit\u00e4ten in der Botschaft weitergegeben zu haben.<\/p>\n<p>Dem 28-j\u00e4hrigen Norweger sei bewusst gewesen, dass dies &#8222;den Sicherheitsinteressen der USA schaden k\u00f6nnte&#8220;, stellte das Gericht fest. Der Mann hatte die Weiterleitung der Informationen gestanden und erkl\u00e4rt, er habe aus Protest gegen die Vereinigten Staaten gehandelt &#8211; wegen deren Unterst\u00fctzung f\u00fcr Israel im Krieg gegen die Hamas im Gazastreifen.<\/p>\n<p>Journalisten verweigern sich Regeln des US-Verteidigungsministeriums\u00a0<\/p>\n<p>Aus Protest gegen neue Vorgaben hat das Pressekorps im US-Pentagon das Ministerium fast vollst\u00e4ndig verlassen. Lediglich der regierungsfreundliche Sender One America News akzeptierte den Regelkatalog. Seine Mitarbeiter haben damit weiterhin Zugang zu Arbeitspl\u00e4tzen in der Beh\u00f6rde. Der den Republikanern nahestehende Sender Fox News weigerte sich dagegen ebenso wie andere bekannte Medien, die Vorgaben zu unterzeichnen.<\/p>\n<p><img data-format=\"MASTER_LANDSCAPE\" data-id=\"74393580\" data-url=\"https:\/\/static.dw.com\/image\/74393580_${formatId}.jpg\" data-aspect-ratio=\"16\/9\" alt=\"Schilder mit den Namen verschiedener Medien liegen auf dem Boden \" style=\"padding-bottom: 56.25%; height: 0; max-height: 0;\"\/>Journalisten r\u00e4umen den Pressebereich im Verteidigungsministerium Bild: Kevin Wolf\/AP Photo\/picture alliance<\/p>\n<p>Nach den neuen Vorschriften kann Reportern die Akkreditierung entzogen werden, wenn sie ohne Genehmigung des Verteidigungsministeriums Informationen ver\u00f6ffentlichen &#8211; selbst dann, wenn diese nicht als geheim eingestuft wurden. CNN und weitere Sender kritisierten, die neuen Regeln schr\u00e4nkten die M\u00f6glichkeiten ein, \u00fcber &#8222;wichtige Fragen der nationalen Sicherheit&#8220; zu berichten.<\/p>\n<p>se\/pgr\/jj (dpa, afp, rtr, ap, kna, epd)<\/p>\n<p>Dieser Artikel wurde um 9.00\u00a0Uhr (MESZ) erstellt und wird nicht weiter aktualisiert.<\/p>\n","protected":false},"excerpt":{"rendered":"US-Pr\u00e4sident Donald Trump empf\u00e4ngt an diesem Freitag den ukrainischen Staatschef Wolodymyr Selenskyj im Wei\u00dfen Haus in Washington. Ein&hellip;\n","protected":false},"author":2,"featured_media":505261,"comment_status":"","ping_status":"","sticky":false,"template":"","format":"standard","meta":{"footnotes":""},"categories":[4012],"tags":[331,332,13,14,15,12,317],"class_list":{"0":"post-505260","1":"post","2":"type-post","3":"status-publish","4":"format-standard","5":"has-post-thumbnail","7":"category-ukraine","8":"tag-aktuelle-nachrichten","9":"tag-aktuelle-news","10":"tag-headlines","11":"tag-nachrichten","12":"tag-news","13":"tag-schlagzeilen","14":"tag-ukraine"},"share_on_mastodon":{"url":"https:\/\/pubeurope.com\/@de\/115388374247590015","error":""},"_links":{"self":[{"href":"https:\/\/www.europesays.com\/de\/wp-json\/wp\/v2\/posts\/505260","targetHints":{"allow":["GET"]}}],"collection":[{"href":"https:\/\/www.europesays.com\/de\/wp-json\/wp\/v2\/posts"}],"about":[{"href":"https:\/\/www.europesays.com\/de\/wp-json\/wp\/v2\/types\/post"}],"author":[{"embeddable":true,"href":"https:\/\/www.europesays.com\/de\/wp-json\/wp\/v2\/users\/2"}],"replies":[{"embeddable":true,"href":"https:\/\/www.europesays.com\/de\/wp-json\/wp\/v2\/comments?post=505260"}],"version-history":[{"count":0,"href":"https:\/\/www.europesays.com\/de\/wp-json\/wp\/v2\/posts\/505260\/revisions"}],"wp:featuredmedia":[{"embeddable":true,"href":"https:\/\/www.europesays.com\/de\/wp-json\/wp\/v2\/media\/505261"}],"wp:attachment":[{"href":"https:\/\/www.europesays.com\/de\/wp-json\/wp\/v2\/media?parent=505260"}],"wp:term":[{"taxonomy":"category","embeddable":true,"href":"https:\/\/www.europesays.com\/de\/wp-json\/wp\/v2\/categories?post=505260"},{"taxonomy":"post_tag","embeddable":true,"href":"https:\/\/www.europesays.com\/de\/wp-json\/wp\/v2\/tags?post=505260"}],"curies":[{"name":"wp","href":"https:\/\/api.w.org\/{rel}","templated":true}]}}