{"id":505310,"date":"2025-10-17T08:07:12","date_gmt":"2025-10-17T08:07:12","guid":{"rendered":"https:\/\/www.europesays.com\/de\/505310\/"},"modified":"2025-10-17T08:07:12","modified_gmt":"2025-10-17T08:07:12","slug":"kulturbahnhof-eller-zeigt-bilder-von-albert-fuerst","status":"publish","type":"post","link":"https:\/\/www.europesays.com\/de\/505310\/","title":{"rendered":"Kulturbahnhof Eller zeigt Bilder von Albert F\u00fcrst\u00a0"},"content":{"rendered":"<p class=\"richtext text-em-55 !leading-serif mx-6 desktop:mx-0\">Der D\u00fcsseldorfer K\u00fcnstler Albert F\u00fcrst (1920 bis 2014) ist ein Urgestein des deutschen Informel. Er war Mitglied der wichtigen rheinischen K\u00fcnstler-\u201eGruppe 53\u201c, zu der Peter Br\u00fcning, Karl Fred Dahmen, Winfried Gaul, Herbert G\u00f6tzinger und Gerhard Hoehme geh\u00f6rten. In den Jahren 1956 und 1957 war er Leiter der Gruppe. Er vertrat diese Haltung aber nicht nur im Freiheitsdrang der 1950er Jahre. Auch sein Sp\u00e4twerk rankt und entwickelte sich \u201eaus dem Zufall, der von innen kommt\u201c.<\/p>\n","protected":false},"excerpt":{"rendered":"Der D\u00fcsseldorfer K\u00fcnstler Albert F\u00fcrst (1920 bis 2014) ist ein Urgestein des deutschen Informel. Er war Mitglied der&hellip;\n","protected":false},"author":2,"featured_media":505311,"comment_status":"","ping_status":"","sticky":false,"template":"","format":"standard","meta":{"footnotes":""},"categories":[1831],"tags":[126157,2076,3364,29,3405,6043,68113,30,126158,42998,3910,4815,62677,34610,1209,126159,10434],"class_list":{"0":"post-505310","1":"post","2":"type-post","3":"status-publish","4":"format-standard","5":"has-post-thumbnail","7":"category-duesseldorf","8":"tag-albert-fuerst","9":"tag-ausstellung","10":"tag-de","11":"tag-deutschland","12":"tag-duesseldorf","13":"tag-eller","14":"tag-fruehe","15":"tag-germany","16":"tag-informel","17":"tag-kulturbahnhof","18":"tag-kuenstler","19":"tag-kuenstlerinnen","20":"tag-kuenstlervereins","21":"tag-malkasten","22":"tag-nordrhein-westfalen","23":"tag-urgestein","24":"tag-verein"},"share_on_mastodon":{"url":"https:\/\/pubeurope.com\/@de\/115388484509789059","error":""},"_links":{"self":[{"href":"https:\/\/www.europesays.com\/de\/wp-json\/wp\/v2\/posts\/505310","targetHints":{"allow":["GET"]}}],"collection":[{"href":"https:\/\/www.europesays.com\/de\/wp-json\/wp\/v2\/posts"}],"about":[{"href":"https:\/\/www.europesays.com\/de\/wp-json\/wp\/v2\/types\/post"}],"author":[{"embeddable":true,"href":"https:\/\/www.europesays.com\/de\/wp-json\/wp\/v2\/users\/2"}],"replies":[{"embeddable":true,"href":"https:\/\/www.europesays.com\/de\/wp-json\/wp\/v2\/comments?post=505310"}],"version-history":[{"count":0,"href":"https:\/\/www.europesays.com\/de\/wp-json\/wp\/v2\/posts\/505310\/revisions"}],"wp:featuredmedia":[{"embeddable":true,"href":"https:\/\/www.europesays.com\/de\/wp-json\/wp\/v2\/media\/505311"}],"wp:attachment":[{"href":"https:\/\/www.europesays.com\/de\/wp-json\/wp\/v2\/media?parent=505310"}],"wp:term":[{"taxonomy":"category","embeddable":true,"href":"https:\/\/www.europesays.com\/de\/wp-json\/wp\/v2\/categories?post=505310"},{"taxonomy":"post_tag","embeddable":true,"href":"https:\/\/www.europesays.com\/de\/wp-json\/wp\/v2\/tags?post=505310"}],"curies":[{"name":"wp","href":"https:\/\/api.w.org\/{rel}","templated":true}]}}