{"id":505314,"date":"2025-10-17T08:09:11","date_gmt":"2025-10-17T08:09:11","guid":{"rendered":"https:\/\/www.europesays.com\/de\/505314\/"},"modified":"2025-10-17T08:09:11","modified_gmt":"2025-10-17T08:09:11","slug":"stuttgart-wolfsburg-und-koeln-buhlen-um-youngstar","status":"publish","type":"post","link":"https:\/\/www.europesays.com\/de\/505314\/","title":{"rendered":"Stuttgart, Wolfsburg und K\u00f6ln buhlen um Youngstar\u00a0"},"content":{"rendered":"<p>ereits in Januar k\u00f6nnte ein polnisches Talent in die Bundesliga wechseln. Mit dem <a href=\"https:\/\/www.fussballdaten.de\/vereine\/vfb-stuttgart\/2026\/\" title=\"Profil von VfB Stuttgart\" target=\"_blank\" rel=\"noopener\">VfB Stuttgart<\/a>, dem <a href=\"https:\/\/www.fussballdaten.de\/vereine\/vfl-wolfsburg\/2026\/\" title=\"Profil von VfL Wolfsburg\" target=\"_blank\" rel=\"noopener\">VfL Wolfsburg<\/a> und dem <a href=\"https:\/\/www.fussballdaten.de\/vereine\/1-fc-koeln\/2026\/\" title=\"Profil von 1. FC K\u00f6ln\" target=\"_blank\" rel=\"noopener\">1. FC K\u00f6ln<\/a> sollen gleich zwei Traditionsvereine aus der h\u00f6chsten deutschen Spielklasse Interesse an einem Mittelfeldspieler haben.\u00a0<\/p>\n<p>Stuttgart, Wolfsburg und K\u00f6ln buhlen um Youngstar\u00a0<\/p>\n<p class=\"mb20 mt30\">Wie der f\u00fcr gew\u00f6hnlich gut informierte Sportjournalist Rudy Galetti aus Italien berichtet, sollen mit dem VfB Stuttgart, dem VfL Wolfsburg und dem 1. FC K\u00f6ln drei Klubs aus der Bundesliga Interesse an Kuba Nawrocki von <a href=\"https:\/\/www.fussballdaten.de\/vereine\/widzew-lodz\/2026\/\" title=\"Profil von Widzew Lodz\" target=\"_blank\" rel=\"noopener\">Widzew Lodz<\/a> haben. Auch der <a href=\"https:\/\/www.fussballdaten.de\/vereine\/ac-florenz\/2026\/\" title=\"Profil von AC Florenz\" target=\"_blank\" rel=\"noopener\">AC Florenz<\/a>, <a href=\"https:\/\/www.fussballdaten.de\/vereine\/us-cremonese\/2026\/\" title=\"Profil von US Cremonese\" target=\"_blank\" rel=\"noopener\">Cremonese<\/a> und <a href=\"https:\/\/www.fussballdaten.de\/vereine\/us-sassuolo-calcio\/2026\/\" title=\"Profil von US Sassuolo Calcio\" target=\"_blank\" rel=\"noopener\">Sassuolo<\/a> aus Italien sollen den jungen defensiven Mittelfeldspieler auf dem Zettel haben. Bislang kam der Pole allerdings nur f\u00fcr die zweite Mannschaft seines Klubs zum Einsatz. Dort stand er zehn Mal auf dem Platz. In seiner Zeit auf dem Feld schaffte er es zwei Tore und drei Vorlagen zu erzielen. Auch wenn ihm ein Einsatz in der polnischen ersten Liga bislang verg\u00f6nnt blieb, trainiert er regelm\u00e4\u00dfig mit der ersten Mannschaft seines Vereins.\u00a0<\/p>\n<p class=\"mb20 mt30\">Ein Wechsel im Januar scheint m\u00f6glich zu sein. Allerdings nur unter einer bestimmten Voraussetzung. Diese ist, dass Kuba Nawrocki permanent wechselt. Eine Leihe kommt f\u00fcr Widzew Lodz demnach nicht in Frage.\u00a0<\/p>\n","protected":false},"excerpt":{"rendered":"ereits in Januar k\u00f6nnte ein polnisches Talent in die Bundesliga wechseln. Mit dem VfB Stuttgart, dem VfL Wolfsburg&hellip;\n","protected":false},"author":2,"featured_media":505315,"comment_status":"","ping_status":"","sticky":false,"template":"","format":"standard","meta":{"footnotes":""},"categories":[1830],"tags":[1634,126164,299,3364,29,7847,347,30,1420,1441,605,126165],"class_list":{"0":"post-505314","1":"post","2":"type-post","3":"status-publish","4":"format-standard","5":"has-post-thumbnail","7":"category-stuttgart","8":"tag-baden-wuerttemberg","9":"tag-buhlen","10":"tag-bundesliga","11":"tag-de","12":"tag-deutschland","13":"tag-football","14":"tag-fussball","15":"tag-germany","16":"tag-koeln","17":"tag-stuttgart","18":"tag-wolfsburg","19":"tag-youngstar"},"share_on_mastodon":{"url":"https:\/\/pubeurope.com\/@de\/115388492306308416","error":""},"_links":{"self":[{"href":"https:\/\/www.europesays.com\/de\/wp-json\/wp\/v2\/posts\/505314","targetHints":{"allow":["GET"]}}],"collection":[{"href":"https:\/\/www.europesays.com\/de\/wp-json\/wp\/v2\/posts"}],"about":[{"href":"https:\/\/www.europesays.com\/de\/wp-json\/wp\/v2\/types\/post"}],"author":[{"embeddable":true,"href":"https:\/\/www.europesays.com\/de\/wp-json\/wp\/v2\/users\/2"}],"replies":[{"embeddable":true,"href":"https:\/\/www.europesays.com\/de\/wp-json\/wp\/v2\/comments?post=505314"}],"version-history":[{"count":0,"href":"https:\/\/www.europesays.com\/de\/wp-json\/wp\/v2\/posts\/505314\/revisions"}],"wp:featuredmedia":[{"embeddable":true,"href":"https:\/\/www.europesays.com\/de\/wp-json\/wp\/v2\/media\/505315"}],"wp:attachment":[{"href":"https:\/\/www.europesays.com\/de\/wp-json\/wp\/v2\/media?parent=505314"}],"wp:term":[{"taxonomy":"category","embeddable":true,"href":"https:\/\/www.europesays.com\/de\/wp-json\/wp\/v2\/categories?post=505314"},{"taxonomy":"post_tag","embeddable":true,"href":"https:\/\/www.europesays.com\/de\/wp-json\/wp\/v2\/tags?post=505314"}],"curies":[{"name":"wp","href":"https:\/\/api.w.org\/{rel}","templated":true}]}}