{"id":505316,"date":"2025-10-17T08:10:14","date_gmt":"2025-10-17T08:10:14","guid":{"rendered":"https:\/\/www.europesays.com\/de\/505316\/"},"modified":"2025-10-17T08:10:14","modified_gmt":"2025-10-17T08:10:14","slug":"unfall-zwischen-eschborn-und-frankfurt-18-jaehriger-schwer-verletzt","status":"publish","type":"post","link":"https:\/\/www.europesays.com\/de\/505316\/","title":{"rendered":"Unfall zwischen Eschborn und Frankfurt \u2013 18-J\u00e4hriger schwer verletzt"},"content":{"rendered":"<p>\u00dcber Erdwall geschanzt <\/p>\n<p>Auto hebt ab: 18-J\u00e4hriger bei Unfall schwer verletzt<\/p>\n<p>17.10.2025 &#8211; 09:15 UhrLesedauer: 1 Min.<\/p>\n<p><a href=\"#focus-0\" class=\"transition-colors duration-200 block text-current relative\" data-sctrack=\"FocusGalleryImage.Reference\"><img fetchpriority=\"high\" data-testid=\"Opener.Image\" style=\"--lqipURL:url('https:\/\/images.t-online.de\/2025\/10\/LUeLbmK2-PeP\/0x313:3000x1687\/fit-in\/150x0\/filters:blur(25)\/der-voellig-zerstoerte-golf-zur-rekonstruktion-des-unfalls-wurde-ein-gutachter-herangezogen.jpg')\"   loading=\"eager\" src=\"https:\/\/www.europesays.com\/de\/wp-content\/uploads\/2025\/10\/der-voellig-zerstoerte-golf-zur-rekonstruktion-des-unfalls-wurde-ein-gutachter-herangezogen.jpg\" alt=\"Der v\u00f6llig zerst\u00f6rte Golf: Zur Rekonstruktion des Unfalls wurde ein Gutachter herangezogen.\" title=\"Der v\u00f6llig zerst\u00f6rte Golf: Zur Rekonstruktion des Unfalls wurde ein Gutachter herangezogen.\" width=\"3000\" height=\"1687\" class=\"bg-[url:var(--lqipURL)] bg-cover bg-center flex h-full w-full max-w-full\" decoding=\"async\"\/><img style=\"--width:32;--height:32\" loading=\"lazy\" src=\"https:\/\/frankfurt.t-online.de\/s\/paper\/_next\/static\/media\/zoom-in.f7dae02f.svg\" alt=\"Vergr\u00f6\u00dfern des Bildes\" title=\"Vergr\u00f6\u00dfern des Bildes\" class=\"block h-[calc(var(--height)_\/_16_*_1rem)] w-[calc(var(--width)_\/_16_*_1rem)] max-w-none absolute bottom-8 right-8 rounded-4 bg-snow p-8\" decoding=\"async\"\/><\/a><\/p>\n<p>Der v\u00f6llig zerst\u00f6rte Golf: Zur Rekonstruktion des Unfalls wurde ein Gutachter herangezogen. (Quelle: 5VISION.NEWS\/Tobias Rehbein)<\/p>\n<p class=\"font-bold text-18 leading-17\">Ein junger Autofahrer verliert auf der Strecke zwischen Eschborn und Frankfurt die Kontrolle \u00fcber seinen Wagen. Das hat fatale Folgen.<\/p>\n<p class=\"text-18 leading-17\">Bei einem spektakul\u00e4ren Unfall auf der Landesstra\u00dfe 3005 zwischen Eschborn und Frankfurt ist am sp\u00e4ten Donnerstagabend ein Autofahrer schwer verletzt worden. Laut einem Reporter vor Ort hatte der 18-J\u00e4hrige die Kontrolle \u00fcber seinen VW Golf verloren und war in der Folge \u00fcber einen Erdwall geschanzt.<\/p>\n<p class=\"text-18 leading-17\">Eine Polizeisprecherin erkl\u00e4rte auf Nachfrage, das Auto habe den Bodenkontakt verloren und in der Folge eine tieferliegende Zufahrt zur L3005 in Fahrtrichtung Frankfurt \u00fcberflogen. Bilder von der Unfallstelle zeigen den v\u00f6llig zerst\u00f6rten Golf mit herausgerissenem Motorblock in einem Gr\u00fcnstreifen liegend.<\/p>\n<p class=\"text-18 leading-17\">Der schwer verletzte Fahrer wurde von der Feuerwehr aus seinem Auto befreit und anschlie\u00dfend in ein Krankenhaus gebracht. Lebensgefahr bestand laut der Polizeisprecherin nicht. Um den genauen Unfallhergang zu rekonstruieren, wurde von der Frankfurter Staatsanwaltschaft ein Gutachter beauftragt.<\/p>\n","protected":false},"excerpt":{"rendered":"\u00dcber Erdwall geschanzt Auto hebt ab: 18-J\u00e4hriger bei Unfall schwer verletzt 17.10.2025 &#8211; 09:15 UhrLesedauer: 1 Min. Der&hellip;\n","protected":false},"author":2,"featured_media":505317,"comment_status":"","ping_status":"","sticky":false,"template":"","format":"standard","meta":{"footnotes":""},"categories":[1829],"tags":[513,29,106103,2050,2051,30,2052,1284],"class_list":{"0":"post-505316","1":"post","2":"type-post","3":"status-publish","4":"format-standard","5":"has-post-thumbnail","7":"category-frankfurt-am-main","8":"tag-auto","9":"tag-deutschland","10":"tag-eschborn","11":"tag-frankfurt","12":"tag-frankfurt-am-main","13":"tag-germany","14":"tag-hessen","15":"tag-unfall"},"share_on_mastodon":{"url":"https:\/\/pubeurope.com\/@de\/115388496928574664","error":""},"_links":{"self":[{"href":"https:\/\/www.europesays.com\/de\/wp-json\/wp\/v2\/posts\/505316","targetHints":{"allow":["GET"]}}],"collection":[{"href":"https:\/\/www.europesays.com\/de\/wp-json\/wp\/v2\/posts"}],"about":[{"href":"https:\/\/www.europesays.com\/de\/wp-json\/wp\/v2\/types\/post"}],"author":[{"embeddable":true,"href":"https:\/\/www.europesays.com\/de\/wp-json\/wp\/v2\/users\/2"}],"replies":[{"embeddable":true,"href":"https:\/\/www.europesays.com\/de\/wp-json\/wp\/v2\/comments?post=505316"}],"version-history":[{"count":0,"href":"https:\/\/www.europesays.com\/de\/wp-json\/wp\/v2\/posts\/505316\/revisions"}],"wp:featuredmedia":[{"embeddable":true,"href":"https:\/\/www.europesays.com\/de\/wp-json\/wp\/v2\/media\/505317"}],"wp:attachment":[{"href":"https:\/\/www.europesays.com\/de\/wp-json\/wp\/v2\/media?parent=505316"}],"wp:term":[{"taxonomy":"category","embeddable":true,"href":"https:\/\/www.europesays.com\/de\/wp-json\/wp\/v2\/categories?post=505316"},{"taxonomy":"post_tag","embeddable":true,"href":"https:\/\/www.europesays.com\/de\/wp-json\/wp\/v2\/tags?post=505316"}],"curies":[{"name":"wp","href":"https:\/\/api.w.org\/{rel}","templated":true}]}}