{"id":505330,"date":"2025-10-17T08:17:20","date_gmt":"2025-10-17T08:17:20","guid":{"rendered":"https:\/\/www.europesays.com\/de\/505330\/"},"modified":"2025-10-17T08:17:20","modified_gmt":"2025-10-17T08:17:20","slug":"hamburg-schleswig-holstein-radfahrer-nach-unfall-in-lebensgefahr","status":"publish","type":"post","link":"https:\/\/www.europesays.com\/de\/505330\/","title":{"rendered":"Hamburg &#038; Schleswig-Holstein: Radfahrer nach Unfall in Lebensgefahr"},"content":{"rendered":"<p>                    Hamburg &amp; Schleswig-Holstein<br \/>\n                Radfahrer nach Unfall in Lebensgefahr<\/p>\n<p>\t\t\t\t              17.10.2025, 10:00 Uhr<\/p>\n<p><strong>In Hamburg-Langenhorn ist ein Radfahrer bei einem Zusammensto\u00df mit einem Auto lebensgef\u00e4hrlich verletzt worden. Die Polizei sperrt die Langenhorner Chaussee.<\/strong><\/p>\n<p>Hamburg (dpa\/lno) &#8211; Ein Radfahrer ist bei einem Unfall in Hamburg-Langenhorn am fr\u00fchen Morgen lebensgef\u00e4hrlich verletzt worden. Es sei zu einem Zusammensto\u00df zwischen dem Radfahrer und einem Auto gekommen, sagte ein Polizeisprecher. Details etwa zum Unfallhergang waren zun\u00e4chst nicht bekannt. Wegen des Unfalls ist die Langenhorner Chaussee zwischen Stockflethweg und Am Ochsenzoll gesperrt.<\/p>\n","protected":false},"excerpt":{"rendered":"Hamburg &amp; Schleswig-Holstein Radfahrer nach Unfall in Lebensgefahr 17.10.2025, 10:00 Uhr In Hamburg-Langenhorn ist ein Radfahrer bei einem&hellip;\n","protected":false},"author":2,"featured_media":505331,"comment_status":"","ping_status":"","sticky":false,"template":"","format":"standard","meta":{"footnotes":""},"categories":[1826],"tags":[29,30,692,5517,2465,1971,1284],"class_list":{"0":"post-505330","1":"post","2":"type-post","3":"status-publish","4":"format-standard","5":"has-post-thumbnail","7":"category-hamburg","8":"tag-deutschland","9":"tag-germany","10":"tag-hamburg","11":"tag-lebensgefahr","12":"tag-radfahrer","13":"tag-schleswig-holstein","14":"tag-unfall"},"share_on_mastodon":{"url":"https:\/\/pubeurope.com\/@de\/115388523724528672","error":""},"_links":{"self":[{"href":"https:\/\/www.europesays.com\/de\/wp-json\/wp\/v2\/posts\/505330","targetHints":{"allow":["GET"]}}],"collection":[{"href":"https:\/\/www.europesays.com\/de\/wp-json\/wp\/v2\/posts"}],"about":[{"href":"https:\/\/www.europesays.com\/de\/wp-json\/wp\/v2\/types\/post"}],"author":[{"embeddable":true,"href":"https:\/\/www.europesays.com\/de\/wp-json\/wp\/v2\/users\/2"}],"replies":[{"embeddable":true,"href":"https:\/\/www.europesays.com\/de\/wp-json\/wp\/v2\/comments?post=505330"}],"version-history":[{"count":0,"href":"https:\/\/www.europesays.com\/de\/wp-json\/wp\/v2\/posts\/505330\/revisions"}],"wp:featuredmedia":[{"embeddable":true,"href":"https:\/\/www.europesays.com\/de\/wp-json\/wp\/v2\/media\/505331"}],"wp:attachment":[{"href":"https:\/\/www.europesays.com\/de\/wp-json\/wp\/v2\/media?parent=505330"}],"wp:term":[{"taxonomy":"category","embeddable":true,"href":"https:\/\/www.europesays.com\/de\/wp-json\/wp\/v2\/categories?post=505330"},{"taxonomy":"post_tag","embeddable":true,"href":"https:\/\/www.europesays.com\/de\/wp-json\/wp\/v2\/tags?post=505330"}],"curies":[{"name":"wp","href":"https:\/\/api.w.org\/{rel}","templated":true}]}}