{"id":505350,"date":"2025-10-17T08:28:11","date_gmt":"2025-10-17T08:28:11","guid":{"rendered":"https:\/\/www.europesays.com\/de\/505350\/"},"modified":"2025-10-17T08:28:11","modified_gmt":"2025-10-17T08:28:11","slug":"star-verraet-wie-die-serie-gerettet-wurde","status":"publish","type":"post","link":"https:\/\/www.europesays.com\/de\/505350\/","title":{"rendered":"Star verr\u00e4t, wie die Serie gerettet wurde"},"content":{"rendered":"<p>Karin Thaler, seit der ersten Folge als Marie Hofer dabei, erinnert sich im Gespr\u00e4ch mit der\u00a0&#8222;<a href=\"https:\/\/www.abendzeitung-muenchen.de\/promis\/die-rosenheim-cops-kurz-vor-absetzung-was-karin-thaler-jetzt-verraet-art-1086810\" rel=\"nofollow noopener\" target=\"_blank\">Abendzeitung M\u00fcnchen<\/a>&#8220; an eine kritische Phase in der Seriengeschichte. &#8222;Unser Produzent Alexander Ollig hat die Serie damals gerettet, indem er immer wieder vorab die Besetzung durchwechseln lie\u00df. Damit konnten sich die Zuschauer daran gew\u00f6hnen&#8220;, erz\u00e4hlt Thaler.<\/p>\n<p>Der <a href=\"https:\/\/www.tvspielfilm.de\/news\/tv\/joseph-hannesschlaeger-57-rosenheim-cop-star-verstorben,10052343,ApplicationArticle.html\" title=\"Joseph Hannesschl\u00e4ger (\u202057): &quot;Rosenheim-Cop&quot;-Star verstorben\" rel=\"nofollow noopener\" target=\"_blank\">pl\u00f6tzliche Tod von Joseph Hannesschl\u00e4ger (\u202057)<\/a>, der bis 2020 als Kommissar Korbinian Hofer eine zentrale Figur verk\u00f6rperte, habe das Team damals vor gro\u00dfe Herausforderungen gestellt. &#8222;Aufgrund seiner Krankheit musste schnell eine L\u00f6sung gefunden werden&#8220;, so Thaler. Der flexible Umgang mit neuen Figuren und wechselnden Ermittler-Duos habe letztlich daf\u00fcr gesorgt, dass die Serie ihren Platz im ZDF-Programm behalten konnte.<\/p>\n<p>Jetzt steht ein weiterer Einschnitt bevor: <a href=\"https:\/\/www.tvspielfilm.de\/news\/tv\/rosenheim-cops-fans-empoert-ueber-ausstieg-von-frau-stockl-bitte-beendet-die-serie,12723348,ApplicationArticle.html\" title=\"Fans emp\u00f6rt \u00fcber Ausstieg von Frau Stockl\" rel=\"nofollow noopener\" target=\"_blank\">Urgestein Marisa Burger verl\u00e4sst in der laufenden Staffel &#8222;Die Rosenheim-Cops&#8220;<\/a>. Das Sekretariat der Ermittler managt dann ein den Fans der Serie bereits bekanntes Gesicht.<\/p>\n<p>Thaler selbst denkt nicht an den Ausstieg. Sie sch\u00e4tzt die Konstanz, die\u00a0&#8222;Die Rosenheim-Cops&#8220; auszeichnet.\u00a0&#8222;Das ist aber genau das, was unsere Fans an der Serie lieben: diese Best\u00e4ndigkeit&#8220;, betont sie.<\/p>\n","protected":false},"excerpt":{"rendered":"Karin Thaler, seit der ersten Folge als Marie Hofer dabei, erinnert sich im Gespr\u00e4ch mit der\u00a0&#8222;Abendzeitung M\u00fcnchen&#8220; an&hellip;\n","protected":false},"author":2,"featured_media":505351,"comment_status":"","ping_status":"","sticky":false,"template":"","format":"standard","meta":{"footnotes":""},"categories":[1773],"tags":[7576,29,214,13795,30,120755,13792,15095,13794,1806,471,1780,215],"class_list":{"0":"post-505350","1":"post","2":"type-post","3":"status-publish","4":"format-standard","5":"has-post-thumbnail","7":"category-serien","8":"tag-abschied","9":"tag-deutschland","10":"tag-entertainment","11":"tag-frau-stockl","12":"tag-germany","13":"tag-karin-thaler","14":"tag-marisa-burger","15":"tag-rettung","16":"tag-rosenheim-cops","17":"tag-serie","18":"tag-serien","19":"tag-series","20":"tag-unterhaltung"},"share_on_mastodon":{"url":"https:\/\/pubeurope.com\/@de\/115388567208950001","error":""},"_links":{"self":[{"href":"https:\/\/www.europesays.com\/de\/wp-json\/wp\/v2\/posts\/505350","targetHints":{"allow":["GET"]}}],"collection":[{"href":"https:\/\/www.europesays.com\/de\/wp-json\/wp\/v2\/posts"}],"about":[{"href":"https:\/\/www.europesays.com\/de\/wp-json\/wp\/v2\/types\/post"}],"author":[{"embeddable":true,"href":"https:\/\/www.europesays.com\/de\/wp-json\/wp\/v2\/users\/2"}],"replies":[{"embeddable":true,"href":"https:\/\/www.europesays.com\/de\/wp-json\/wp\/v2\/comments?post=505350"}],"version-history":[{"count":0,"href":"https:\/\/www.europesays.com\/de\/wp-json\/wp\/v2\/posts\/505350\/revisions"}],"wp:featuredmedia":[{"embeddable":true,"href":"https:\/\/www.europesays.com\/de\/wp-json\/wp\/v2\/media\/505351"}],"wp:attachment":[{"href":"https:\/\/www.europesays.com\/de\/wp-json\/wp\/v2\/media?parent=505350"}],"wp:term":[{"taxonomy":"category","embeddable":true,"href":"https:\/\/www.europesays.com\/de\/wp-json\/wp\/v2\/categories?post=505350"},{"taxonomy":"post_tag","embeddable":true,"href":"https:\/\/www.europesays.com\/de\/wp-json\/wp\/v2\/tags?post=505350"}],"curies":[{"name":"wp","href":"https:\/\/api.w.org\/{rel}","templated":true}]}}