{"id":505370,"date":"2025-10-17T08:39:10","date_gmt":"2025-10-17T08:39:10","guid":{"rendered":"https:\/\/www.europesays.com\/de\/505370\/"},"modified":"2025-10-17T08:39:10","modified_gmt":"2025-10-17T08:39:10","slug":"halle-als-krimi-schauplatz-neues-buch-von-puppentheater-intendant-werner","status":"publish","type":"post","link":"https:\/\/www.europesays.com\/de\/505370\/","title":{"rendered":"Halle als Krimi-Schauplatz: Neues Buch von Puppentheater-Intendant Werner"},"content":{"rendered":"<p class=\"text\">\n<a name=\"S\"><strong>S<\/strong><\/a><strong>ie haben mal gepostet: Endlich ein Halle-Krimi! Wenn das Stephan Ludwig, der Autor der erfolgreichen &#8222;Zorn&#8220;-Reihe, liest, ob der sich freut? Wollen Sie in seine Fu\u00dfstapfen treten?<\/strong>\n<\/p>\n<p class=\"text\">\nIch habe Stephan Ludwig mal getroffen und ihn gefragt, da hatte ich an dem Roman schon geschrieben, wie er es gemacht hat, dass er so ber\u00fchmt geworden ist. Das hat er mir dann erz\u00e4hlt. Und zum Schluss hat er gesagt: Gott sei Dank habe ich keinen Regionalkrimi geschrieben. Ich sage: Wieso, der spielt doch in Halle? \u2013 Er: Nein! Der spielt nicht in Halle, der spielt in einer Stadt wie Halle, aber nicht in ihr. Darauf hat er ganz gro\u00dfen Wert gelegt.\n<\/p>\n<p class=\"text\">\nUnd das fand ich so witzig, weil ich neben ihm stand und mir nicht traute, zu sagen, dass ich gerade einen Regionalkrimi geschrieben habe. Das ist ein Spa\u00df nat\u00fcrlich, die &#8222;Zorn&#8220;-Reihe spielt ja in einer anderen Liga, er landet mit jedem Buch auf der Bestsellerliste, der lacht doch.\n<\/p>\n<p class=\"text\">\n<a name=\"I\"><strong>I<\/strong><\/a><strong>m Hauptjob sind Sie Theatermacher \u2013 wie viel Theaterschreibe ist in diesem Krimi?<\/strong>\n<\/p>\n<p class=\"text\">\nOffenbar mehr, als ich selber denke, das sagt jedenfalls der Verlag. Es gibt viel w\u00f6rtliche Rede, das stimmt schon.\n<\/p>\n<p class=\"text\">\n<strong>Das hei\u00dft, Dialoge k\u00f6nnen Sie gut?<\/strong>\n<\/p>\n<p class=\"text\">\nJa, Dialoge gehen doppelt so schnell beim Schreiben wie alles andere, das ist einfach so. Und ich bin eine Nachteule, ich schreibe nachts. Vor eins brauche ich nicht ins Bett zu gehen. Und klar, ich schreibe mittlerweile tats\u00e4chlich nebenbei. Fr\u00fcher war das immer so ein heiliger Akt: Ich gehe dann und dann, in der Zeit bitte nicht anrufen. Das ist alles vorbei. Ich sitze in meinem Zimmer und meine Frau sagt: Kannst du mal den M\u00fcll runterbringen, dann stehe ich auf und bring den M\u00fcll runter, geh wieder zur\u00fcck und schreibe weiter.\n<\/p>\n<p>\nAnmerkung: Das Interview wurde leicht gek\u00fcrzt\u00a0und f\u00fcr eine bessere Verst\u00e4ndlichkeit redaktionell bearbeitet.<\/p>\n","protected":false},"excerpt":{"rendered":"Sie haben mal gepostet: Endlich ein Halle-Krimi! Wenn das Stephan Ludwig, der Autor der erfolgreichen &#8222;Zorn&#8220;-Reihe, liest, ob&hellip;\n","protected":false},"author":2,"featured_media":505371,"comment_status":"","ping_status":"","sticky":false,"template":"","format":"standard","meta":{"footnotes":""},"categories":[1860],"tags":[126174,3364,29,126176,126177,548,663,3934,30,4062,17332,126175,13,8755,66,81,14,15,118371,6211,17331,860,12],"class_list":{"0":"post-505370","1":"post","2":"type-post","3":"status-publish","4":"format-standard","5":"has-post-thumbnail","7":"category-halle-saale","8":"tag-christoph-werner","9":"tag-de","10":"tag-deutschland","11":"tag-die-toten-vom-saalestrand","12":"tag-emons-verlag","13":"tag-eu","14":"tag-europa","15":"tag-europe","16":"tag-germany","17":"tag-halle","18":"tag-halle-saale","19":"tag-halle-krimi","20":"tag-headlines","21":"tag-intendant","22":"tag-kulturnachrichten","23":"tag-mdr","24":"tag-nachrichten","25":"tag-news","26":"tag-puppentheater-halle","27":"tag-regionalportal","28":"tag-saale","29":"tag-sachsen-anhalt","30":"tag-schlagzeilen"},"share_on_mastodon":{"url":"https:\/\/pubeurope.com\/@de\/115388610355038745","error":""},"_links":{"self":[{"href":"https:\/\/www.europesays.com\/de\/wp-json\/wp\/v2\/posts\/505370","targetHints":{"allow":["GET"]}}],"collection":[{"href":"https:\/\/www.europesays.com\/de\/wp-json\/wp\/v2\/posts"}],"about":[{"href":"https:\/\/www.europesays.com\/de\/wp-json\/wp\/v2\/types\/post"}],"author":[{"embeddable":true,"href":"https:\/\/www.europesays.com\/de\/wp-json\/wp\/v2\/users\/2"}],"replies":[{"embeddable":true,"href":"https:\/\/www.europesays.com\/de\/wp-json\/wp\/v2\/comments?post=505370"}],"version-history":[{"count":0,"href":"https:\/\/www.europesays.com\/de\/wp-json\/wp\/v2\/posts\/505370\/revisions"}],"wp:featuredmedia":[{"embeddable":true,"href":"https:\/\/www.europesays.com\/de\/wp-json\/wp\/v2\/media\/505371"}],"wp:attachment":[{"href":"https:\/\/www.europesays.com\/de\/wp-json\/wp\/v2\/media?parent=505370"}],"wp:term":[{"taxonomy":"category","embeddable":true,"href":"https:\/\/www.europesays.com\/de\/wp-json\/wp\/v2\/categories?post=505370"},{"taxonomy":"post_tag","embeddable":true,"href":"https:\/\/www.europesays.com\/de\/wp-json\/wp\/v2\/tags?post=505370"}],"curies":[{"name":"wp","href":"https:\/\/api.w.org\/{rel}","templated":true}]}}