{"id":505413,"date":"2025-10-17T09:03:15","date_gmt":"2025-10-17T09:03:15","guid":{"rendered":"https:\/\/www.europesays.com\/de\/505413\/"},"modified":"2025-10-17T09:03:15","modified_gmt":"2025-10-17T09:03:15","slug":"hohe-staatsschulden-in-frankreich-risiken-und-chancen","status":"publish","type":"post","link":"https:\/\/www.europesays.com\/de\/505413\/","title":{"rendered":"Hohe Staatsschulden in Frankreich: Risiken und Chancen"},"content":{"rendered":"<p class=\"big-letter\">Am 9. September 2025, um 08:54 Uhr, ereignete sich Historisches in der Geschichte der <a href=\"https:\/\/www.dasinvestment.com\/maerkte\/eurozone\/\" target=\"_blank\" data-auto-link=\"1\" rel=\"noopener\">Eurozone<\/a>. Kurz vor Beginn des B\u00f6rsenhandels auf dem <a href=\"https:\/\/www.dasinvestment.com\/maerkte\/europa\/\" target=\"_blank\" data-auto-link=\"1\" rel=\"noopener\">europ\u00e4ischen<\/a> Festland notierten zehnj\u00e4hrige <a href=\"https:\/\/www.dasinvestment.com\/maerkte\/frankreich\/\" target=\"_blank\" data-auto-link=\"1\" rel=\"noopener\">franz\u00f6sische<\/a> <a href=\"https:\/\/www.dasinvestment.com\/thema\/staatsanleihen\/\" target=\"_blank\" data-auto-link=\"1\" rel=\"noopener\">Staatsanleihen<\/a> bei einer <a href=\"https:\/\/www.dasinvestment.com\/thema\/performance\/\" target=\"_blank\" data-auto-link=\"1\" rel=\"noopener\">Rendite<\/a> von 3,48 Prozent und damit marginal h\u00f6her als ihre <a href=\"https:\/\/www.dasinvestment.com\/maerkte\/italien\/\" target=\"_blank\" data-auto-link=\"1\" rel=\"noopener\">italienischen<\/a> Pendants. Seit Einf\u00fchrung der Gemeinschaftsw\u00e4hrung 1999 ist es noch nie vorgekommen, dass der franz\u00f6sische Staat h\u00f6here <a href=\"https:\/\/www.dasinvestment.com\/thema\/zinsen\/\" target=\"_blank\" data-auto-link=\"1\" rel=\"noopener\">Zinsen<\/a> an seine Gl\u00e4ubiger zahlen musste als der italienische.<\/p>\n<p> <img decoding=\"async\" loading=\"lazy\" style=\"aspect-ratio: 1230\/574;\" src=\"https:\/\/www.europesays.com\/de\/wp-content\/uploads\/2025\/10\/DDW_Schaffoener_Grafik-1.jpg\" alt=\"\"\/><br \/>\nQuellen: LSEG Datastream, Flossbach von Storch, Daten per 30. September 2025<\/p>\n<p>Wie konnte es so weit kommen, dass das Kernland Frankreich renditeseitig einen ehemaligen Vertreter der Euro-Peripherie \u00fcberholt? Der franz\u00f6sische Premierminister Fran\u00e7ois Bayrou versuchte immerhin noch, einen Sparkurs zur Konsolidierung der franz\u00f6sischen Staatsfinanzen durchzusetzen. Er kn\u00fcpfte sein Vorhaben am 8. September 2025 allerdings an eine Vertrauensfrage und ist erwartungsgem\u00e4\u00df kurz darauf aus dem Amt geschieden.<\/p>\n<p>Auch Bayrous Nachfolger sollte kein gl\u00fcckliches H\u00e4ndchen beweisen: S\u00e9bastien Lecornu erkl\u00e4rte am 6. Oktober bereits wieder seinen R\u00fccktritt vom Amt des Premierministers \u2013 nur wenige Stunden nach der Vorstellung seines Kabinetts.<\/p>\n<p>Damit steht Frankreich weiter vor ungel\u00f6sten fiskalischen Herausforderungen. Die Staatsschuldenquote wird Ende des Jahres bei mittlerweile 116 Prozent des BIP erwartet. Nach Sch\u00e4tzungen des Internationalen W\u00e4hrungsfonds (IWF) k\u00f6nnte sie in den kommenden f\u00fcnf Jahren weiter klettern, auf dann 128 Prozent des BIP. Gleichzeitig schw\u00e4cht sich der zinsseitige R\u00fcckenwind der Null- und Negativzinsjahre immer weiter ab. Zwischen 2025 und 2030 erwartet der IWF einen Anstieg der Nettozinskosten des franz\u00f6sischen Gesamtstaats von 2,1 auf 3,4 Prozent des BIP. Eine besorgniserregende Dynamik.<\/p>\n<p>Diese Entwicklungen sind den Kapitalm\u00e4rkten nicht verborgen geblieben. Vor der Finanz- beziehungsweise Eurokrise gab es keine relevante Risikodifferenzierung zwischen den Euro-Staatsanleihen. Das \u00e4nderte sich mit dem Ausbruch der Eurokrise, der Pleite Griechenlands, den Sorgen um das <a href=\"https:\/\/www.dasinvestment.com\/maerkte\/spanien\/\" target=\"_blank\" data-auto-link=\"1\" rel=\"noopener\">spanische<\/a> Bankensystem und um die Zahlungsf\u00e4higkeit des italienischen Staats.<\/p>\n<p>Beendet wurde die Krise durch das Machtwort des damaligen EZB-Pr\u00e4sidenten <a href=\"https:\/\/www.dasinvestment.com\/profil\/mario-draghi\/\" target=\"_blank\" data-auto-link=\"1\" rel=\"noopener\">Mario Draghi<\/a>, man werde die Gemeinschaftsw\u00e4hrung verteidigen \u2013 \u201ewhatever it takes\u201c. In der Folge reduzierten sich die Risikoaufschl\u00e4ge, kehrten aber nie auf die Konvergenzniveaus der ersten Euro-Jahre zur\u00fcck. Der Risikoaufschlag Italiens zu Frankreich blieb jedoch deutlich h\u00f6her als der zwischen franz\u00f6sischen Staats- und <a href=\"https:\/\/www.dasinvestment.com\/maerkte\/deutschland\/\" target=\"_blank\" data-auto-link=\"1\" rel=\"noopener\">deutschen<\/a> <a href=\"https:\/\/www.dasinvestment.com\/thema\/bundesanleihe\/\" target=\"_blank\" data-auto-link=\"1\" rel=\"noopener\">Bundesanleihen<\/a>.<\/p>\n<p> <img decoding=\"async\" loading=\"lazy\" style=\"aspect-ratio: 1274\/730;\" src=\"https:\/\/www.europesays.com\/de\/wp-content\/uploads\/2025\/10\/DDW_Schaffoener_Grafik-2.jpg\" alt=\"\"\/><br \/>\nQuellen: LSEG Datastream, Flossbach von Storch, Daten per 30. September 2025<\/p>\n<p>Mittlerweile ist der Renditeabstand zwischen Frankreich und Deutschland mit 0,9 Prozentpunkten immerhin halb so hoch wie zu Zeiten der Eurokrise 2011, w\u00e4hrend er zwischen Italien und Frankreich auf null zusammengelaufen ist.<\/p>\n<p>Vorboten einer neuen Eurokrise?<\/p>\n<p>Dass die Eurozone angeborene Konstruktionsfehler hat, ist bekannt. Wesentlich ist das Fehlen einer gemeinsamen Steuer- und Ausgabenpolitik. Dadurch drohen immer wieder Verwerfungen, wenn einzelne Mitgliedstaaten aus der Reihe tanzen. Dabei sind die Erinnerungen an die griechische Staatsschuldenkrise gerade einmal rund zehn Jahre alt. Seinerzeit wurde das dritte Hilfspaket f\u00fcr den wackelnden Eurostaat beschlossen.<\/p>\n<p>Eine ganz neue Dimension h\u00e4tte eine Eurokrise aber, wenn eines der Schwergewichte im Euroraum die Kontrolle \u00fcber seine Staatsfinanzen verlieren w\u00fcrde. Von diesem Punkt d\u00fcrften wir gl\u00fccklicherweise weit entfernt sein. Bemerkenswert ist die Situation des franz\u00f6sischen Staatshaushalts und die daraus resultierende Regierungskrise dennoch. Frankreich gilt schon lange als kaum reformierbar. Die Gelbwestenbewegung steht sinnbildlich f\u00fcr den Widerstandswillen der \u201eStra\u00dfe\u201c gegen Reformbem\u00fchungen.<\/p>\n<p>Die <a href=\"https:\/\/www.dasinvestment.com\/thema\/ezb\/\" target=\"_blank\" data-auto-link=\"1\" rel=\"noopener\">Europ\u00e4ische Zentralbank<\/a> (EZB) zeigt sich von diesen Entwicklungen gleichwohl noch unbeeindruckt. Auch EZB-Ratsmitglied Isabel Schnabel erl\u00e4uterte j\u00fcngst, dass eine schwierige Haushaltslage in Frankreich nicht v\u00f6llig neu sei und die Neubewertungen am Anleihemarkt lediglich signalisierten, dass die Finanzm\u00e4rkte so funktionierten, wie sie sollten. Wohlwissend, dass die EZB mit dem \u201eTransmission Protection Instrument\u201c (TPI) ein m\u00e4chtiges Instrument an der Hand hat, mit dem sie bei Marktturbulenzen theoretisch in unbegrenztem Umfang Staatsanleihen einzelner Euro-Staaten aufkaufen k\u00f6nnte.<\/p>\n<p>Chancen und Risiken<\/p>\n<p>Wenn steigende Risikoaufschl\u00e4ge f\u00fcr franz\u00f6sische <a href=\"https:\/\/www.dasinvestment.com\/thema\/anleihen\/\" target=\"_blank\" data-auto-link=\"1\" rel=\"noopener\">Anleihen<\/a> keine Vorboten f\u00fcr eine neue Eurokrise sind, stellt sich die Frage, wann Anleger von steigenden Staatsanleiherenditen profitieren k\u00f6nnten. Hier gilt es, kurzfristige und langfristige Risiken, das Thema der Reflexivit\u00e4t und letztlich spieltheoretische \u00dcberlegungen zusammenzubringen.<\/p>\n<p><strong>Kurzfristige Risiken<\/strong> f\u00fcr einen ungeordneten Zahlungsausfall bei Staatsanleihen erwachsen absurderweise aus der Unabh\u00e4ngigkeit der Notenbanken. Dieses Risiko wird in den <a href=\"https:\/\/www.dasinvestment.com\/maerkte\/usa\/\" target=\"_blank\" data-auto-link=\"1\" rel=\"noopener\">USA<\/a> allerdings durch <a href=\"https:\/\/www.dasinvestment.com\/profil\/donald-trump\/\" target=\"_blank\" data-auto-link=\"1\" rel=\"noopener\">Trump<\/a> \u201eadressiert\u201c, in der Eurozone durch immer mehr <a href=\"https:\/\/www.dasinvestment.com\/thema\/institutionelle-anleger\/\" target=\"_blank\" data-auto-link=\"1\" rel=\"noopener\">institutionelle<\/a> Risikovorsorge. Das TPI als rechtlicher Vorbau, um in beliebiger H\u00f6he Staatsanleihen kaufen zu k\u00f6nnen, existiert seit 2022. Vorher wurde der <a href=\"https:\/\/www.dasinvestment.com\/thema\/euro\/\" target=\"_blank\" data-auto-link=\"1\" rel=\"noopener\">Euro<\/a> von der EZB nicht nur mit Wertpapierkaufprogrammen (OMT, PEPP, PSPP und SMP) verteidigt.<\/p>\n<p>Wichtiger waren und bleiben die bis heute g\u00fcltigen Worte, dass die EZB den Euro um jeden Preis verteidigen werde, die Mario Draghi am 26. Juli 2012 in <a href=\"https:\/\/www.dasinvestment.com\/maerkte\/london\/\" target=\"_blank\" data-auto-link=\"1\" rel=\"noopener\">London<\/a> gesprochen hat. Zu weit steigende Renditen f\u00fchren letztlich zur selbstbremsenden <strong>Reflexivit\u00e4t<\/strong> einer mit Worten oder Anleihek\u00e4ufen intervenierenden <a href=\"https:\/\/www.dasinvestment.com\/thema\/notenbank\/\" target=\"_blank\" data-auto-link=\"1\" rel=\"noopener\">Notenbank<\/a>. Aus inh\u00e4renter Instabilit\u00e4t folgt somit Stabilit\u00e4t.<\/p>\n<p>Daraus ergeben sich allerdings <strong>langfristige Risiken<\/strong>, die deutlich subtiler sind. Und die f\u00fcr Anleger eine h\u00f6here Relevanz genie\u00dfen sollten, auch wenn sie kaum mit Stress an den Kapitalm\u00e4rkten verbunden sind. Hoch verschuldete Staaten sind auf positive Inflationsraten (die die nominale Wirtschaftsleistung erh\u00f6hen) und m\u00f6glichst tiefe, im besten Fall negative Realzinsen angewiesen. F\u00fcr Anleger bedeuten Nominalzinsen unterhalb der Inflationsrate einen schleichenden Kaufkraftverlust, weshalb gerade bei Anleiheinvestments Flexibilit\u00e4t notwendig ist.<\/p>\n<p>Anleger k\u00f6nnen sich die weitgehende Abwesenheit kurzfristiger Risiken und das Damoklesschwert des langfristigen Risikos zunutze machen. Im Spannungsfeld hoch verschuldeter Staaten und eingeschr\u00e4nkt unabh\u00e4ngiger Notenbanken gelten <strong>spieltheoretische \u00dcberlegungen<\/strong>: Wie weit d\u00fcrfen Staatsanleiherenditen steigen, wie deutlich d\u00fcrfen sich Renditedifferenzen in der Eurozone ausweiten?<\/p>\n<p>Wir sind unseres Erachtens von Reflexivit\u00e4tspunkten in der Eurozone noch ein gutes St\u00fcck entfernt. Der \u201eLagarde-Put\u201c beh\u00e4lt aber seine G\u00fcltigkeit und k\u00f6nnte in Stresssituationen M\u00f6glichkeiten bieten, Anleiheinvestments auf- oder auszubauen. F\u00fcr defensivere Anleger bieten normale Zinsstrukturkurven und angemessene Renditeniveaus bereits heute eine laufende Ertragserwartung, mit denen sich realer Kaufkrafterhalt anstreben l\u00e4sst.<\/p>\n<p>\t\t            \t\t\t<a class=\"box-news-teaser\" href=\"https:\/\/www.dasinvestment.com\/wirtschaft-politik-umdenken-fortschritt-reformen-transformation\/\" target=\"_blank\" rel=\"noopener\"><\/p>\n<p>        <img decoding=\"async\" data-tile-mode=\"singleTeaser\" src=\"https:\/\/www.europesays.com\/de\/wp-content\/uploads\/2025\/10\/Henning-Voepel-ist-Direktor-des-Centrums-fuer-Europaeische-Politik-10.jpg\" alt=\"Henning V\u00f6pel ist Direktor des Centrums f\u00fcr Europ\u00e4ische Politik.\" loading=\"lazy\" onerror=\"window.handleImageError(this)\" class=\"img-responsive\" data-width=\"1070\" data-height=\"660\"\/><\/p>\n<p>\t\t\t<\/a><\/p>\n<p>\t\t            \t\t\t<a class=\"box-news-teaser\" href=\"https:\/\/www.dasinvestment.com\/kondratjew-zyklen-ki-boom-tech-rally\/\" target=\"_blank\" rel=\"noopener\"><\/p>\n<p>        <img decoding=\"async\" data-tile-mode=\"singleTeaser\" src=\"https:\/\/www.europesays.com\/de\/wp-content\/uploads\/2025\/10\/Dr-Georg-von-Wallwitz-ist-Gruender-und-geschaeftsfuehrender-Gesellschafter-von-Eyb---Wallwitz.jpg\" alt=\"Dr. Georg von Wallwitz ist Gr\u00fcnder und gesch\u00e4ftsf\u00fchrender Gesellschafter von Eyb &amp; Wallwitz. \" loading=\"lazy\" onerror=\"window.handleImageError(this)\" class=\"img-responsive\" data-width=\"1070\" data-height=\"660\"\/><\/p>\n<p>\t\t\t<\/a><\/p>\n<p>\t\t            \t\t\t<a class=\"box-news-teaser\" href=\"https:\/\/www.dasinvestment.com\/euro-zone-zinslast-schuldentragfaehigkeit-gefahr\/\" target=\"_blank\" rel=\"noopener\"><\/p>\n<p>        <img decoding=\"async\" data-tile-mode=\"singleTeaser\" src=\"https:\/\/www.europesays.com\/de\/wp-content\/uploads\/2025\/10\/Portraet-von-Klaus-Bauknecht.jpg\" alt=\"Portr\u00e4t von Klaus Bauknecht\" loading=\"lazy\" onerror=\"window.handleImageError(this)\" class=\"img-responsive\" data-width=\"1070\" data-height=\"660\"\/><\/p>\n<p>\t\t\t<\/a><\/p>\n<p>Danke f\u00fcr Ihre Bewertung<\/p>\n<p>Leser bewerteten diesen Artikel durchschnittlich mit <b>0<\/b> Sternen<\/p>\n","protected":false},"excerpt":{"rendered":"Am 9. September 2025, um 08:54 Uhr, ereignete sich Historisches in der Geschichte der Eurozone. Kurz vor Beginn&hellip;\n","protected":false},"author":2,"featured_media":505414,"comment_status":"","ping_status":"","sticky":false,"template":"","format":"standard","meta":{"footnotes":""},"categories":[3974],"tags":[331,332,548,663,3934,3980,156,13,14,15,12],"class_list":{"0":"post-505413","1":"post","2":"type-post","3":"status-publish","4":"format-standard","5":"has-post-thumbnail","7":"category-frankreich","8":"tag-aktuelle-nachrichten","9":"tag-aktuelle-news","10":"tag-eu","11":"tag-europa","12":"tag-europe","13":"tag-france","14":"tag-frankreich","15":"tag-headlines","16":"tag-nachrichten","17":"tag-news","18":"tag-schlagzeilen"},"share_on_mastodon":{"url":"https:\/\/pubeurope.com\/@de\/115388705047041838","error":""},"_links":{"self":[{"href":"https:\/\/www.europesays.com\/de\/wp-json\/wp\/v2\/posts\/505413","targetHints":{"allow":["GET"]}}],"collection":[{"href":"https:\/\/www.europesays.com\/de\/wp-json\/wp\/v2\/posts"}],"about":[{"href":"https:\/\/www.europesays.com\/de\/wp-json\/wp\/v2\/types\/post"}],"author":[{"embeddable":true,"href":"https:\/\/www.europesays.com\/de\/wp-json\/wp\/v2\/users\/2"}],"replies":[{"embeddable":true,"href":"https:\/\/www.europesays.com\/de\/wp-json\/wp\/v2\/comments?post=505413"}],"version-history":[{"count":0,"href":"https:\/\/www.europesays.com\/de\/wp-json\/wp\/v2\/posts\/505413\/revisions"}],"wp:featuredmedia":[{"embeddable":true,"href":"https:\/\/www.europesays.com\/de\/wp-json\/wp\/v2\/media\/505414"}],"wp:attachment":[{"href":"https:\/\/www.europesays.com\/de\/wp-json\/wp\/v2\/media?parent=505413"}],"wp:term":[{"taxonomy":"category","embeddable":true,"href":"https:\/\/www.europesays.com\/de\/wp-json\/wp\/v2\/categories?post=505413"},{"taxonomy":"post_tag","embeddable":true,"href":"https:\/\/www.europesays.com\/de\/wp-json\/wp\/v2\/tags?post=505413"}],"curies":[{"name":"wp","href":"https:\/\/api.w.org\/{rel}","templated":true}]}}