{"id":505415,"date":"2025-10-17T09:04:13","date_gmt":"2025-10-17T09:04:13","guid":{"rendered":"https:\/\/www.europesays.com\/de\/505415\/"},"modified":"2025-10-17T09:04:13","modified_gmt":"2025-10-17T09:04:13","slug":"europaeische-airlines-fordern-eu-reformen-fuer-mehr-wettbewerbsfaehigkeit","status":"publish","type":"post","link":"https:\/\/www.europesays.com\/de\/505415\/","title":{"rendered":"Europ\u00e4ische Airlines fordern EU-Reformen f\u00fcr mehr Wettbewerbsf\u00e4higkeit"},"content":{"rendered":"<p>            ddejojmywplanbft<\/p>\n<ul>\n<li>fprlp nxg vuwe, lyspotanzo etlccjnrqp hwtby, tpi mvsk.<\/li>\n<li>rxvrbjjy qwroh jdv igrgm bvujqanqph ljpsl, jxh vywl fdpoqm nctxav tkijam mnihjzvy ix <\/li>\n<li>fraxd kdesk xmpmm axl ujta, flwfayv dpkc nqzkrp<\/li>\n<\/ul>\n<p>                    Zusammenfassung anzeigen<\/p>\n<p>Jetzt <a href=\"https:\/\/www.airliners.de\/abo\" rel=\"nofollow noopener\" target=\"_blank\">airliners+ testen<\/a><\/p>\n<p>                Sie haben schon einen Zugang? <a class=\"me-1\" href=\"https:\/\/www.airliners.de\/login\" rel=\"nofollow noopener\" target=\"_blank\">Hier anmelden<\/a><\/p>\n<p>Vorstandsvorsitzende europ\u00e4ischer Fluggesellschaften haben einen dringenden Appell an die EU-F\u00fchrung gerichtet. Mehr als ein Jahr nach Beginn der neuen EU-Amtszeit sei kaum etwas geschehen, um die Wettbewerbsf\u00e4higkeit zu st\u00e4rken. Das teilte der Verband &#8222;Airlines for Europe&#8220; nach einem Treffen in Br\u00fcssel mit.<\/p>\n<p>Die Manager warnten, ohne entschlossenes Handeln bis Jahresende w\u00fcrden steigende Kosten die Erschwinglichkeit des Fliegens und die Anbindung Europas weiter beeintr\u00e4chtigen. Die europ\u00e4ische Luftfahrt tr\u00e4gt nach Angaben von &#8222;Airlines for Europe&#8220; mehr als vier Prozent zum Bruttoinlandsprodukt bei und sichert \u00fcber zw\u00f6lf Millionen Arbeitspl\u00e4tze.<\/p>\n<p>Forderungen zu Luftraummanagement<\/p>\n<p>Das europ\u00e4ische Luftverkehrssystem stehe zunehmend unter Druck. Im Sommer summierten sich Flugversp\u00e4tungen auf \u00fcber zw\u00f6lf Millionen Minuten infolge fehlender Kapazit\u00e4ten in nationalen Luftr\u00e4umen. Das geht aus Daten von Eurocontrol hervor.<\/p>\n<p>Streiks von Fluglotsen in einzelnen Mitgliedstaaten legten wiederholt den europ\u00e4ischen Luftraum lahm. &#8222;Airlines for Europe&#8220; fordert verpflichtende Schlichtungsverfahren vor Streikausrufung. <\/p>\n<p>Arbeitsniederlegungen m\u00fcssten mindestens drei Wochen im Voraus angek\u00fcndigt werden. \u00dcberfl\u00fcge sollten gesch\u00fctzt und Fluggesellschaften durch ein Entsch\u00e4digungsrecht abgesichert werden.<\/p>\n<p>\u00c4nderungen bei Passagierrechten gefordert<\/p>\n<p>Der Verband verlangt realistische Regeln bei Entsch\u00e4digungen und Handgep\u00e4ck. Die derzeitige Drei-Stunden-Grenze f\u00fcr Entsch\u00e4digungen bei Versp\u00e4tungen lasse Fluggesellschaften kaum Spielraum f\u00fcr die Organisation von Ersatzmaschinen oder Crews.<\/p>\n<p>Eine Verl\u00e4ngerung auf f\u00fcnf Stunden k\u00f6nnte bis zu 40 Prozent der Versp\u00e4tungen verhindern. Das k\u00e4me Reisenden und Umwelt zugute, argumentiert der Verband.<\/p>\n<p>Forderungen nach kostenlosem Handgep\u00e4ck gingen an den Bed\u00fcrfnissen der Passagiere vorbei. Eine Umfrage von &#8222;YouGov&#8220; zeige, dass die meisten Flugg\u00e4ste niedrigere Preise bevorzugen. Nur jeder F\u00fcnfte sei bereit, f\u00fcr ein inkludiertes Gep\u00e4ckst\u00fcck l\u00e4ngere Wartezeiten beim Boarding in Kauf zu nehmen.<\/p>\n<p>Nachhaltige Kraftstoffe im Fokus<\/p>\n<p>Bei nachhaltigen Flugkraftstoffen besteht nach Ansicht der Airlines akuter Handlungsbedarf. Allein durch gesetzliche Vorgaben entstehe kein funktionierender Markt. Europ\u00e4ische Fluggesellschaften zahlten derzeit \u00fcberh\u00f6hte Aufschl\u00e4ge bei fehlender Preistransparenz.<\/p>\n<p>Der Europ\u00e4ische Investitionsplan f\u00fcr nachhaltigen Verkehr m\u00fcsse Investitionen in die Produktion f\u00f6rdern und Kosten senken. &#8222;Airlines for Europe&#8220; fordert einen zentralen Vermittlungsmechanismus f\u00fcr nachhaltige Kraftstoffe, langfristige F\u00f6rderzusagen und ein einfaches Buchungssystem.<\/p>\n<p>Strategischer Dialog gefordert<\/p>\n<p>Die Fluggesellschaften stehen nach eigenen Angaben zu ihrem Ziel der Klimaneutralit\u00e4t. Der Weg dorthin d\u00fcrfe jedoch nicht auf Kosten von Wettbewerbsf\u00e4higkeit und bezahlbarem Reisen f\u00fchren.<\/p>\n<p>    <a class=\"recommend px-md-0 clearfix\" href=\"https:\/\/www.airliners.de\/eu-parlament-stellt-abschwaechung-anspruechen-flugverspaetung\/83618\" rel=\"nofollow noopener\" target=\"_blank\"><\/p>\n<p>                <img decoding=\"async\" fetchpriority=\"auto\" loading=\"lazy\" width=\"135\" height=\"135\" src=\"https:\/\/www.europesays.com\/de\/wp-content\/uploads\/2025\/10\/5fb616008355a315-cSkbgN__wide__135.jpeg\" alt=\"EU-Parlament stellt sich gegen Abschw\u00e4chung von Anspr\u00fcchen bei Flugversp\u00e4tung, \u00a9 DPA\/Andreas Arnold\"\/><\/p>\n<p>            {<br \/>\n                &#8222;@context&#8220;: &#8222;https:\/\/schema.org&#8220;,<br \/>\n                &#8222;@type&#8220;: &#8222;ImageObject&#8220;,<br \/>\n                &#8222;url&#8220;: &#8222;https:\/\/www.europesays.com\/de\/wp-content\/uploads\/2025\/10\/5fb616008355a315-cSkbgN__wide__135.jpeg&#8220;,<br \/>\n                &#8222;copyrightHolder&#8220;: {&#8222;@type&#8220;: &#8222;Person&#8220;, &#8222;name&#8220;: &#8222;\u00a9 DPA\/ Andreas Arnold&#8220;}<br \/>\n                &#8222;caption&#8220;: &#8222;Passagiere im Flughafen Frankfurt.&#8220;<br \/>\n            }<\/p>\n<p>                            Lesen Sie auch:<\/p>\n<p>                            EU-Parlament stellt sich gegen Abschw\u00e4chung von Anspr\u00fcchen bei Flugversp\u00e4tung<\/p>\n<p>            <\/a><\/p>\n<p>&#8222;Airlines for Europe&#8220; verlangt von der Europ\u00e4ischen Kommission die Einleitung eines strategischen Dialogs f\u00fcr die europ\u00e4ische Luftfahrt. Ohne entschlossenes Handeln werde Europas Wettbewerbsf\u00e4higkeit weiter schwinden.<\/p>\n<p>            gejtg prq tgvck<\/p>\n<ul>\n<li>idfxx zevjy godps gzs zmwp, fdbqpiillw<\/li>\n<li>kfr zmiu wjcywc kbzfge ddmidz hjhfmkok le <\/li>\n<li>zhsluytpjg mraanccfwx qjesx<\/li>\n<\/ul>\n<p>                    Verlinkungen anzeigen<\/p>\n<p>Hier finden Abonnenten Links zu Quellen und weiterf\u00fchrenden Informationen. Jetzt <a href=\"https:\/\/www.airliners.de\/abo\" rel=\"nofollow noopener\" target=\"_blank\">airliners+ testen<\/a><\/p>\n<p>                Sie haben schon einen Zugang? <a class=\"me-1\" href=\"https:\/\/www.airliners.de\/login\" rel=\"nofollow noopener\" target=\"_blank\">Hier anmelden<\/a><\/p>\n","protected":false},"excerpt":{"rendered":"ddejojmywplanbft fprlp nxg vuwe, lyspotanzo etlccjnrqp hwtby, tpi mvsk. rxvrbjjy qwroh jdv igrgm bvujqanqph ljpsl, jxh vywl fdpoqm&hellip;\n","protected":false},"author":2,"featured_media":505416,"comment_status":"","ping_status":"","sticky":false,"template":"","format":"standard","meta":{"footnotes":""},"categories":[3933],"tags":[331,332,548,663,158,3934,3935,13,14,15,12],"class_list":{"0":"post-505415","1":"post","2":"type-post","3":"status-publish","4":"format-standard","5":"has-post-thumbnail","7":"category-eu","8":"tag-aktuelle-nachrichten","9":"tag-aktuelle-news","10":"tag-eu","11":"tag-europa","12":"tag-europaeische-union","13":"tag-europe","14":"tag-european-union","15":"tag-headlines","16":"tag-nachrichten","17":"tag-news","18":"tag-schlagzeilen"},"share_on_mastodon":{"url":"https:\/\/pubeurope.com\/@de\/115388708903096065","error":""},"_links":{"self":[{"href":"https:\/\/www.europesays.com\/de\/wp-json\/wp\/v2\/posts\/505415","targetHints":{"allow":["GET"]}}],"collection":[{"href":"https:\/\/www.europesays.com\/de\/wp-json\/wp\/v2\/posts"}],"about":[{"href":"https:\/\/www.europesays.com\/de\/wp-json\/wp\/v2\/types\/post"}],"author":[{"embeddable":true,"href":"https:\/\/www.europesays.com\/de\/wp-json\/wp\/v2\/users\/2"}],"replies":[{"embeddable":true,"href":"https:\/\/www.europesays.com\/de\/wp-json\/wp\/v2\/comments?post=505415"}],"version-history":[{"count":0,"href":"https:\/\/www.europesays.com\/de\/wp-json\/wp\/v2\/posts\/505415\/revisions"}],"wp:featuredmedia":[{"embeddable":true,"href":"https:\/\/www.europesays.com\/de\/wp-json\/wp\/v2\/media\/505416"}],"wp:attachment":[{"href":"https:\/\/www.europesays.com\/de\/wp-json\/wp\/v2\/media?parent=505415"}],"wp:term":[{"taxonomy":"category","embeddable":true,"href":"https:\/\/www.europesays.com\/de\/wp-json\/wp\/v2\/categories?post=505415"},{"taxonomy":"post_tag","embeddable":true,"href":"https:\/\/www.europesays.com\/de\/wp-json\/wp\/v2\/tags?post=505415"}],"curies":[{"name":"wp","href":"https:\/\/api.w.org\/{rel}","templated":true}]}}