{"id":505419,"date":"2025-10-17T09:06:36","date_gmt":"2025-10-17T09:06:36","guid":{"rendered":"https:\/\/www.europesays.com\/de\/505419\/"},"modified":"2025-10-17T09:06:36","modified_gmt":"2025-10-17T09:06:36","slug":"rapporteur-17-oktober-euractiv-de","status":"publish","type":"post","link":"https:\/\/www.europesays.com\/de\/505419\/","title":{"rendered":"Rapporteur | 17. Oktober | Euractiv DE"},"content":{"rendered":"<p>\t\t\t\t\t\t<img decoding=\"async\" width=\"1182\" height=\"788\" src=\"https:\/\/www.europesays.com\/de\/wp-content\/uploads\/2025\/10\/Rapporteur-DE-1182x788-4.png\" class=\"attachment-large size-large wp-post-image\" alt=\"Rapporteur-DE-1182\u00d7788\" loading=\"lazy\"\/>\t\t\t\t\t\t\t\t\t\t\t\t\tRapporteur-DE-1182&#215;788<\/p>\n<p><strong>Willkommen bei Rapporteur! Jeden Tag liefern wir Ihnen die wichtigsten Nachrichten und Hintergr\u00fcnde aus der EU- und Europapolitik.<\/strong><\/p>\n<p>Need-to-knows:<\/p>\n<ul>\n<li>Ukraine: Trump und Putin treffen sich in Ungarn zu Friedensgespr\u00e4chen \u2013 ohne Selenskyj.<\/li>\n<li>Korruptionsbek\u00e4mpfung: Unterh\u00e4ndler machen eine letzte Anstrengung f\u00fcr eine neue EU-Anti-Korruptionsrichtlinie.<\/li>\n<li>SPE: Europas Sozialdemokraten treffen sich in Amsterdam, um \u00fcber ihre Zukunft zu beraten.<\/li>\n<\/ul>\n<p><a rel=\"nofollow noopener noreferrer\">Br\u00fcssel im \u00dcberblick<\/a><\/p>\n<p>Donald Trump hat ein Gipfeltreffen mit Wladimir Putin in Budapest\u00a0<a href=\"https:\/\/email.newsletter.euractiv.de\/c\/eJyskUGPmzAQhX-NuVRG9phgcvCBDUGttu1GbXrpBXnNJHGFAdnDov33FdKuUqmXHnr18_fmk15vbKX2-ypDI3UpyqpUosxupih01QOCtXsoLq5yl53oL32Pz1KBsjLzBgTspJBaaCWLMpf5MwN92LVq1xYHJaSsS60YaFaIEdc0IBHGHJdoHfmXvMdsMDeiOTFVM2gZtOu63nM3BQbtRjJoKS5h5sm-Jk4TD4jE54X8yO2FMPJrREt8jtM1Ykrcj9zZYdhKVbtQ6NK0RIdMNe_tDMrtPWDvl8BUcxd8S9w0Eo7EVNPGTeSBbsjgwdnZkx3ePhHGDRZcvFM2zNZfR6aa49fu_PHYHerTp3P9-ft_EPk5jfhB_sPp5tgdf3x7OtXd49OXU_14zoKRlQZZKp1F8wsjBm9TPviRFeLV3qZpW4MMWtf9BXd_7iwhezHwOwAA__8O-LXf\" target=\"_blank\" rel=\"nofollow noopener noreferrer\">angek\u00fcndigt<\/a>. Der Termin ist noch offen \u2013 die Signalwirkung jedoch enorm.<\/p>\n<p>Das Treffen in der ungarischen Hauptstadt solle dazu dienen, \u201ezu sehen, ob wir diesen \u201aruhmlosen\u2018 Krieg zwischen Russland und der Ukraine beenden k\u00f6nnen\u201c, schrieb Trump in sozialen Medien \u2013 einen Tag vor seinen Gespr\u00e4chen in Washington mit dem ukrainischen Pr\u00e4sidenten Wolodymyr Selenskyj, der am Freitag erneut im Oval Office erwartet wird.<\/p>\n<p>Die Ank\u00fcndigung trifft auf Debatten \u00fcber ukrainische Forderungen nach Tomahawk-Raketen \u2013 mit Reichweite tief ins russische Territorium.<\/p>\n<p>Ungarns Ministerpr\u00e4sident Viktor Orb\u00e1n lie\u00df keine Zeit verstreichen und\u00a0<a href=\"https:\/\/email.newsletter.euractiv.de\/c\/eJyskcGO0zAQhp9mckFE9kxiuwcfsk0t0LK0gsKBS-Q4s9TQJJXjLPD2qNJWIHHhsNeZ-fT9mn-w3tBmYwq2UiuhjCKhipPVdd-rIdR1H_CRwqOvSXoeBBrFXkpRRIsCaymkFppkpUpZ9oB6WzuqXbUlIWWjNAFqqMTEP5Yz58yp5DX5kONTOXBxtqecLwtQA-gA3c8yzCOgOzx0n-P3PKd96v0E6Jbs87oAOrnRxmhdoVFGkiK1EUBuzWO3zGsKDNTeBIDqOh95iOsI1P7J8LwJ85R5ykCtS1ftXT4x4F3wl5j9-fkoc7rC4rW4UX68-Ph1Amp377vjm123bQ5vj827jy8Q5Ms88Sv5H-p21-0-fdgfmu5-_3Bo7o_FaKXRKBXpItlvnHiMfinPcYJK_PKneb4-PFv2ofsH7v6uUmLxZPF3AAAA__8U3adI\" target=\"_blank\" rel=\"nofollow noopener noreferrer\">begr\u00fc\u00dfte\u00a0<\/a>die Ank\u00fcndigung als \u201egro\u00dfartige Nachricht f\u00fcr friedliebende Menschen auf der ganzen Welt\u201c.<\/p>\n<p><strong>F\u00fcr ihn pers\u00f6nlich ist sie ebenfalls ein Erfolg:<\/strong>\u00a0Das geplante Treffen w\u00fcrde Budapests Rolle als einzigem echten Freund des Kremls innerhalb der EU festigen \u2013 und Europas m\u00fchsamen, dreij\u00e4hrigen Versuch, Russland zu isolieren, einmal mehr konterkarieren. Nach Jahren affektierter Erkl\u00e4rungen und z\u00e4her Sanktionsrunden sind es nun Trump und Orb\u00e1n \u2013 nicht Br\u00fcssel, Paris oder Berlin \u2013, die die Agenda in der Ukraine-Frage bestimmen.<\/p>\n<p>Vonseiten der EU-Kommission herrscht bislang Schweigen. Unklar ist ohnehin, wie ein solches Treffen \u00fcberhaupt logistisch umgesetzt werden k\u00f6nnte. Putin m\u00fcsste EU- oder ukrainischen Luftraum \u00fcberqueren \u2013 und der Haftbefehl des Internationalen Strafgerichtshofs gegen ihn besteht weiterhin.<\/p>\n<p>Seit der Ausstellung des Haftbefehls wegen Kriegsverbrechen hat Putin Auslandsreisen weitgehend gemieden. Ungarn jedoch hatte die Vereinten Nationen im Juni offiziell dar\u00fcber informiert, dass es aus dem Gr\u00fcndungsvertrag des Gerichts austreten werde \u2013 der Schritt wird Mitte 2026 wirksam.<\/p>\n<p>Parallel dazu scheiterten die EU-Botschafter in dieser Woche erneut daran, sich auf das 19. Sanktionspaket gegen Moskau zu einigen. Die Slowakei blockierte die Ma\u00dfnahmen. \u201eIch habe kein Interesse daran, weitere Sanktionen gegen Russland zu verh\u00e4ngen\u201c,\u00a0<a href=\"https:\/\/email.newsletter.euractiv.de\/c\/eJzEkj9v2zAUxD8NtRQU-Eci7UGDYltokLYxWnfpIjxTzxEbiTTEJxv99oXSpCnQpUOBTCR4uLsfiOsqWOn1epVhJa0RZmW0MFlfHY9anYxYyU45V5zQqhJKVawVlmuDpc18pYQqpZBWWC0Lk8v8yJTdlI0um2KjhZS1sZopywoR8JoGJMIpx3kCR_6Sd5gNVU90TkzXTDVMNdfr9VV3cWSqWZxMNSfvIg-RuA-EEybCjvvApzklDzxBcORjSBwST0O8wKMHPoIPBD4kfkGKPAYu19TzM7hHeMClUTczjW2K8-SQ6e1LNVNmeR-x8_PI9PaV_llxMRAGYnp7G5gqlaAen04HZ08w_LrHQD7M2OXPLsJpSRNcvMTAeAb_EJje7j61h_e7dlPvbw_1hy__gayZlv-7eSK7-c31BiDfYsB38h-qt7t29_Xz_b5u7-4_7uu7QzZWcmWVNNpmU_UdJxw9pHzwgRXiB_QxLiOiCsG1f5nbP-cpVXap1M8AAAD__z4v874\" target=\"_blank\" rel=\"nofollow noopener noreferrer\">sagte\u00a0<\/a>Premier Robert Fico am Mittwoch.<\/p>\n<p>Trump k\u00fcndigte an, dass ranghohe US- und russische Vertreter, darunter Au\u00dfenminister Marco Rubio, bereits in der kommenden Woche \u201eerste Gespr\u00e4che\u201c an einem noch unbestimmten Ort aufnehmen sollen. Danach w\u00e4re die n\u00e4chste Etappe: Orb\u00e1n, Trump, Putin \u2013 das Foto, vor dem Europa am meisten bangt.<\/p>\n<p><strong>EDIP freigegeben<\/strong><\/p>\n<p>EU-Verhandler haben sich am sp\u00e4ten Donnerstagabend auf einen Kompromiss zum 1,5-Milliarden-Euro-Programm f\u00fcr die europ\u00e4ische Verteidigungsindustrie (EDIP) geeinigt und damit monatelange Blockaden bei den F\u00f6rderkriterien beendet.<\/p>\n<p>Der im M\u00e4rz 2024 vorgestellte Vorschlag soll die europ\u00e4ische Verteidigungsproduktion st\u00e4rken und die ukrainische R\u00fcstungsindustrie unterst\u00fctzen. EDIP gilt weithin als Blaupause f\u00fcr den k\u00fcnftigen EU-Verteidigungshaushalt.<\/p>\n<p>Die Einigung im Trilog erfolgte nach dem Scheitern der Gespr\u00e4che zwischen Parlament und Rat in der Vorwoche, das die Konflikte zwischen den Mitgliedstaaten \u00fcber die Frage neu aufflammen lie\u00df, ob auch R\u00fcstungshersteller aus Drittstaaten Zugang zu EDIP-F\u00f6rdermitteln erhalten sollen. Charles Cohen hat\u00a0<a href=\"https:\/\/email.newsletter.euractiv.de\/c\/eJyskU-PmzAQxT_NcKlA_kPs5OADG4K62rYbtemlF2RgCG6xjWyzUb99hbSrVOqlh72N5s37zZPeoPSeHw77DBWVgoi94ERkkxLjKMexK0e5G-WhFGPXcUJ0zzUjlGqRGcUI21FCJZGclqKgRQdMHncN3zXlkRNKKyE5MAklcXiLM6aEocA16D6Zl2LAbFZTSksEXgFrgDW32-2u994CazYnsKb3-YxXE2edfIh5F1D_yq13aYr57N01x8EsubGLjhE3GG_WZNvo19Aj8PqNCkxse4uDWS3w-h7sVem9S-gS8PrRAXtIEwJ76PVikp63ybtk3IpD8XqfMGwckpM3gLaLNlcHvD59aS8fT-2xOj9eqk_f3iHTD-_wA_2P1_WpPX3_-nyu2qfnz-fq6ZJZRfeSUcFlFtRPDGiNjsVsHJTkt5683wpJCnXf_mNu_66asuxFsT8BAAD__6K0tno\" target=\"_blank\" rel=\"nofollow noopener noreferrer\">die Details<\/a>\u00a0der n\u00e4chtlichen Verhandlungen.<\/p>\n<p><strong>MFR-Schadensbegrenzung<\/strong><\/p>\n<p>Der italienische EU-Kommissar Raffaele Fitto hat es wom\u00f6glich etwas \u00fcbertrieben. Nach einer Woche intensiver Gespr\u00e4che mit Regionalvertretern\u00a0<a href=\"https:\/\/email.newsletter.euractiv.de\/c\/eJxkkM1q3DAUhZ9G3hQZXV1b8iy0MHG8CSWhtJtujGJdj9VaUpDllL59ccnQgW6_88PhOGM7vFy6igxoJVSnUKhqNV3zqqCDDsAti6TGze7SWAULEjqUbeWNFLIFAVpohEbVUL8yqR_aEduxeUAB0CuNTGrWiEi_9o1KoVzTke1c_HvtqNrMWsrbzrBncmRyvNOYHM_QX8h_phD8vtvMF19K4paio3zEK0VuA6eDr_bYV7sVHhJdNz-vZyGORwnTno48E8Ph1s6kOnkg54_AcPg37kOZUywUC8Phe4r0CT5woXzaBRc3nw1v1l8jw2F4nB6_fXl-6aen588v_dPXKhjotASFusrmB2UK3u715iNrxG-7pnQeUAzZefovPN1fC7J6N_JPAAAA__9tnYTO\" target=\"_blank\" rel=\"nofollow noopener noreferrer\">erkl\u00e4rte er<\/a>, die Kommission sei \u201eoffen f\u00fcr Verbesserungen\u201c der rechtlichen Bestimmungen zur Einbindung der Regionen in den Plan, den EU-Haushalt 2028\u20132034 st\u00e4rker zu zentralisieren.<\/p>\n<p>Br\u00fcssel reagierte prompt. \u201eZum jetzigen Zeitpunkt m\u00f6chte die Kommission keine Spekulationen \u00fcber einzelne Elemente des Vorschlags oder einzelne Positionen der Mitgesetzgeber anstellen\u201c, teilte die EU-Exekutive am Donnerstag mit \u2014 eine deutliche R\u00fcge an Fitto.<\/p>\n<p>Kata T\u00fctt\u0151, Pr\u00e4sidentin des Ausschusses der Regionen, sagte unserem Kollegen Jacob Wulff Wold, Fitto liege \u201evoll auf unserer Linie\u201c, r\u00e4umte aber ein: \u201eEs gibt nichts Konkretes.\u201c Kommissionsvertreter \u201esagen lediglich, dass [die Regionen] gewisse Garantien innerhalb der nationalen Pl\u00e4ne erhalten k\u00f6nnten\u201c, so T\u00fctt\u0151. \u201eAber wir wollen keine nationalen Pl\u00e4ne.\u201c<\/p>\n<p><strong>Wird Italien die EU-Antikorruptionsrichtlinie kippen?<\/strong><\/p>\n<p>Diese Frage wird n\u00e4chste Woche die Diplomaten im Justus Lipsius-Geb\u00e4ude besch\u00e4ftigen. Die Verhandlungen \u00fcber die Antikorruptionsrichtlinie der EU sollen wieder aufgenommen werden \u2014 Monate nachdem sie\u00a0<a href=\"https:\/\/email.newsletter.euractiv.de\/c\/eJxkkM1q3DAUhZ9G3hQZXV1b8iy0MHG8CSWhtJtujGJdj9VaUpDllL59ccnQgW6_88PhOGM7vFy6igxoJVSnUKhqNV3zqqCDDsAti6TGze7SWAULEjqUbeWNFLIFAVpohEbVUL8yqR_aEduxeUAB0CuNTGrWiEi_9o1KoVzTke1c_HvtqNrMWsrbzrBncmRyvNOYHM_QX8h_phD8vtvMF19K4paio3zEK0VuA6eDr_bYV7sVHhJdNz-vZyGORwnTno48E8Ph1s6kOnkg54_AcPg37kOZUywUC8Phe4r0CT5woXzaBRc3nw1v1l8jw2F4nB6_fXl-6aen588v_dPXKhjotASFusrmB2UK3u715iNrxG-7pnQeUAzZefovPN1fC7J6N_JPAAAA__9tnYTO\" target=\"_blank\" rel=\"nofollow noopener noreferrer\">im Juli gescheitert waren<\/a>.<\/p>\n<p>Damals hatten Italien, Deutschland und eine Koalition von Verb\u00fcndeten die Pl\u00e4ne torpediert, den Missbrauch von Amtsfunktionen als EU-weit strafbare Korruptionshandlung festzuschreiben. Die entsprechende Klausel, die F\u00e4lle kriminalisieren w\u00fcrde, in denen Amtstr\u00e4ger ihre Position f\u00fcr unzul\u00e4ssige Vorteile ausnutzen, ist zum Knackpunkt des gesamten Dossiers geworden.<\/p>\n<p>Das Europ\u00e4ische Parlament will die Vorschrift verbindlich festschreiben, einige Mitgliedstaaten wollen sie streichen. Auch Monate sp\u00e4ter bleibt der Missbrauch von Amtsfunktionen der Kern des Streits. Italien hatte die entsprechende Strafnorm 2024 aus seinem Strafgesetzbuch gestrichen.<\/p>\n<p>Ein internes Ratsdokument, das Euractiv einsehen konnte, bezeichnet die Klausel weiterhin als \u201evon vorrangiger Bedeutung\u201c f\u00fcr den Kompromiss. Das Parlament beharrt auf einer verpflichtenden Kriminalisierung zumindest bestimmter Tatbest\u00e4nde.<\/p>\n<p>Einige f\u00fcrchten, Italien k\u00f6nnte die Notbremse ziehen und die Debatte auf die Ebene der Staats- und Regierungschefs heben. Ein Diplomat sieht dennoch Chancen auf einen Deal: \u201eSie haben keine Sperrminorit\u00e4t, und wenn Berlin einem Kompromiss zustimmt, gibt es Spielraum.\u201c Die Unterh\u00e4ndler wollen den Entwurf rechtzeitig f\u00fcr einen m\u00f6glichen Trilog im November wiederbeleben.<\/p>\n<p><strong>Ribera verteidigt Entwaldungsgesetz<\/strong><\/p>\n<p>Kommissarin Teresa Ribera hat Forderungen nach einer Verz\u00f6gerung oder \u201eDeregulierung\u201c des EU-Entwaldungsgesetzes zur\u00fcckgewiesen und dessen zentrale Bedeutung f\u00fcr die Klimaziele betont.<\/p>\n<p>Am Donnerstag warnte Ribera vor einer Abschw\u00e4chung der Vorschriften und unterstrich, Entwaldung bleibe \u201eein reales Problem\u201c. Wie Sof\u00eda S\u00e1nchez Manzanaro berichtet, unterst\u00fctzen 17 Botschafter derzeit eine Verschiebung. Ribera ist bislang die einzige Kommissarin, die offen die Pl\u00e4ne ihrer Kollegin Jessika Roswall ablehnt, die Regeln\u00a0<a href=\"https:\/\/email.newsletter.euractiv.de\/c\/eJxkkEFvnDAUhH-NuVQg2w9sOPiAQrhEVaKqvfSCHPwAt9iObLOr5tdXVFl1pVy_mXlvNEbpFrquLVAxKahoBVBRbKqTnZ41dJQh8EUgLKIxmptFM1MvzWthFae8YZRJKoHVomLVK-HyoRmhGesHoIz1QgLhktTU4zXtmDPGCo-o52wvlcFiV1vOb4lAT_hI-HinET6eoX-w_B2csynZ4EuMV41rLi8Y0fpFz9vh19JgOsl7wBVjRl-iz1e9m8OvacWE-R3PUwTGI7sphSPOSGC4_SNcnNyhsYcjMPyv-6HMwWf0mcDwM3j8wj5wxnjaaUlvPu3etF09gWF4nB5_fHt-6aen568v_dP3winWSs4EyCKqXxjRWZ2q3XpS0z96C-GcJCvU8_QpPN2PzXhxUfxvAAAA___Z3Y1u\" target=\"_blank\" rel=\"nofollow noopener noreferrer\">zu lockern oder zu verz\u00f6gern<\/a>.<\/p>\n<p><strong>\u00c4gypten-Gipfel unter Menschenrechtsdruck<\/strong><\/p>\n<p>Die EU richtet am kommenden Mittwoch ihren ersten EU-\u00c4gypten-Gipfel aus. Ziel ist es, der strategischen und umfassenden Partnerschaft \u00fcber 7,4 Milliarden Euro, die im M\u00e4rz 2024 geschlossen wurde, neues politisches und wirtschaftliches Gewicht zu verleihen. EU-Botschafter wollen noch heute \u00fcber den Entwurf einer gemeinsamen Erkl\u00e4rung beraten.<\/p>\n<p>Doch schon im Vorfeld w\u00e4chst der Widerstand. Abgeordnete des Europ\u00e4ischen Parlaments kritisieren die Ann\u00e4herung an Kairo angesichts der zunehmenden Repression unter Pr\u00e4sident Abdel Fattah al-Sisi.<\/p>\n<p>In einem Schreiben an Kommissionspr\u00e4sidentin Ursula von der Leyen und Ratspr\u00e4sident Ant\u00f3nio Costa fordern die Abgeordneten Tineke Strik und Mounir Satouri, unterst\u00fctzt von \u00fcber 30 linken und gr\u00fcnen Parlamentariern, ein klares Signal an Abdel Fattah al-Sisi. Die EU-Spitze solle die Menschenrechtslage deutlich ansprechen und Finanzhilfen an konkrete demokratische Reformen kn\u00fcpfen.<\/p>\n<p><strong>China zu EU-Abgeordneten: NATO sollte nicht existieren<\/strong><\/p>\n<p>Beim ersten Treffen seit sieben Jahren zwischen der EU-Delegation f\u00fcr die Beziehungen zu China und chinesischen Vertretern erkl\u00e4rten letztere unverbl\u00fcmt, NATO solle \u201enicht mehr existieren\u201c \u2014 ein deutliches Signal, dass keine Entspannung in Sicht ist.<\/p>\n<p>Die chinesische Delegation stellte die Legitimit\u00e4t der Allianz grunds\u00e4tzlich in Frage und argumentierte, ihr Zweck sei mit dem Ende der Sowjetunion entfallen. Delegationschef Engin Eroglu nannte die \u00c4u\u00dferungen \u201eungeheuerlich\u201c und verwies auf den Krieg Russlands und die Bedrohung Osteuropas.<\/p>\n<p>\u201eSie haben jede Unterst\u00fctzung f\u00fcr Russlands Milit\u00e4r geleugnet, aber sie haben russische Rhetorik \u00fcbernommen\u201c, sagte Miriam Lexmann, die an dem dreist\u00fcndigen Treffen teilnahm. \u201eDas war kein Dialog.<\/p>\n<p><strong>Sakharov-Preis: Kandidaten stehen fest<\/strong><\/p>\n<p>EU-Abgeordnete haben am Mittwoch die drei Finalisten f\u00fcr den j\u00e4hrlichen Menschenrechtspreis des Parlaments benannt. Zur Auswahl stehen: ein belarussischer und ein georgischer Journalist (unterst\u00fctzt von der EVP), Journalisten und Helfer in Pal\u00e4stina (nominiert von den Sozialdemokraten) sowie serbische Studentenproteste (unterst\u00fctzt von Renew).<\/p>\n<p>Im vergangenen Jahr hatte die rechte Mehrheit venezolanische Oppositionskr\u00e4fte ausgezeichnet \u2014 Stichwort \u201e<a href=\"https:\/\/email.newsletter.euractiv.de\/c\/eJzckkGPmzAQhX_NcKmCbA_BcPCBDUFdbduN2vTSC3LwZHEFJjLDov77CmlXqdRLz72N5s375h2eM7bAsiwSMlLnIi9yFHnSG6etQ1dcs65AdaGLRFE6KrNyf3UWXZZ4o4TaSyG10CizPJXpBZQ-7BvcN9kBhZRVrhGUhkwEWueBmCmmtETbsX9NHSWD6ZlvM2AFqgHVrOt617tpBNVsTlAN97SjZd5xtGG2PNjAvtvZK1Pkflpeet4I2Cw8tvO0xI4A63cUqHzbj-T8MgLW9zRvSjcFpsCA9WMA9cA9gXro7M2zHbZpCuzDQi59u2eKG0fsxDvAjjfrXwJgffzSnj8e20N1ejxXn779p5l-TIE-yH94XR_b4_evz6eqfXr-fKqezsloZKGVzFEn0fykSKO3czr4AJn4Zftp2prBhmzX_mVu_-ycVMmrUb8DAAD__z4P5bE\" target=\"_blank\" rel=\"nofollow noopener noreferrer\">Venezuela-Mehrheit<\/a>\u201c. Der Gewinner wird am Mittwoch in Stra\u00dfburg bekanntgegeben.<\/p>\n<p>EU plant Start des European Space Shield im Jahr 2026<\/p>\n<p class=\"c-news-link__text\">\n\t\t\t\t\tDie Europ\u00e4ische Kommission plant, ihr neues Raumverteidigungsprogramm Space Shield zur Satellitenabwehr in der zweiten Jahresh\u00e4lfte\u2026\t\t\t\t<\/p>\n<p class=\"c-news-link__read-time\">\n\t\t\t\t\t2 Minuten\t\t\t\t<\/p>\n<p>\t\t\t\t\t<img loading=\"lazy\" decoding=\"async\" width=\"800\" height=\"534\" src=\"https:\/\/www.europesays.com\/de\/wp-content\/uploads\/2025\/10\/GettyImages-2235059635-1-800x534.jpg\" class=\"c-news-link__img\" alt=\"EU plant Start des European Space Shield im Jahr 2026\"\/>\t\t\t<\/p>\n<p>Europa im \u00dcberblick<\/p>\n<p><strong>PARIS\u00a0<\/strong><\/p>\n<p>Das franz\u00f6sische Au\u00dfenministerium hat die Verurteilung zweier franz\u00f6sischer Staatsb\u00fcrger durch die iranische Justiz als \u201ewillk\u00fcrlich\u201c verurteilt und ihre \u201esofortige Freilassung\u201c gefordert. C\u00e9cile Kohler und Jacques Paris, die 2022 w\u00e4hrend einer Reise in den Iran festgenommen wurden, sind am Dienstag zu 20 bzw. 17 Jahren Haft verurteilt worden \u2013 wegen angeblicher Spionage f\u00fcr franz\u00f6sische und israelische Geheimdienste. Paris sprach in j\u00fcngsten Briefen aus dem Gef\u00e4ngnis von einem \u201eScheinprozess\u201c. Nach ihrer Inhaftierung im Evin-Gef\u00e4ngnis bei Teheran wurden beide im Juni nach israelischen Luftangriffen in ein anderes Gef\u00e4ngnis verlegt. Frankreich bekr\u00e4ftigte, die Vorw\u00fcrfe seien unbegr\u00fcndet und politisch motiviert.<\/p>\n<p><strong>HELSINKI\u00a0<\/strong><\/p>\n<p>Zwei finnische Parlamentsabgeordnete sind nach einem Fraktionsbruch bei einer Abstimmung zur Beibehaltung des Nachtdienstes im Krankenhaus Oulaskangas von ihren Fraktionen suspendiert worden. Juha H\u00e4nninen von der Nationalen Koalition erhielt eine einmonatige Suspendierung, Mikko Polvinen von der Partei Die Finnen bis Ende Januar. Beide waren bereits zuvor wegen \u00e4hnlicher Verst\u00f6\u00dfe verwarnt worden. Janne Heikkinen (ebenfalls Nationale Koalition) kam mit einer Verwarnung davon. H\u00e4nninen erkl\u00e4rte, er habe \u201ekeine Reue\u201c und nach seinem Gewissen gehandelt. Die Parteispitzen betonten, die Geschlossenheit sei untergraben worden. Das Parlament lehnte die B\u00fcrgerinitiative zum Nachtdienst knapp mit 95 zu 85 Stimmen ab.<\/p>\n<p><strong>STOCKHOLM\u00a0<\/strong><\/p>\n<p>Die schwedische EU-Abgeordnete Emma Wiesner wird nicht als Nachfolgerin von Anna-Karin Hatt f\u00fcr den Parteivorsitz der Zentrumspartei kandidieren. Hatt war Anfang der Woche nach Drohungen und Anfeindungen zur\u00fcckgetreten. Wiesner\u00a0<a href=\"https:\/\/email.newsletter.euractiv.de\/c\/eJyskUGv0zAQhH_N5oIS2evUTg4-hKYR6AGvgnLhErnJQgyOU9luo_57FOlVIHHh8K47M5pPO6M2lajrKiPNlWSykoLJbNJ1JUZZYV0zJpjkpt7JsWSKEZ6_S1lSZjUy3HHGFVOCl7LgxRlQ7Xed2HXlXjDOG6kEoIKSeVqjo5QoFHQNZkj2VoyUOT2ldIkgGsAOsFvXtYi3VEQC7Px9okQBsLM-2F8UN4Ol6CnkN-tcbn2i_Oxs7u_5kDsaTSAQ3TXNfVyuYSAQ7aMNUG73mUZ7nUG0f4BelGHxiXwC0Z4mAnw7mItNxsUXOVHYYixnD7-ZL8b-8CDaw6f-9O7Q75vj-1Pz4csrIHxbPL3B_6huD_3h6-fnY9M_PX88Nk-nbNa8UsilUFnQPynQbE0snPVQsruZlmX7e9Jkhv6fcP_3ohyzm8bfAQAA___D-Kxs\" target=\"_blank\" rel=\"nofollow noopener noreferrer\">erkl\u00e4rte\u00a0<\/a>gegen\u00fcber dem Sender\u00a0SVT, sie wolle ihre Arbeit im Europaparlament fortsetzen, wo sie im EU-Wahlkampf \u201eenorme Unterst\u00fctzung\u201c erhalten habe. Stattdessen sprach sie sich f\u00fcr Elisabeth Thand Ringqvist aus, die eine Kandidatur noch nicht ausgeschlossen hat. Auch Ulrika Liljeberg h\u00e4lt sich eine Kandidatur offen und will vor dem Parteitag im November mit dem Nominierungskomitee sprechen.<\/p>\n<p><strong>VILNIUS\u00a0<\/strong><\/p>\n<p>Litauen wird seine steuerfreie Einkommensgrenze auch im kommenden Jahr nicht anheben. Regierungschefin Inga Ruginien\u0117 begr\u00fcndete dies mit einem \u201eengen Budgetrahmen\u201c sowie der Priorit\u00e4t f\u00fcr Verteidigung und soziale Sicherheit. Die Grenze bleibt 2026 bei 747 Euro pro Monat. Familien sollen stattdessen ab 2027 durch eine neue Steuererleichterung f\u00fcr Kinderbetreuung entlastet werden. Litauen plant, im kommenden Jahr 5,38 % des BIP f\u00fcr Verteidigung auszugeben \u2013 einer der h\u00f6chsten Werte innerhalb der NATO. Der Haushaltsentwurf 2026, der kommende Woche ins Parlament eingebracht wird, sieht steigende Einnahmen, Ausgaben und ein Defizit von 2,7 % vor.<\/p>\n<p><strong>ROM\u00a0<\/strong><\/p>\n<p>Der italienische\u00a0<a href=\"https:\/\/email.newsletter.euractiv.de\/c\/eJyskk-P0zAUxD-Nc0FY_pPYycGH0DQCLbARlAsXy01eWqPYjhynBT49SncrQFw47MlP85uRPfIblCl5VZUZKCoFEaXgRGRnlRejrEoAdiSi4iCFFLSAkUFRHfOc0swqRlhBCZVEcpoLTPERMbkrWl60-Y4TSmshOWIS5cTDdZkgJYgY1mj6ZC94gGxS55TmBfEasRax9nq94iFhByM-hQu2CbEWvs8hbsNiEyxPZxg2wYVhnW7SEPrVgU9W3yLGm8kuVs8xnIxz5qcNHv6ybSRuKNnePpGbpsdZb7UQa5uu7W4znocR8XZNTi9hjT0g3txLICY23cFgV4d487vnM-mDT-AT4s3hDIi96c1sk5mWZ5wgbjHymtz9xs3Gnjzizf6jPrzd613dvTvU7z-_wBO-Bg-v2H9c3ez1_sunx67WD48fuvrhkDlFS8mo4DKL6htEcNYseLIe5eSHOYewfWdSYHr9T1j_uSiUZRfFfgUAAP__bnXLow\" target=\"_blank\" rel=\"nofollow noopener noreferrer\">Haushaltsentwurf\u00a0<\/a>sieht Ma\u00dfnahmen im Umfang von 18 Milliarden Euro j\u00e4hrlich vor und bildet die Grundlage f\u00fcr den Haushalt 2026. Das Kabinett will den Entwurf noch heute beraten, die Sitzung k\u00f6nnte wegen Streit \u00fcber die Finanzierung aber auf Montag\u00a0<a href=\"https:\/\/email.newsletter.euractiv.de\/c\/eJysUk2P0zAQ_TXOBTnyR-K0hxxC0wi0wFZQLlyiqTNLvYrtyJ608O9RpF2BxIUDlznMmzfvPc1MLez0fr8rsJWNEWZntDDFtX26GF3JHapLpSqwEmo9TTUY0NVe19IWrlVC1VLIRjRaVqaU5YWp5lAPuh6qgxZSdqbRTDWsEgHveUYiTCWuCSy5WzlhMbdXoiUz3TE1MDXc7_dyhiVhzlg6YmpAG0P0DpgaNjmmBim2YpgaPIR4S8CVUIYDEWbgNwyYJsdd4Hby3APPjlMCIuAQbEzACZ4hOB4iJ8gZeV45_qAES4pPjsjxCecZ-QWCveLmSw8r-THHNVlkun8NwJTZ-h4nt3qm-98ZXxAbA2EgpvvztuithcURzPkFJkwbTXDxOg9-Afc9MN0fP43nd8fx0J3en7sPX_6DhW8x4Bv1D9L9cTx-_fx46saHx4-n7uFc-FbuGiWNborUPmNC7yCXswusEj_hGuN2SmoR7PgXefzzSaQqbq36FQAA__8ycsi0\" target=\"_blank\" rel=\"nofollow noopener noreferrer\">verschoben werden<\/a>. Noch ist unklar, in welchem Umfang Mittel zur Verf\u00fcgung stehen \u2013 insbesondere der Beitrag der Banken ist offen. Ein Gro\u00dfteil der Finanzierung d\u00fcrfte aus Anpassungen des nationalen Aufbauplans (PNRR) stammen. Zugleich laufen Verhandlungen \u00fcber eine freiwillige Abgabe f\u00fcr Banken und Versicherer \u2013 ein\u00a0<a href=\"https:\/\/email.newsletter.euractiv.de\/c\/eJyskUGP0zAQhX-Nc0GJPOPETg8-hKYRaIGtoFy4RNNkdmPU2MVxguDXo0pbgcSFA9d58-Z9mjdaqtVuV2dswWipa62kziaramNYw3AeKxiBgQDKCgxiOT6xRJ05ixIrkGCkUVDqAoqzQLOvOlV15V5JgEYbJdCIUnr-vlw4JY4Fr5GG5LZi5Oxip5Sui1CNwE5g9211T86T_0mFSwI7HoIPsyOB3XPYOPqQj25zS8jP5IeJ85l82CLlKFEL7HZKlbK63VLdmuZ-CWscWKj2HipQ3-Yzj26dhWp_c70oQ_CJfRKqPU0s8PVAV5fosrzIiePNJnN536f5Su7ZC9UePvSnN4d-3xzfnpp3n_4Dwpfg-RX-Q3R76A-fPz4em_7h8f2xeThls4XaIGhlsmi_cuTZ0VJcnBel_EFTCLf3J8s09H-Z-z-LBcw2i78CAAD__wuzrVo\" target=\"_blank\" rel=\"nofollow noopener noreferrer\">Streitpunkt\u00a0<\/a>innerhalb der Koalition und mit dem Finanzsektor.<\/p>\n<p><strong>MADRID\u00a0<\/strong><\/p>\n<p>Spaniens konservative Oppositionspartei Partido Popular hat Regierungschef Pedro S\u00e1nchez f\u00fcr den 30. Oktober vor den Senatsausschuss zur \u201eKoldo-Aff\u00e4re\u201c\u00a0<a href=\"https:\/\/email.newsletter.euractiv.de\/c\/eJyskkGP0zAQhX-Nc0GJ7HFiu4ccQtMItMBWUC5coqkzbAyJXdlOK_j1qNKuQOLCgePMm6f5RvOmFo3c7UxBrdCKK6MkV8Xc6rOABmpRa7DG0Fe1s9oQCk0KlSIsXAscGsGF5lqKWlWiOjPQ-2aQzVDvJReiU1oy0Kzmnm5poZwpVrRFtNldq4mKpZ1zviQmOwYDg-F2u1W0TA6jCxUlBsMlLC47iwyGhN7O9LOcyC4YMWJpw-qSC750_kopuye09yqRxymUFlMov4dlCqXkZbB5O0caxShAGVM3pprzujA5bHkdU9iiJSb7FzoG6t5faXLbymT_-4BnxQafyWcm-9NMDF5bvLiMS3qWM8W7jZf8ZR7XC7onz2R_-DCe3hzGfXd8e-reffoPCF-Cp1fwD6v7w3j4_PHx2I0Pj--P3cOpWFthNAgldRHbbxRpdZiqxXlW8x84h3D_U24J7fiXefwzAQKKawu_AgAA__85Y75T\" target=\"_blank\" rel=\"nofollow noopener noreferrer\">geladen<\/a>. Das best\u00e4tigte ein Sprecher der PP am Donnerstag. PP-Chef Alberto N\u00fa\u00f1ez Feij\u00f3o hatte bereits\u00a0<a href=\"https:\/\/email.newsletter.euractiv.de\/c\/eJysks-O1DAMxp8mvaBU-dMmM4ccynQq0AI7guHCpXJTL83SJlWS7gieHlXsCiQuHLjZ_vzJP8seDRzk8Xgo0HCtmDooyVQxGRhAQyV4re3DyEclUNlKox300Q51JQtnBBM1Z1wzLXmlSl4OROhT3cm6q06Scd4oLYnQpGIeb2nGnDGWuEWw2T2VIxazmXJeE5ENER0R3e122_WwwhoxpRITEZ0H64KHeQ9DdtYBfUD3GAIFv_k9XVdqXYYINIG3E_6gweZtiEhtWFxywVMLKdBvYR4DTehhDPQXPTuwI5e1KKe8zER2W176FLZokcj2BZUItdcXHN22ENn-3uZZscFn9JnI9johEa8trC7DnJ7ljHG3Mcpe-mFZwX31RLbnD_31zbk_NZe31-bdp_-A8CV4fCX-YXR77s-fP95fmv7u_v2lubsWi-EHLbiSuojmESMuDlI5O08q9h2mEPajZYNg-7_M_Z_vwEXxZMTPAAAA__-GfsM1\" target=\"_blank\" rel=\"nofollow noopener noreferrer\">angek\u00fcndigt<\/a>, den Ministerpr\u00e4sidenten vorzuladen, nachdem ein neuer Bericht der Guardia Civil Bargeldzahlungen im Umfeld des fr\u00fcheren Verkehrsministers Jos\u00e9 Luis \u00c1balos nahelegte. Der Oberste Gerichtshof ermittelt gegen \u00c1balos und seinen Ex-Berater Koldo Garc\u00eda wegen eines\u00a0<a href=\"https:\/\/email.newsletter.euractiv.de\/c\/eJyskcGO0zAURb_G2SBH9nNquwsvQtMINMBUUDZsItd5nRglcWU7jeDrUaQZDRIbFrP19XnnSrc3Vov9XhdouJJMaimYLAYDzCJc9r12_Y7Lq9BCatmj2jt-qfSFFd4Agx1nXDEleCVLXl4IqMOuFbu2OgjGeS2VIKBIxWZc04g5YyxxidZlfy97LEYz5HxLRNQEWgLtuq6vuQsTgXYjCbTJzm7A3_Tqn4ac6DVE6sKcYxipTfQWRp-9syN10SefqE_0aiMNd4zbZdEueepSWKJDIpoXBQG5vU_Y-2Uionlt-ZxsCpwzEc15QALvnb35bMf0HGeMG8Yoe_lvp5v1TzMRzfFLd_5w7A716eO5_vTtDSr8CDO-g_9QN8fu-P3r46nuHh4_n-qHczEZrhVwKVQRzU-MOHmbytHPpGK_7BDCNkY2aF33D9z9PTOH4m7gTwAAAP__yEK1cA\" target=\"_blank\" rel=\"nofollow noopener noreferrer\">mutma\u00dflichen Netzwerks<\/a>\u00a0manipulierter \u00f6ffentlicher Auftr\u00e4ge, in das auch PSOE-nahe Personen involviert sein sollen.<\/p>\n<p><strong>PRAG\u00a0<\/strong><\/p>\n<p>Die scheidende tschechische Regierung hat entschieden, den Haushaltsentwurf 2026 nicht dem neuen Parlament vorzulegen \u2013 damit steht das Land vorerst ohne Finanzplan f\u00fcr das kommende Jahr da. Der urspr\u00fcngliche Entwurf mit einem Defizit von 11,5 Milliarden Euro war noch vor den Parlamentswahlen eingereicht worden, kann aber vom neu gew\u00e4hlten Parlament nicht mehr behandelt werden. Wahlsieger und designierter Premier Andrej Babi\u0161 kritisierte die Entscheidung scharf und warnte vor Verz\u00f6gerungen bei Infrastrukturprojekten und der Gesundheitsversorgung. Der bisherige Regierungschef Petr Fiala wies die Kritik zur\u00fcck: Das neue Kabinett k\u00f6nne rasch einen eigenen Haushaltsentwurf vorlegen.<\/p>\n<p><a rel=\"nofollow noopener noreferrer\">Ebenfalls lesenswert auf Euractiv<\/a><\/p>\n<p><strong>Europas Sozialdemokraten ringen in Amsterdam mit Identit\u00e4tskrise<\/strong><\/p>\n<p>Europas Sozialdemokraten sind nach Amsterdam gereist, um \u00fcber die Zukunft ihrer Bewegung zu beraten. Spitzenvertreter kommen am Freitag zusammen, um \u00fcber eine gemeinsame politische Linie f\u00fcr die europ\u00e4ische Mitte-Links zu entscheiden.<\/p>\n<p>Das Treffen der Sozialdemokratischen Partei Europas (SPE), dem Dachverband der sozialdemokratischen Parteien Europas, findet vor dem Hintergrund sinkender Wahlergebnisse in der EU statt. Sozialdemokratische Regierungschefs stellen derzeit nur in drei der 27 EU-Mitgliedstaaten die Regierung. Von den vier sozialdemokratischen Mitgliedern der EU-Kommission werden lediglich Roxana Minzatu und Teresa Ribera an dem Treffen teilnehmen.<\/p>\n<p>Die Konferenz bietet der Mitte-Links-Fraktion die Gelegenheit, wachsende Gr\u00e4ben zu \u00fcberbr\u00fccken. Die Partei ist zunehmend entlang regionaler Linien gespalten \u2013 vor allem bei Themen wie Migration, LGBT-Rechten und Verteidigungspolitik. Mehr dazu\u00a0<a href=\"https:\/\/email.newsletter.euractiv.de\/c\/eJyskUFv1DAQhX-Nc0GJbM-unRx8SDeJQAW6guXCJXLiadcotle206j_HkWiKogLB67z9M170meUrqFp6gIVk4KKWgAVxVVNtDkK0UyNoY_Y1JOAmnODIMVkgGpTWMUpPzLKJJXADqJi1US4PB0HOA6HE1DGWiGBcEkO1OOWFswZY4Vr1HO2z5XBYlHXnG-JQEv4QPiwbdtbPgdH-LCThA-4xnBD7csUZqsXm3IqH_WMpTXos80v5Rxtsql0iNn6p9L6UruUMRq9vyEwrNmNKaxxRgLdawvhYr87NHZ1BLq3ob-SOfiMPhPo2iUFwu-CJ_yu_xPPGHeYlvSV0u6m7ZMn0PWfx8v7fjy15w-X9uPX_zDke_D4Dv6huuvH_tuXh3M73j98Orf3l8IpVkvOBMgiqh8Y0VmdqsV6cqAv-hrCbiUr1PP4Fzz-7pvx4lnxnwEAAP__BBS45w\" target=\"_blank\" rel=\"nofollow noopener noreferrer\">hier<\/a>.<\/p>\n<p><strong>Tusk zur Halbzeit: Sicherheitsgewinne \u00fcberdecken gebrochene Versprechen<\/strong><\/p>\n<p>In Br\u00fcssel als Symbol f\u00fcr \u201ePolens R\u00fcckkehr nach Europa\u201c gefeiert, hat die Regierung von Donald Tusk zur Halbzeit ihrer Amtszeit mit wachsender Unzufriedenheit in der Bev\u00f6lkerung, Spannungen in der Koalition und Vorw\u00fcrfen gebrochener Versprechen zu k\u00e4mpfen.<\/p>\n<p>Zwei Jahre nach Amtsantritt ist die Frustration der W\u00e4hler deutlich gestiegen: Laut einer aktuellen Umfrage des Instituts SW Research f\u00fcr das Portal Onet sind 60 Prozent der Polen unzufrieden mit der Regierungsarbeit. Von 100 konkreten Wahlversprechen des B\u00fcndnisses KO wurden bislang nur 19 vollst\u00e4ndig umgesetzt. Zentrale Zusagen \u2013 etwa die Anhebung des steuerfreien Einkommens auf 14.000 Euro \u2013 sind nach wie vor unerf\u00fcllt.\u00a0<a href=\"https:\/\/email.newsletter.euractiv.de\/c\/eJyskb2O1DAUhZ_mpkGObF_nZwoX2U0i0AI7gqGhiTzJZccQxyPbmWjfHkVitSAaCtpz9Ol80pm0qfFwqDPSoip5WZfIy-yia1krxcVZoSoU0jd-xolzQ3UxHYQ8YGa15LIQXFS8QqHKXORnkNV90WPRq3vkQjRlhSArUHyhLc6UEoWc1mDGZG_5RNmsLyldI2ADsgfZb9v22o_egex3EmSf1viDmcScnVii4FikcQ02PbMnY5fI_I1CvJjJbywmM880sWvwzkbaacB-TW6Ifg0jAbYvGyDLPXc02dUBtq-av5rRL4mWBNg2c_Qg7_wC8q77E999AFvO-Atl3NXYpwWw7T4Op7fdcN8c352a95__g8hXv9Ab_Ifpthu6L58ej83w8Pjh2DycMqdFXUlRYpUF_Z0COWtiPtsFFH82F-_3T5ImMw5_wcPvbwuZ3bT8GQAA__-pyLdR\" target=\"_blank\" rel=\"nofollow noopener noreferrer\">Weiterlesen<\/a>.<\/p>\n<p><a rel=\"nofollow noopener noreferrer\">Agenda<\/a><\/p>\n<ul>\n<li>Kongress der Sozialdemokratischen Partei Europas in Amsterdam<\/li>\n<li>Tagung des Rates \u201eBesch\u00e4ftigung und Sozialpolitik\u201c in Luxemburg<\/li>\n<li>Sitzung des Ausschuss der St\u00e4ndigen Vertreter (Coreper II)<\/li>\n<\/ul>\n","protected":false},"excerpt":{"rendered":"Rapporteur-DE-1182&#215;788 Willkommen bei Rapporteur! Jeden Tag liefern wir Ihnen die wichtigsten Nachrichten und Hintergr\u00fcnde aus der EU- und&hellip;\n","protected":false},"author":2,"featured_media":505420,"comment_status":"","ping_status":"","sticky":false,"template":"","format":"standard","meta":{"footnotes":""},"categories":[3933],"tags":[331,332,548,663,158,3934,3935,13,14,15,12],"class_list":{"0":"post-505419","1":"post","2":"type-post","3":"status-publish","4":"format-standard","5":"has-post-thumbnail","7":"category-eu","8":"tag-aktuelle-nachrichten","9":"tag-aktuelle-news","10":"tag-eu","11":"tag-europa","12":"tag-europaeische-union","13":"tag-europe","14":"tag-european-union","15":"tag-headlines","16":"tag-nachrichten","17":"tag-news","18":"tag-schlagzeilen"},"share_on_mastodon":{"url":"https:\/\/pubeurope.com\/@de\/115388717125394361","error":""},"_links":{"self":[{"href":"https:\/\/www.europesays.com\/de\/wp-json\/wp\/v2\/posts\/505419","targetHints":{"allow":["GET"]}}],"collection":[{"href":"https:\/\/www.europesays.com\/de\/wp-json\/wp\/v2\/posts"}],"about":[{"href":"https:\/\/www.europesays.com\/de\/wp-json\/wp\/v2\/types\/post"}],"author":[{"embeddable":true,"href":"https:\/\/www.europesays.com\/de\/wp-json\/wp\/v2\/users\/2"}],"replies":[{"embeddable":true,"href":"https:\/\/www.europesays.com\/de\/wp-json\/wp\/v2\/comments?post=505419"}],"version-history":[{"count":0,"href":"https:\/\/www.europesays.com\/de\/wp-json\/wp\/v2\/posts\/505419\/revisions"}],"wp:featuredmedia":[{"embeddable":true,"href":"https:\/\/www.europesays.com\/de\/wp-json\/wp\/v2\/media\/505420"}],"wp:attachment":[{"href":"https:\/\/www.europesays.com\/de\/wp-json\/wp\/v2\/media?parent=505419"}],"wp:term":[{"taxonomy":"category","embeddable":true,"href":"https:\/\/www.europesays.com\/de\/wp-json\/wp\/v2\/categories?post=505419"},{"taxonomy":"post_tag","embeddable":true,"href":"https:\/\/www.europesays.com\/de\/wp-json\/wp\/v2\/tags?post=505419"}],"curies":[{"name":"wp","href":"https:\/\/api.w.org\/{rel}","templated":true}]}}