{"id":505421,"date":"2025-10-17T09:07:19","date_gmt":"2025-10-17T09:07:19","guid":{"rendered":"https:\/\/www.europesays.com\/de\/505421\/"},"modified":"2025-10-17T09:07:19","modified_gmt":"2025-10-17T09:07:19","slug":"sorge-um-us-regionalbankkrise-analyst-die-angst-ist-zurueck-auf-dem-parkett","status":"publish","type":"post","link":"https:\/\/www.europesays.com\/de\/505421\/","title":{"rendered":"Sorge um US-Regionalbankkrise: Analyst: &#8222;Die Angst ist zur\u00fcck auf dem Parkett.&#8220;"},"content":{"rendered":"<p id=\"newsArticleSummary\">\n        Die Sorge vor einer neuen Bankenkrise nehmen zu: Nach den Problemen bei Zions und Western Alliance st\u00fcrzen die Aktien von US-Regionalbanken ab. Analyst Thomas Altmann warnt: &#8222;die Angst ist zur\u00fcck auf dem Parkett&#8220;.    <\/p>\n<p>\n  Die US-Regionalbanken Zions und Western Alliance erleiden massive Abschreibungen, was zu zweistelligen Kursverlusten f\u00fchrt. Die Wall Street zeigt sich besorgt \u2013 steht eine neue Regionalbankkrise<br \/>\n  bevor? Der S&amp;P Regional Banks Select Industry Index erlebte am Donnerstag einen R\u00fcckgang um 6,3 Prozent, den gr\u00f6\u00dften seit April dieses Jahres, als die M\u00e4rkte durch Zollstreitigkeiten<br \/>\n  ersch\u00fcttert wurden.\n<\/p>\n<p>\n  Die j\u00fcngsten Kursverluste, die Sorgen um ein Wiederaufflammen der US-Regionalbankenkrise von 2023 sch\u00fcren, wurden durch die Nachricht ausgel\u00f6st, dass Zions Bancorp und Western Alliance Bancorp<br \/>\n  Opfer betr\u00fcgerischer Gesch\u00e4fte im Zusammenhang mit Krediten an Fonds geworden sind, die in notleidende Gewerbeimmobilien investieren. Die Aktie von Zions Bancorp schloss den gestrigen Handelstag<br \/>\n  mit einem Minus von mehr als 13 Prozent ab, die von Western Alliance Bancorp mit einem Minus von knapp 11 Prozent.\n<\/p>\n<p>                                        <a style=\"text-decoration:none;\" href=\"https:\/\/www.wallstreet-online.de\/nachrichten\/autor\/wallstreet-online-redaktion\" target=\"_blank\" rel=\"noopener\"><br \/>\n                                <img style=\"padding: 0 10px 10px 0;\" class=\"img-fluid d-block loadOnSight\" rel=\"\/\/assets.wallstreet-online.de\/_media\/3278\/nl\/size_59\/bild-2023-07-26-162724843.png\" alt=\"Autor\"\/><\/p>\n<p>                            <\/a><\/p>\n<p>wallstreetONLINE Redaktion<\/p>\n<p>0 Follower                    <\/p>\n<p>                                <img style=\"padding: 0 10px 10px 0;\" class=\"img-fluid d-block loadOnSight\" rel=\"\/\/assets.wallstreet-online.de\/_media\/3278\/nl\/size_59\/bild-2023-07-26-162724843.png\" alt=\"Autor\"\/><\/p>\n<p>\n                            Mehr anzeigen\n                        <\/p>\n<p>Melden Sie sich <a href=\"https:\/\/www.wallstreet-online.de\/newsletter\" target=\"_blank\" rel=\"noopener\">HIER f\u00fcr den Newsletter der wallstreetONLINE Redaktion an<\/a> &#8211; alle Top-Themen der B\u00f6rsenwoche im \u00dcberblick! Verpassen Sie kein wichtiges Anleger-Thema!&#13;\n<\/p>\n<p>&#13;<br \/>\nF\u00fcr Beitr\u00e4ge auf diesem journalistischen Channel ist die Chefredaktion der wallstreetONLINE Redaktion verantwortlich.<\/p>\n<p>Die Fachjournalisten der wallstreetONLINE Redaktion berichten hier mit ihren Kolleginnen und Kollegen aus den Partnerredaktionen exklusiv, fundiert, ausgewogen sowie unabh\u00e4ngig f\u00fcr den Anleger.<\/p>\n<p>Die Zentralredaktion recherchiert intensiv, um Anlegern der Kategorie Selbstentscheider relevante Informationen f\u00fcr ihre Anlageentscheidungen liefern zu k\u00f6nnen.<\/p>\n<p>NEU: Podcast &#8222;B\u00f6rse, Baby!&#8220;<\/p>\n<p>\n                            Mehr anzeigen\n                        <\/p>\n<p>                        <a href=\"https:\/\/www.wallstreet-online.de\/rss\/nachrichten\/wallstreet-online-redaktion\" title=\"RSS-Feed des Autors wallstreetONLINE Redaktion\" target=\"_blank\" rel=\"noopener\"><img decoding=\"async\" src=\"https:\/\/assets.wallstreet-online.de\/frontend\/img\/icons\/icons\/rss.svg\" alt=\"RSS Icon\" class=\"imgSvg me-1\" style=\"width:16px;height:16px\"\/><\/a><a style=\"vertical-align:top;\" href=\"https:\/\/www.wallstreet-online.de\/rss\/nachrichten\/wallstreet-online-redaktion\" title=\"RSS-Feed des Autors wallstreetONLINE Redaktion\" target=\"_blank\" class=\"text-subdued-alpha\" rel=\"noopener\">RSS-Feed abonnieren<\/a><\/p>\n","protected":false},"excerpt":{"rendered":"Die Sorge vor einer neuen Bankenkrise nehmen zu: Nach den Problemen bei Zions und Western Alliance st\u00fcrzen die&hellip;\n","protected":false},"author":2,"featured_media":505422,"comment_status":"","ping_status":"","sticky":false,"template":"","format":"standard","meta":{"footnotes":""},"categories":[5],"tags":[28615,331,332,126188,3364,29,18869,30,13,14,15,12,126187,67754],"class_list":{"0":"post-505421","1":"post","2":"type-post","3":"status-publish","4":"format-standard","5":"has-post-thumbnail","7":"category-nachrichten","8":"tag-aktienindex","9":"tag-aktuelle-nachrichten","10":"tag-aktuelle-news","11":"tag-anlegervertrauen","12":"tag-de","13":"tag-deutschland","14":"tag-finanzkrise","15":"tag-germany","16":"tag-headlines","17":"tag-nachrichten","18":"tag-news","19":"tag-schlagzeilen","20":"tag-us-regionalbanken","21":"tag-volatilitaet"},"share_on_mastodon":{"url":"https:\/\/pubeurope.com\/@de\/115388720535317732","error":""},"_links":{"self":[{"href":"https:\/\/www.europesays.com\/de\/wp-json\/wp\/v2\/posts\/505421","targetHints":{"allow":["GET"]}}],"collection":[{"href":"https:\/\/www.europesays.com\/de\/wp-json\/wp\/v2\/posts"}],"about":[{"href":"https:\/\/www.europesays.com\/de\/wp-json\/wp\/v2\/types\/post"}],"author":[{"embeddable":true,"href":"https:\/\/www.europesays.com\/de\/wp-json\/wp\/v2\/users\/2"}],"replies":[{"embeddable":true,"href":"https:\/\/www.europesays.com\/de\/wp-json\/wp\/v2\/comments?post=505421"}],"version-history":[{"count":0,"href":"https:\/\/www.europesays.com\/de\/wp-json\/wp\/v2\/posts\/505421\/revisions"}],"wp:featuredmedia":[{"embeddable":true,"href":"https:\/\/www.europesays.com\/de\/wp-json\/wp\/v2\/media\/505422"}],"wp:attachment":[{"href":"https:\/\/www.europesays.com\/de\/wp-json\/wp\/v2\/media?parent=505421"}],"wp:term":[{"taxonomy":"category","embeddable":true,"href":"https:\/\/www.europesays.com\/de\/wp-json\/wp\/v2\/categories?post=505421"},{"taxonomy":"post_tag","embeddable":true,"href":"https:\/\/www.europesays.com\/de\/wp-json\/wp\/v2\/tags?post=505421"}],"curies":[{"name":"wp","href":"https:\/\/api.w.org\/{rel}","templated":true}]}}