{"id":505429,"date":"2025-10-17T09:12:20","date_gmt":"2025-10-17T09:12:20","guid":{"rendered":"https:\/\/www.europesays.com\/de\/505429\/"},"modified":"2025-10-17T09:12:20","modified_gmt":"2025-10-17T09:12:20","slug":"wunschaufstellungen-zu-tsv-1860-muenchen-2","status":"publish","type":"post","link":"https:\/\/www.europesays.com\/de\/505429\/","title":{"rendered":"Wunschaufstellungen zu TSV 1860 M\u00fcnchen"},"content":{"rendered":"<p>Bei den L\u00f6wen sitzt mit Markus Kauczinski ein neuer Trainer am Ruder und fast alle Spieler fangen wieder bei Null an. Lediglich Max Reinthaler hat beim SV Wehen Wiesbaden bereits mit dem neuen \u00dcbungsleiter zusammengearbeitet und berichtet viel Positives? Ob sich die Ver\u00e4nderung auf der Trainerposition f\u00fcr den S\u00fcdtiroler positiv auswirkt? Wie sehen die Wunschaufstellungen der Redakteure f\u00fcr das Heimspiel des TSV 1860 M\u00fcnchen gegen den MSV Duisburg aus?<\/p>\n<p><strong>Wunschaufstellungen zu TSV 1860 \u2013 MSV Duisburg<\/strong><br \/>\nThomas Enn<\/p>\n<p>Auf eine breite Raute im 4-4-2 setzt Thomas und hat neben Max Reinthaler noch eine weitere \u00fcberraschende Personalie auf Lager. Philipp Maier soll im defensiven Mittelfeld abr\u00e4umen und den Offensivkr\u00e4ften den R\u00fccken frei halten. Im Sturm d\u00fcrfen Florian Niederlechner und Patrick Hobsch gemeinsam f\u00fcr Gefahr sorgen.<\/p>\n<p><img fetchpriority=\"high\" decoding=\"async\" class=\"aligncenter wp-image-126836\" src=\"data:image\/svg+xml,%3Csvg%20xmlns=\" http:=\"\" alt=\"\" width=\"500\" height=\"395\" data-lazy- data-lazy- data-lazy-src=\"https:\/\/www.europesays.com\/de\/wp-content\/uploads\/2025\/10\/aufstellung-tsv-1860-msv-duisburg-thomas-enn-300x237.jpg\"\/><\/p>\n<p>Peter Gratz<\/p>\n<p>Auch Peter bevorzugt das Spielsystem 4-4-2, wobei seine Raute im Mittelfeld schmaler angelegt ist. Reinthaler und Maier kommen auch bei ihm in die Startelf, zudem feiert Samuel Althaus sein Drittliga-Deb\u00fct. Peters Plan sieht vor, dass die beiden Au\u00dfenverteidiger sehr weit vorschieben und Philipp Maier sich dann zur Absicherung ein eine Dreierkette mit den Innenverteidigern fallen l\u00e4sst.<\/p>\n<p><img loading=\"lazy\" decoding=\"async\" class=\"aligncenter wp-image-126837\" src=\"data:image\/svg+xml,%3Csvg%20xmlns=\" http:=\"\" alt=\"\" width=\"500\" height=\"395\" data-lazy- data-lazy- data-lazy-src=\"https:\/\/www.europesays.com\/de\/wp-content\/uploads\/2025\/10\/aufstellung-tsv-1860-msv-duisburg-peter-gratz-300x237.jpg\"\/><\/p>\n<p>Thomas Spiesl<\/p>\n<p>Unser Mann in der L\u00f6wenrunde sieht die L\u00f6wen im 4-2-3-1 und zieht Siemen Voet \u2013 so wie Namensvetter Thomas Enn \u2013 auf die linke Abwehrseite. Auf der Doppelsechs nimmt Maier den destruktiven Part ein, w\u00e4hrend Dulic f\u00fcr Kreativit\u00e4t sorgen soll. Von den Au\u00dfenpositionen sollen Manuel Pfeifer und Sigurd Haugen die einzige Spitze Florian Niederlechner f\u00fcttern.<\/p>\n<p><img loading=\"lazy\" decoding=\"async\" class=\"aligncenter wp-image-126839\" src=\"data:image\/svg+xml,%3Csvg%20xmlns=\" http:=\"\" alt=\"\" width=\"500\" height=\"396\" data-lazy- data-lazy- data-lazy-src=\"https:\/\/www.europesays.com\/de\/wp-content\/uploads\/2025\/10\/aufstellung-tsv-1860-msv-duisburg-thomas-spiesl-300x238.jpg\"\/><\/p>\n<p>Stefan Kranzberg<\/p>\n<p>4-2-2-2 ist das System der Wahl bei Stefan, tats\u00e4chlich als einziger Redakteur auf Max Reinthaler und Marvin Rittm\u00fcller in der Startelf verzichtet. Auf der rechten Abwehrseite gibt er Tim Danhof den Vorzug, im Zentrum sollen Voet und Dulic f\u00fcr Stabilit\u00e4t sorgen. Die Doppelsechs bilden Jacobsen und Tunay Deniz, im offensiven Mittelfeld sind Kevin Volland und Startelf-Deb\u00fctant Emre Erdogan daf\u00fcr zust\u00e4ndig, die beiden Spitzen Florian Niederlechner und Sigurd Haugen in Szene zu setzen.<\/p>\n<p><img loading=\"lazy\" decoding=\"async\" class=\"aligncenter wp-image-126840\" src=\"data:image\/svg+xml,%3Csvg%20xmlns=\" http:=\"\" alt=\"\" width=\"500\" height=\"396\" data-lazy- data-lazy- data-lazy-src=\"https:\/\/www.europesays.com\/de\/wp-content\/uploads\/2025\/10\/aufstellung-tsv-1860-msv-duisburg-stefan-kranzberg-300x238.jpg\"\/><\/p>\n<p>Christian Jung<\/p>\n<p>Als einziger Redakteur kehrt Christian zu Dreierkette zur\u00fcck und l\u00e4sst die L\u00f6wen im 3-5-2 auflaufen. Deniz und vor allem Maier sollen die Defensive unterst\u00fctzen, w\u00e4hrend im Offensivbereich Pfeifer, Volland und Rittm\u00fcller die beiden St\u00fcrmer Sigurd Haugen und Florian Niederlechner mit Vorlagen versorgen sollen.<\/p>\n<p><img loading=\"lazy\" decoding=\"async\" class=\"aligncenter wp-image-126841\" src=\"data:image\/svg+xml,%3Csvg%20xmlns=\" http:=\"\" alt=\"\" width=\"500\" height=\"395\" data-lazy- data-lazy- data-lazy-src=\"https:\/\/www.europesays.com\/de\/wp-content\/uploads\/2025\/10\/aufstellung-tsv-1860-msv-duisburg-christian-jung-300x237.jpg\"\/><\/p>\n<p><strong>Deine Meinung ist gefragt<\/strong><\/p>\n<p>Welche der aufgef\u00fchrten Aufstellungen kommt Deiner Wunschelf am n\u00e4chsten? Oder hast Du ganz andere Ideen? Wir sind gespannt auf Deinen Vorschlag!<\/p>\n<p>Grafiken:\u00a0<a href=\"https:\/\/www.meineaufstellung.de\/\" target=\"_blank\" rel=\"noopener nofollow\">meineaufstellung.de<\/a><\/p>\n<p><img loading=\"lazy\" decoding=\"async\" class=\"no-lazy-load\" src=\"data:image\/svg+xml,%3Csvg%20xmlns=\" http:=\"\" alt=\"\" style=\"display:none\" width=\"1\" height=\"1\" data-lazy-src=\"https:\/\/www.europesays.com\/de\/wp-content\/uploads\/2025\/10\/2751c55d4cfc47048711c9b01a186188.gif\"\/><\/p>\n<p>&#13;<br \/>\n                    0&#13;<br \/>\n                    0&#13;<br \/>\n                    votes<\/p>\n<p>Artikelbewertung<\/p>\n","protected":false},"excerpt":{"rendered":"Bei den L\u00f6wen sitzt mit Markus Kauczinski ein neuer Trainer am Ruder und fast alle Spieler fangen wieder&hellip;\n","protected":false},"author":2,"featured_media":505430,"comment_status":"","ping_status":"","sticky":false,"template":"","format":"standard","meta":{"footnotes":""},"categories":[1838],"tags":[23228,3364,29,3715,30,1209,32850],"class_list":{"0":"post-505429","1":"post","2":"type-post","3":"status-publish","4":"format-standard","5":"has-post-thumbnail","7":"category-duisburg","8":"tag-23228","9":"tag-de","10":"tag-deutschland","11":"tag-duisburg","12":"tag-germany","13":"tag-nordrhein-westfalen","14":"tag-wunschaufstellungen"},"share_on_mastodon":{"url":"https:\/\/pubeurope.com\/@de\/115388740139401818","error":""},"_links":{"self":[{"href":"https:\/\/www.europesays.com\/de\/wp-json\/wp\/v2\/posts\/505429","targetHints":{"allow":["GET"]}}],"collection":[{"href":"https:\/\/www.europesays.com\/de\/wp-json\/wp\/v2\/posts"}],"about":[{"href":"https:\/\/www.europesays.com\/de\/wp-json\/wp\/v2\/types\/post"}],"author":[{"embeddable":true,"href":"https:\/\/www.europesays.com\/de\/wp-json\/wp\/v2\/users\/2"}],"replies":[{"embeddable":true,"href":"https:\/\/www.europesays.com\/de\/wp-json\/wp\/v2\/comments?post=505429"}],"version-history":[{"count":0,"href":"https:\/\/www.europesays.com\/de\/wp-json\/wp\/v2\/posts\/505429\/revisions"}],"wp:featuredmedia":[{"embeddable":true,"href":"https:\/\/www.europesays.com\/de\/wp-json\/wp\/v2\/media\/505430"}],"wp:attachment":[{"href":"https:\/\/www.europesays.com\/de\/wp-json\/wp\/v2\/media?parent=505429"}],"wp:term":[{"taxonomy":"category","embeddable":true,"href":"https:\/\/www.europesays.com\/de\/wp-json\/wp\/v2\/categories?post=505429"},{"taxonomy":"post_tag","embeddable":true,"href":"https:\/\/www.europesays.com\/de\/wp-json\/wp\/v2\/tags?post=505429"}],"curies":[{"name":"wp","href":"https:\/\/api.w.org\/{rel}","templated":true}]}}