{"id":505440,"date":"2025-10-17T09:18:10","date_gmt":"2025-10-17T09:18:10","guid":{"rendered":"https:\/\/www.europesays.com\/de\/505440\/"},"modified":"2025-10-17T09:18:10","modified_gmt":"2025-10-17T09:18:10","slug":"preussen-muenster-dynamo-dresden-im-tv-so-sehen-sie-die-2-bundesliga-live-sport","status":"publish","type":"post","link":"https:\/\/www.europesays.com\/de\/505440\/","title":{"rendered":"Preu\u00dfen M\u00fcnster \u2013 Dynamo Dresden im TV: So sehen Sie die 2. Bundesliga LIVE | Sport"},"content":{"rendered":"<p><b>Dynamo bangt um Punkte und Personal!<\/b><\/p>\n<p>In der 2. Bundesliga trifft der SC Preu\u00dfen M\u00fcnster am Samstag (13 Uhr) auf Dynamo Dresden \u2013 ein Duell zweier Teams, die dringend Punkte brauchen. W\u00e4hrend Aufsteiger M\u00fcnster mit zehn Z\u00e4hlern und Platz elf im soliden Mittelfeld steht, steckt Dresden mit nur sechs Punkten auf Rang 16 tief im Tabellenkeller.<\/p>\n<p><a href=\"https:\/\/www.bild.de\/sport\/fussball\/fussball-heute-im-tv-livestream-qEYD7w34AxZwCfgZbXhX\" class=\"text-link\" target=\"_blank\" rel=\"noopener\">BILD erkl\u00e4rt Ihnen, wo Sie das Spiel im TV, Livestream und Live-Ticker verfolgen k\u00f6nnen. <\/a><\/p>\n<p>2. Bundesliga im TV: Wer zeigt M\u00fcnster \u2013\u00a0Dynamo Dresden live?<\/p>\n<p><b>Die Partie in der <\/b><a href=\"https:\/\/www.bild.de\/sport\/fussball\/2-bundesliga-spielplan-start-termine-tv-ergebnisse-66aa34be08645b358aebb5d0\" class=\"text-link\" target=\"_blank\" rel=\"noopener\"><b>2. Bundesliga<\/b><\/a><b> zwischen Preu\u00dfen M\u00fcnster und Dynamo Dresden wird live und exklusiv bei Pay-TV-Sender Sky und dem <\/b><a href=\"https:\/\/ib.adnxs-simple.com\/clktrb?id=823122&amp;gdpr=1&amp;gdpr_consent=0&amp;cachebuster=$%7BCACHEBUSTER%7D&amp;t=2\" rel=\"nofollow noopener\" class=\"text-link--external text-link\" target=\"_blank\"><b>kostenpflichtigen Streaminganbieter WOW<\/b><\/a><b> (Anzeige) \u00fcbertragen. Ansto\u00df ist um 13 Uhr, die \u00dcbertragung bei Sky und <\/b><a href=\"https:\/\/ib.adnxs-simple.com\/clktrb?id=810389&amp;gdpr=1&amp;gdpr_consent=0&amp;cachebuster=$%7BCACHEBUSTER%7D&amp;t=2\" rel=\"nofollow noopener\" class=\"text-link--external text-link\" target=\"_blank\"><b>WOW<\/b><\/a><b> beginnt um 12.30 Uhr.<\/b><\/p>\n<p>Sie k\u00f6nnen die 2. Bundesliga nicht live vor dem TV verfolgen oder haben kein Sky-Abo? Kein Problem! Im <a href=\"https:\/\/sport.bild.de\/fussball\/2-bundesliga\/ma11200571\/preussen-muenster_dynamo-dresden\/liveticker\/\" rel=\"noopener\" class=\"text-link--external text-link\" target=\"_blank\">BILD.de-Liveticker<\/a> k\u00f6nnen Sie das komplette Spiel zwischen M\u00fcnster und Dresden kostenlos verfolgen.<\/p>\n<p>Mehr zum Thema<\/p>\n<p>Dynamo reist mit Sorgen im Gep\u00e4ck an. Das Verletzungspech der Sachsen rei\u00dft nicht ab: Neben  Pauli,  Risch und Zickler f\u00e4llt nun auch noch Stammkeeper Tim Schreiber (23) mit einer Handverletzung aus. \u201eIch bin kein Arzt und kann keine Prognose abgeben\u201c, sagte Trainer Thomas Stamm (42), der einen Ausfall bis zum Jahresende nicht ausschlie\u00dft. F\u00fcr Schreiber wird voraussichtlich Lennart Grill (26) zwischen die Pfosten r\u00fccken.<\/p>\n<p>Auch interessant<\/p>\n<p>Anzeige<\/p>\n<p>Auch interessant<\/p>\n<p>Anzeige<\/p>\n<p><b>Trotz der angespannten Personallage will der Dynamo-Coach keine Ausreden gelten lassen. \u201eVerletzungen sind nie etwas Sch\u00f6nes. Wir hoffen, dass der Kader gro\u00df genug ist und wir nicht nur reagieren, sondern auch agieren k\u00f6nnen\u201c, betont Stamm. <\/b><\/p>\n<p><b>Nach acht Spielen stehen f\u00fcr Dresden lediglich ein Sieg, drei Unentschieden und vier Niederlagen zu Buche \u2013 zu wenig f\u00fcr die eigenen Anspr\u00fcche. \u201eDie Remis bringen dich nicht weiter\u201c, so Stamm deutlich.<\/b><\/p>\n<p>Auch M\u00fcnster muss Ausf\u00e4lle kompensieren: St\u00fcrmer Etienne Amenyido (27\/Knie) droht ebenso zu fehlen wie mehrere Defensivkr\u00e4fte. Daf\u00fcr zeigt sich ein Ex-Dynamo-Star in Topform: Oliver\u00a0Batista\u00a0Meier (23) bl\u00fcht unter Trainer Ende auf und geh\u00f6rt zu den besten Scorern des Teams. \u201eWir m\u00fcssen schauen, dass er den Ball nicht so oft am Fu\u00df hat\u201c, sagte Stamm mit einem Schmunzeln \u00fcber seinen ehemaligen Spieler.<\/p>\n","protected":false},"excerpt":{"rendered":"Dynamo bangt um Punkte und Personal! In der 2. Bundesliga trifft der SC Preu\u00dfen M\u00fcnster am Samstag (13&hellip;\n","protected":false},"author":2,"featured_media":505441,"comment_status":"","ping_status":"","sticky":false,"template":"","format":"standard","meta":{"footnotes":""},"categories":[1835],"tags":[621,3364,29,2386,3766,347,30,5426,7650,859,4222,1927,45,684,784],"class_list":{"0":"post-505440","1":"post","2":"type-post","3":"status-publish","4":"format-standard","5":"has-post-thumbnail","7":"category-dresden","8":"tag-2-bundesliga","9":"tag-de","10":"tag-deutschland","11":"tag-dresden","12":"tag-dynamo-dresden","13":"tag-fussball","14":"tag-germany","15":"tag-live-ticker","16":"tag-preussen-muenster","17":"tag-sachsen","18":"tag-sky","19":"tag-sport-standard","20":"tag-texttospeech","21":"tag-tv","22":"tag-zweite-bundesliga"},"share_on_mastodon":{"url":"https:\/\/pubeurope.com\/@de\/115388763804599276","error":""},"_links":{"self":[{"href":"https:\/\/www.europesays.com\/de\/wp-json\/wp\/v2\/posts\/505440","targetHints":{"allow":["GET"]}}],"collection":[{"href":"https:\/\/www.europesays.com\/de\/wp-json\/wp\/v2\/posts"}],"about":[{"href":"https:\/\/www.europesays.com\/de\/wp-json\/wp\/v2\/types\/post"}],"author":[{"embeddable":true,"href":"https:\/\/www.europesays.com\/de\/wp-json\/wp\/v2\/users\/2"}],"replies":[{"embeddable":true,"href":"https:\/\/www.europesays.com\/de\/wp-json\/wp\/v2\/comments?post=505440"}],"version-history":[{"count":0,"href":"https:\/\/www.europesays.com\/de\/wp-json\/wp\/v2\/posts\/505440\/revisions"}],"wp:featuredmedia":[{"embeddable":true,"href":"https:\/\/www.europesays.com\/de\/wp-json\/wp\/v2\/media\/505441"}],"wp:attachment":[{"href":"https:\/\/www.europesays.com\/de\/wp-json\/wp\/v2\/media?parent=505440"}],"wp:term":[{"taxonomy":"category","embeddable":true,"href":"https:\/\/www.europesays.com\/de\/wp-json\/wp\/v2\/categories?post=505440"},{"taxonomy":"post_tag","embeddable":true,"href":"https:\/\/www.europesays.com\/de\/wp-json\/wp\/v2\/tags?post=505440"}],"curies":[{"name":"wp","href":"https:\/\/api.w.org\/{rel}","templated":true}]}}