{"id":505464,"date":"2025-10-17T09:31:12","date_gmt":"2025-10-17T09:31:12","guid":{"rendered":"https:\/\/www.europesays.com\/de\/505464\/"},"modified":"2025-10-17T09:31:12","modified_gmt":"2025-10-17T09:31:12","slug":"erzaehl-cafe-im-haus-am-dom","status":"publish","type":"post","link":"https:\/\/www.europesays.com\/de\/505464\/","title":{"rendered":"Erz\u00e4hl-Caf\u00e9 im Haus am Dom"},"content":{"rendered":"<p class=\"paragraph --regular --color\" data-v-a4a747d8=\"\" data-v-0c32301e=\"\">Worms. Zu einem Erz\u00e4hl-Caf\u00e9 l\u00e4dt die Gemeinschaft der Katholiken in Wirtschaft und Verwaltung, KKV-Probitas Worms, f\u00fcr Freitag, 24. Oktober ein. Von 15.30 bis 17 Uhr treffen sich Interessierte im Burchardsaal im Haus am Dom, Domplatz 3. Unter dem Motto \u201eMein Beruf &#8211; Berufung\u201c k\u00f6nnen Teilnehmer ihre Erinnerungen an vergangene Wormser Zeiten teilen. Die Erz\u00e4hlerinnen und Erz\u00e4hler bewahren mit ihren Beitr\u00e4gen Wormser Geschichte vor dem Vergessen, unterstreicht der Veranstalter. Im Erz\u00e4hl-Caf\u00e9 kann jeder von Zeitzeugen lernen. Referent ist Patrick Wiegand, Vorsitzender des KKV-Probitas Worms. Teilnehmerinnen und Teilnehmer sind eingeladen, pers\u00f6nliche Erinnerungen, Gedanken, Fotos und Dokumente mitzubringen, um eine lebendige Diskussionen zu f\u00f6rdern und die Erz\u00e4hlungen zu bereichern.<\/p>\n","protected":false},"excerpt":{"rendered":"Worms. Zu einem Erz\u00e4hl-Caf\u00e9 l\u00e4dt die Gemeinschaft der Katholiken in Wirtschaft und Verwaltung, KKV-Probitas Worms, f\u00fcr Freitag, 24.&hellip;\n","protected":false},"author":2,"featured_media":249696,"comment_status":"","ping_status":"","sticky":false,"template":"","format":"standard","meta":{"footnotes":""},"categories":[1829],"tags":[30522,5655,29,2050,2051,30,2052,30520,14,30516,28951,30521,30519,30518,30517,5662],"class_list":{"0":"post-505464","1":"post","2":"type-post","3":"status-publish","4":"format-standard","5":"has-post-thumbnail","7":"category-frankfurt-am-main","8":"tag-biblis","9":"tag-buerstadt","10":"tag-deutschland","11":"tag-frankfurt","12":"tag-frankfurt-am-main","13":"tag-germany","14":"tag-hessen","15":"tag-landkreis-alzey-worms","16":"tag-nachrichten","17":"tag-osthofen","18":"tag-rhein-neckar","19":"tag-rheinhessen","20":"tag-vg-eich","21":"tag-vg-monsheim","22":"tag-vg-westhofen","23":"tag-worms"},"share_on_mastodon":{"url":"https:\/\/pubeurope.com\/@de\/115388814762223464","error":""},"_links":{"self":[{"href":"https:\/\/www.europesays.com\/de\/wp-json\/wp\/v2\/posts\/505464","targetHints":{"allow":["GET"]}}],"collection":[{"href":"https:\/\/www.europesays.com\/de\/wp-json\/wp\/v2\/posts"}],"about":[{"href":"https:\/\/www.europesays.com\/de\/wp-json\/wp\/v2\/types\/post"}],"author":[{"embeddable":true,"href":"https:\/\/www.europesays.com\/de\/wp-json\/wp\/v2\/users\/2"}],"replies":[{"embeddable":true,"href":"https:\/\/www.europesays.com\/de\/wp-json\/wp\/v2\/comments?post=505464"}],"version-history":[{"count":0,"href":"https:\/\/www.europesays.com\/de\/wp-json\/wp\/v2\/posts\/505464\/revisions"}],"wp:featuredmedia":[{"embeddable":true,"href":"https:\/\/www.europesays.com\/de\/wp-json\/wp\/v2\/media\/249696"}],"wp:attachment":[{"href":"https:\/\/www.europesays.com\/de\/wp-json\/wp\/v2\/media?parent=505464"}],"wp:term":[{"taxonomy":"category","embeddable":true,"href":"https:\/\/www.europesays.com\/de\/wp-json\/wp\/v2\/categories?post=505464"},{"taxonomy":"post_tag","embeddable":true,"href":"https:\/\/www.europesays.com\/de\/wp-json\/wp\/v2\/tags?post=505464"}],"curies":[{"name":"wp","href":"https:\/\/api.w.org\/{rel}","templated":true}]}}