{"id":505469,"date":"2025-10-17T09:34:10","date_gmt":"2025-10-17T09:34:10","guid":{"rendered":"https:\/\/www.europesays.com\/de\/505469\/"},"modified":"2025-10-17T09:34:10","modified_gmt":"2025-10-17T09:34:10","slug":"fussball-koeln-talent-el-mala-erhaelt-fritz-walter-medaille-in-silber-sport","status":"publish","type":"post","link":"https:\/\/www.europesays.com\/de\/505469\/","title":{"rendered":"Fu\u00dfball &#8211; K\u00f6ln-Talent El Mala erh\u00e4lt Fritz-Walter-Medaille in Silber &#8211; Sport"},"content":{"rendered":"<p data-manual=\"paragraph\" data-schema-org-speakable=\"true\" class=\"css-1eosz7k\">K\u00f6ln (dpa\/lnw) &#8211; K\u00f6lns Shootingstar Said El Mala ist vom Deutschen <a href=\"https:\/\/www.sueddeutsche.de\/thema\/Fu%C3%9Fball\" target=\"_blank\" rel=\"noopener\">Fu\u00dfball<\/a>-Bund (DFB) mit der Fritz-Walter-Medaille in Silber ausgezeichnet worden. Damit w\u00fcrdigt der Verband die Leistungen des 19-J\u00e4hrigen in der vergangenen Saison bei Drittligist Viktoria K\u00f6ln. Gold ging an Stuttgarts Finn Jeltsch, Bronze an Hoffenheims Max Moerstedt.\u00a0<\/p>\n<p data-manual=\"paragraph\" data-schema-org-speakable=\"true\" class=\"css-1eosz7k\">\u201eIch freue mich sehr \u00fcber die Silbermedaille \u2013 das ist keine Selbstverst\u00e4ndlichkeit\u201c, sagte El Mala laut Vereinsmitteilung. \u201eDie Auszeichnung zeigt mir, dass ich mich gut entwickelt habe. Gleichzeitig ist sie f\u00fcr mich ein Ansporn, weiter hart zu arbeiten und mich nicht auf dem Erreichten auszuruhen.\u201c\u00a0<\/p>\n<p data-manual=\"paragraph\" data-schema-org-speakable=\"true\" class=\"css-1eosz7k\">Das Offensiv-Talent spielte seit 2023 f\u00fcr Drittligist Viktoria K\u00f6ln, f\u00fcr den er in 45 Spielen 20 Torbeteiligungen zusteuerte. Seit Sommer l\u00e4uft der Fl\u00fcgelspieler f\u00fcr den <a href=\"https:\/\/www.sueddeutsche.de\/thema\/1._FC_K%C3%B6ln\" target=\"_blank\" rel=\"noopener\">1. FC K\u00f6ln<\/a> in der Bundesliga auf. In seinen ersten sechs Spielen traf El Mala bereits zweimal.\u00a0<\/p>\n<p>Zwei weitere Preistr\u00e4ger in NRW\u00a0<\/p>\n<p data-manual=\"paragraph\" data-schema-org-speakable=\"true\" class=\"css-1eosz7k\">Ebenfalls mit der Fritz-Walter-Medaille in Silber in der Kategorie U19 geehrt wurde Estrella Merino Gonzalez von Bayer Leverkusen. Die 18-J\u00e4hrige, die seit 2017 f\u00fcr Bayer spielt und s\u00e4mtliche Nachwuchsteams durchlaufen hat, unterschrieb im Januar 2023 ihren ersten Profivertrag. In der U17-Kategorie erhielt Elias Vali Fard von <a href=\"https:\/\/www.sueddeutsche.de\/thema\/Borussia_M%C3%B6nchengladbach\" target=\"_blank\" rel=\"noopener\">Borussia M\u00f6nchengladbach<\/a> Bronze.\u00a0<\/p>\n<p>Plattform XDie SZ-Redaktion hat diesen Artikel mit einem Inhalt von X Corp. angereichert<\/p>\n<p class=\"css-kxe210\">Um Ihre Daten zu sch\u00fctzen, wurde er nicht ohne Ihre Zustimmung geladen.<\/p>\n<p>Inhalt jetzt laden<\/p>\n<p class=\"css-orh8zx\">Ich bin damit einverstanden, dass mir Inhalte von X Corp. angezeigt werden. Damit werden personenbezogene Daten an den Betreiber des Portals zur Nutzungsanalyse \u00fcbermittelt. Mehr Informationen und eine Widerrufsm\u00f6glichkeit finden Sie unter\u00a0<a href=\"https:\/\/datenschutz.sueddeutsche.de\/sz\" class=\"css-lqefuc\" target=\"_blank\" rel=\"noopener\">sz.de\/datenschutz<\/a>.<\/p>\n<p data-manual=\"paragraph\" data-schema-org-speakable=\"true\" class=\"css-1eosz7k\">Die Fritz-Walter-Medaille wird j\u00e4hrlich an die drei besten Talente in den sogenannten Turnierjahrg\u00e4ngen U19 und U17 vergeben. Fr\u00fchere Preistr\u00e4ger sind unter anderem Manuel Neuer, Florian Wirtz, Kai Havertz, Karim Adeyemi, Jule Brand sowie Lena Oberdorf und Klara B\u00fchl.<\/p>\n<p data-manual=\"paragraph\" data-schema-org-speakable=\"true\" class=\"css-1eosz7k\">\u00a9 dpa-infocom, dpa:251017-930-173509\/1<\/p>\n","protected":false},"excerpt":{"rendered":"K\u00f6ln (dpa\/lnw) &#8211; K\u00f6lns Shootingstar Said El Mala ist vom Deutschen Fu\u00dfball-Bund (DFB) mit der Fritz-Walter-Medaille in Silber&hellip;\n","protected":false},"author":2,"featured_media":505470,"comment_status":"","ping_status":"","sticky":false,"template":"","format":"standard","meta":{"footnotes":""},"categories":[1828],"tags":[623,2367,5622,815,99996,29,347,30,1420,1209,265,149,104514],"class_list":{"0":"post-505469","1":"post","2":"type-post","3":"status-publish","4":"format-standard","5":"has-post-thumbnail","7":"category-koeln","8":"tag-1-fc-koeln","9":"tag-bayer-04-leverkusen","10":"tag-bayer-leverkusen","11":"tag-borussia-moenchengladbach","12":"tag-clubhaus-am-geissbockheim","13":"tag-deutschland","14":"tag-fussball","15":"tag-germany","16":"tag-koeln","17":"tag-nordrhein-westfalen","18":"tag-sport","19":"tag-sueddeutsche-zeitung","20":"tag-tsv-bayer-04-leverkusen"},"share_on_mastodon":{"url":"https:\/\/pubeurope.com\/@de\/115388826797008248","error":""},"_links":{"self":[{"href":"https:\/\/www.europesays.com\/de\/wp-json\/wp\/v2\/posts\/505469","targetHints":{"allow":["GET"]}}],"collection":[{"href":"https:\/\/www.europesays.com\/de\/wp-json\/wp\/v2\/posts"}],"about":[{"href":"https:\/\/www.europesays.com\/de\/wp-json\/wp\/v2\/types\/post"}],"author":[{"embeddable":true,"href":"https:\/\/www.europesays.com\/de\/wp-json\/wp\/v2\/users\/2"}],"replies":[{"embeddable":true,"href":"https:\/\/www.europesays.com\/de\/wp-json\/wp\/v2\/comments?post=505469"}],"version-history":[{"count":0,"href":"https:\/\/www.europesays.com\/de\/wp-json\/wp\/v2\/posts\/505469\/revisions"}],"wp:featuredmedia":[{"embeddable":true,"href":"https:\/\/www.europesays.com\/de\/wp-json\/wp\/v2\/media\/505470"}],"wp:attachment":[{"href":"https:\/\/www.europesays.com\/de\/wp-json\/wp\/v2\/media?parent=505469"}],"wp:term":[{"taxonomy":"category","embeddable":true,"href":"https:\/\/www.europesays.com\/de\/wp-json\/wp\/v2\/categories?post=505469"},{"taxonomy":"post_tag","embeddable":true,"href":"https:\/\/www.europesays.com\/de\/wp-json\/wp\/v2\/tags?post=505469"}],"curies":[{"name":"wp","href":"https:\/\/api.w.org\/{rel}","templated":true}]}}