{"id":505509,"date":"2025-10-17T09:55:14","date_gmt":"2025-10-17T09:55:14","guid":{"rendered":"https:\/\/www.europesays.com\/de\/505509\/"},"modified":"2025-10-17T09:55:14","modified_gmt":"2025-10-17T09:55:14","slug":"mercedes-vision-iconic-ein-showcar-zwischen-hightech-und-luxus-leben-wissen","status":"publish","type":"post","link":"https:\/\/www.europesays.com\/de\/505509\/","title":{"rendered":"Mercedes Vision Iconic: Ein Showcar zwischen Hightech und Luxus | Leben &#038; Wissen"},"content":{"rendered":"<p> An dieser Stelle findest du den Text-to-Speech Player<\/p>\n<p> Um den TTS Player darzustellen, brauchen wir deine Zustimmung. <\/p>\n<p> externen Inhalt aktivieren  Um eingebettete Inhalte anzuzeigen, ist Ihre jederzeit widerrufliche Einwilligung (\u00fcber den Schalter oder \u00fcber &#8220; <a class=\"embed-placeholder__text-link\" href=\"#\" rel=\"noopener noreferrer\" title=\"Tracking widerrufen\"> Widerruf Tracking und Cookies<\/a> &#8220; am Seitenende) zur Verarbeitung personenbezogener Daten n\u00f6tig.  Dabei k\u00f6nnen Daten in Drittl\u00e4nder wie die USA \u00fcbermittelt werden (Art. 49 Abs. 1 lit. a DSGVO). Mit dem Aktivieren des Inhalts stimmen Sie zu. Weitere Infos finden Sie <a class=\"embed-placeholder__text-link\" href=\"#\" rel=\"noopener noreferrer\" title=\"Zu den Privatsph\u00e4re Einstellungen\"> hier<\/a>. <\/p>\n<p data-suggestion-id=\"suggestions-0-423\"><b>Mit dem Vision Iconic zeigt Mercedes, wie luxuri\u00f6s und futuristisch Mobilit\u00e4t k\u00fcnftig aussehen k\u00f6nnte. Das Showcar verbindet Hightech mit Designelementen der 30er- und 50er-Jahre \u2013 ganz im Stil gro\u00dfer Klassiker der Marke.<\/b><\/p>\n<p data-suggestion-id=\"suggestions-0-423\">Schon mit Modellen wie dem <a href=\"https:\/\/www.bild.de\/leben-wissen\/auto\/erste-fahrt-im-neuen-cla-bringt-der-die-elektro-wende-68776c4f75e6eb6eedf7ef54\" class=\"text-link\" rel=\"nofollow noopener\" target=\"_blank\">CLA<\/a>, <a href=\"https:\/\/www.bild.de\/leben-wissen\/auto\/mercedes-macht-den-glc-elektrisch-ueber-700-km-reichweite-68bad2266775f2119f5a10f9\" class=\"text-link\" rel=\"nofollow noopener\" target=\"_blank\">GLC EQ<\/a> und <a href=\"https:\/\/www.bild.de\/leben-wissen\/auto\/mercedes-vision-v-65-zoll-fernseher-im-fond-680b8cb98a028f7415508c99\" class=\"text-link\" rel=\"nofollow noopener\" target=\"_blank\">Vision V<\/a> hat Mercedes gezeigt, wohin die Reise beim Design geht. Der Vision Iconic f\u00fchrt diese Linie fort.<\/p>\n<p><img decoding=\"async\" width=\"992\" height=\"558\" alt=\"Der leuchtende Grill \u2013 bekannt vom GLC EQ \u2013 pr\u00e4gt auch den Vision Iconic\" src=\"https:\/\/www.europesays.com\/de\/wp-content\/uploads\/2025\/10\/d0130726fa4787628d8d7fb676e129cd,be550587\"   class=\"landscape\" loading=\"lazy\"\/><\/p>\n<p class=\"fig__caption__text\">Der leuchtende Grill \u2013 bekannt vom GLC EQ \u2013 pr\u00e4gt auch den Vision Iconic<\/p>\n<p>Foto: Mercedes-Benz AG Mercedes-Benz AG<\/p>\n<p data-suggestion-id=\"suggestions-0-423\">Besonders auff\u00e4llig: der beleuchtete Chromgrill, erstmals bekannt vom GLC EQ. In Kombination mit dem aufrechtstehenden Stern, der ebenfalls illuminiert ist, erinnert er an den legend\u00e4ren 600 Pullman. Dazu schmale LED-Scheinwerfer im Sterne-Look, eine lang gezogene Motorhaube und eine flie\u00dfende Dachlinie. Das Heck zitiert den 300 SL und komplettiert so den Mix aus alt und neu.<\/p>\n<p>Luxus bis ins Detail<\/p>\n<p data-suggestion-id=\"suggestions-423-904\">Im Innenraum setzt ein blauer Samtbezug ein farbiges Statement. Dazu kommen Perlmutt-Optik, Messingt\u00fcrgriffe und ein gl\u00e4sernes \u201eZeppelin\u201c-Cockpit. Beim \u00d6ffnen der T\u00fcren begr\u00fc\u00dft eine analoge Animation im Stil feiner Chronographen die Passagiere. <\/p>\n<p><img decoding=\"async\" width=\"992\" height=\"558\" alt=\"Wie ein Zeppelin: Das Cockpit des Vision Iconic schwebt im Licht\" src=\"https:\/\/www.europesays.com\/de\/wp-content\/uploads\/2025\/10\/73907aedd3c6a3f0603233d4a3574f31,3aecbc78\"   class=\"landscape\" loading=\"lazy\"\/><\/p>\n<p class=\"fig__caption__text\">Wie ein Zeppelin: Das Cockpit des Vision Iconic schwebt im Licht<\/p>\n<p>Foto: Mercedes-Benz AG Mercedes-Benz AG<\/p>\n<p data-suggestion-id=\"suggestions-904-1328\">Vier Uhren zieren das Armaturenbrett \u2013 eine davon fungiert als KI-Begleiter. Das klassische Vierspeichenlenkrad wurde neu interpretiert, das Mercedes-Logo schwebt in einer Art Glaskugel.<\/p>\n<p>Technik von morgen<\/p>\n<p data-suggestion-id=\"suggestions-904-1328\">Auch technisch blickt Mercedes weit nach vorn. Der Vision Iconic soll k\u00fcnftig vollautomatisiertes Fahren der Stufe 4 erm\u00f6glichen: Auf der Autobahn \u00fcbernimmt dann das Auto, der Fahrer kann entspannen, Filme schauen oder sogar schlafen.<\/p>\n<p><img decoding=\"async\" width=\"992\" height=\"558\" alt=\"Flach, lang, luxuri\u00f6s: Das Seitenprofil erinnert an den 300 SL\" src=\"https:\/\/www.europesays.com\/de\/wp-content\/uploads\/2025\/10\/78dd39c5c24112516d0258d778e8ab0f,726075f3\"   class=\"landscape\" loading=\"lazy\"\/><\/p>\n<p class=\"fig__caption__text\">Flach, lang, luxuri\u00f6s: Das Seitenprofil erinnert an den 300 SL<\/p>\n<p>Foto: Mercedes-Benz AG Mercedes-Benz AG<\/p>\n<p data-suggestion-id=\"suggestions-1328-1694\">Ein weiteres Highlight ist der neue Solarlack: Eine hauchd\u00fcnne photovoltaische Schicht absorbiert Sonnenlicht und liefert so Strom f\u00fcr das Fahrzeug. Laut Mercedes theoretisch genug f\u00fcr bis zu 12.000 Kilometer im Jahr.<\/p>\n<p data-suggestion-id=\"suggestions-1328-1694\"><a href=\"https:\/\/www.autobild.de\/artikel\/mercedes-vision-iconic-studie-28371703.html\" rel=\"noopener nofollow\" class=\"text-link--external text-link\" target=\"_blank\">Mehr zum Mercedes Vision Iconic bei AUTO BILD<\/a><\/p>\n<p data-suggestion-id=\"suggestions-1694-1925\"><b>Fazit:<\/b> Mit dem Vision Iconic zeigt Mercedes, wohin die Reise geht: elektrisch, luxuri\u00f6s und mutig. Die Studie ist zwar kein Serienauto, aber ein klares Statement f\u00fcr die n\u00e4chste Design-\u00c4ra der Marke.<\/p>\n","protected":false},"excerpt":{"rendered":"An dieser Stelle findest du den Text-to-Speech Player Um den TTS Player darzustellen, brauchen wir deine Zustimmung. externen&hellip;\n","protected":false},"author":2,"featured_media":505510,"comment_status":"","ping_status":"","sticky":false,"template":"","format":"standard","meta":{"footnotes":""},"categories":[134],"tags":[175,170,169,13837,29,1138,30,171,174,13838,13413,45,173,172],"class_list":{"0":"post-505509","1":"post","2":"type-post","3":"status-publish","4":"format-standard","5":"has-post-thumbnail","7":"category-unternehmen-maerkte","8":"tag-business","9":"tag-companies","10":"tag-companies-markets","11":"tag-daimler-ag","12":"tag-deutschland","13":"tag-elektroauto","14":"tag-germany","15":"tag-markets","16":"tag-maerkte","17":"tag-mercedes-modelle","18":"tag-studien","19":"tag-texttospeech","20":"tag-unternehmen","21":"tag-unternehmen-maerkte"},"share_on_mastodon":{"url":"https:\/\/pubeurope.com\/@de\/115388909741353101","error":""},"_links":{"self":[{"href":"https:\/\/www.europesays.com\/de\/wp-json\/wp\/v2\/posts\/505509","targetHints":{"allow":["GET"]}}],"collection":[{"href":"https:\/\/www.europesays.com\/de\/wp-json\/wp\/v2\/posts"}],"about":[{"href":"https:\/\/www.europesays.com\/de\/wp-json\/wp\/v2\/types\/post"}],"author":[{"embeddable":true,"href":"https:\/\/www.europesays.com\/de\/wp-json\/wp\/v2\/users\/2"}],"replies":[{"embeddable":true,"href":"https:\/\/www.europesays.com\/de\/wp-json\/wp\/v2\/comments?post=505509"}],"version-history":[{"count":0,"href":"https:\/\/www.europesays.com\/de\/wp-json\/wp\/v2\/posts\/505509\/revisions"}],"wp:featuredmedia":[{"embeddable":true,"href":"https:\/\/www.europesays.com\/de\/wp-json\/wp\/v2\/media\/505510"}],"wp:attachment":[{"href":"https:\/\/www.europesays.com\/de\/wp-json\/wp\/v2\/media?parent=505509"}],"wp:term":[{"taxonomy":"category","embeddable":true,"href":"https:\/\/www.europesays.com\/de\/wp-json\/wp\/v2\/categories?post=505509"},{"taxonomy":"post_tag","embeddable":true,"href":"https:\/\/www.europesays.com\/de\/wp-json\/wp\/v2\/tags?post=505509"}],"curies":[{"name":"wp","href":"https:\/\/api.w.org\/{rel}","templated":true}]}}