{"id":50551,"date":"2025-04-21T22:08:26","date_gmt":"2025-04-21T22:08:26","guid":{"rendered":"https:\/\/www.europesays.com\/de\/50551\/"},"modified":"2025-04-21T22:08:26","modified_gmt":"2025-04-21T22:08:26","slug":"hamburg-schleswig-holstein-etwa-2-600-menschen-bei-hamburger-ostermarsch","status":"publish","type":"post","link":"https:\/\/www.europesays.com\/de\/50551\/","title":{"rendered":"Hamburg &#038; Schleswig-Holstein: Etwa 2.600 Menschen bei Hamburger Ostermarsch"},"content":{"rendered":"<p>                    Hamburg &amp; Schleswig-Holstein<br \/>\n                Etwa 2.600 Menschen bei Hamburger Ostermarsch<\/p>\n<p>\t\t\t\t              21.04.2025, 17:19 Uhr<\/p>\n<p><strong>Sie wollen ein Signal f\u00fcr Frieden, Diplomatie und Abr\u00fcstung setzen: Hunderte Menschen demonstrieren beim Ostermarsch in Hamburg gegen Krieg und Aufr\u00fcstung.<\/strong><\/p>\n<p>Hamburg (dpa\/lno) &#8211; Unter dem Motto &#8222;Lernf\u00e4hig statt kriegst\u00fcchtig&#8220; haben sich am Ostermontag in Hamburg Hunderte Menschen zum traditionellen Ostermarsch versammelt. Nach Angaben der Veranstalter liefen sie vom S-Bahnhof Landwehr zum Stadtteil St. Georg in der Innenstadt. Die Polizei sprach von rund 2.600 Teilnehmerinnen und Teilnehmern. Diese trugen w\u00e4hrend ihres Protestzuges Schilder und Plakate unter anderem mit der Aufschrift &#8222;Kriegst\u00fcchtigkeit, Militarisierung, Operationsplan, Heimatschutz, Krieg. Ohne uns. Angriff auf das Volk&#8220; oder &#8222;Frieden in Nahost&#8220;. Es sei alles friedlich verlaufen, sagte ein Polizeisprecher.<\/p>\n<p>Forum: Immer mehr Waffen steigern Kriegsgefahr<\/p>\n<p>Nach Ansicht der Veranstalter steigern immer mehr Waffen weltweit die Kriegsgefahr. Deutsche Waffen w\u00fcrden nicht nur in der Ukraine eingesetzt, sie w\u00fcrden in die ganze Welt geliefert. Eine weitere Gefahr f\u00fcr den Frieden in Europa droht nach Ansicht der Veranstalter durch die geplante Stationierung weitreichender US-Mittelstreckenwaffen in Deutschland.<\/p>\n<p>Solche Waffen z\u00f6gen einen Pr\u00e4ventivschlag oder eine bewaffnete Reaktion auf eine vermutete Bedrohung geradezu an. &#8222;Ein Schlagabtausch mit Russland, auch aus Versehen, kann zur t\u00f6dlichen Verseuchung Deutschlands und ganz Westeuropas f\u00fchren&#8220;, warnte das Hamburger Forum.<\/p>\n<p>Verdi nennt &#8222;Kriegst\u00fcchtigkeit&#8220; irref\u00fchrend und gef\u00e4hrlich<\/p>\n<p>Die Gewerkschaft Verdi, die ebenfalls zum Ostermarsch aufgerufen hatte, nannte den von Verteidigungsminister Boris Pistorius (SPD) in die politische Debatte eingef\u00fchrten Begriff der &#8222;Kriegst\u00fcchtigkeit&#8220; irref\u00fchrend und gef\u00e4hrlich. &#8222;Verteidigungsf\u00e4higkeit ist nicht gleichzusetzen mit einer Militarisierung unserer Gesellschaft.&#8220; Soziale Gerechtigkeit und Frieden seien untrennbar miteinander verkn\u00fcpft.<\/p>\n<p>Kriege und Aufr\u00fcstung gingen immer zulasten sozialer Ausgaben und tr\u00e4fen die einfache Bev\u00f6lkerung am h\u00e4rtesten, betonte Verdi. &#8222;Es braucht daher auch und gerade jetzt dringend intensiver Bem\u00fchungen Deutschlands und der internationalen Staatengemeinschaft, um allgemeine und weltweite kontrollierte Abr\u00fcstung.&#8220;<\/p>\n","protected":false},"excerpt":{"rendered":"Hamburg &amp; Schleswig-Holstein Etwa 2.600 Menschen bei Hamburger Ostermarsch 21.04.2025, 17:19 Uhr Sie wollen ein Signal f\u00fcr Frieden,&hellip;\n","protected":false},"author":2,"featured_media":50552,"comment_status":"","ping_status":"","sticky":false,"template":"","format":"standard","meta":{"footnotes":""},"categories":[1826],"tags":[29,24273,30,692,7984,9834,15577,1971],"class_list":{"0":"post-50551","1":"post","2":"type-post","3":"status-publish","4":"format-standard","5":"has-post-thumbnail","7":"category-hamburg","8":"tag-deutschland","9":"tag-etwa","10":"tag-germany","11":"tag-hamburg","12":"tag-hamburger","13":"tag-menschen","14":"tag-ostermarsch","15":"tag-schleswig-holstein"},"share_on_mastodon":{"url":"https:\/\/pubeurope.com\/@de\/114378237863829696","error":""},"_links":{"self":[{"href":"https:\/\/www.europesays.com\/de\/wp-json\/wp\/v2\/posts\/50551","targetHints":{"allow":["GET"]}}],"collection":[{"href":"https:\/\/www.europesays.com\/de\/wp-json\/wp\/v2\/posts"}],"about":[{"href":"https:\/\/www.europesays.com\/de\/wp-json\/wp\/v2\/types\/post"}],"author":[{"embeddable":true,"href":"https:\/\/www.europesays.com\/de\/wp-json\/wp\/v2\/users\/2"}],"replies":[{"embeddable":true,"href":"https:\/\/www.europesays.com\/de\/wp-json\/wp\/v2\/comments?post=50551"}],"version-history":[{"count":0,"href":"https:\/\/www.europesays.com\/de\/wp-json\/wp\/v2\/posts\/50551\/revisions"}],"wp:featuredmedia":[{"embeddable":true,"href":"https:\/\/www.europesays.com\/de\/wp-json\/wp\/v2\/media\/50552"}],"wp:attachment":[{"href":"https:\/\/www.europesays.com\/de\/wp-json\/wp\/v2\/media?parent=50551"}],"wp:term":[{"taxonomy":"category","embeddable":true,"href":"https:\/\/www.europesays.com\/de\/wp-json\/wp\/v2\/categories?post=50551"},{"taxonomy":"post_tag","embeddable":true,"href":"https:\/\/www.europesays.com\/de\/wp-json\/wp\/v2\/tags?post=50551"}],"curies":[{"name":"wp","href":"https:\/\/api.w.org\/{rel}","templated":true}]}}