{"id":505512,"date":"2025-10-17T09:57:14","date_gmt":"2025-10-17T09:57:14","guid":{"rendered":"https:\/\/www.europesays.com\/de\/505512\/"},"modified":"2025-10-17T09:57:14","modified_gmt":"2025-10-17T09:57:14","slug":"totes-kind-bei-guestrow-ist-vermisster-fabian-suche-nach-bezugsgegenstaenden","status":"publish","type":"post","link":"https:\/\/www.europesays.com\/de\/505512\/","title":{"rendered":"Totes Kind bei G\u00fcstrow ist vermisster Fabian \u2013 Suche nach \u201eBezugsgegenst\u00e4nden\u201c"},"content":{"rendered":"<p class=\"tspBHk0 tspBHk1\">Bei der am Dienstag <a href=\"https:\/\/www.tagesspiegel.de\/gesellschaft\/panorama\/identitat-weiter-ungeklart-der-bei-gustrow-gefundene-junge-ist-opfer-eines-gewaltverbrechens-geworden-14577809.html?icid=in-text-link_14591759\" class=\"link link--internal\" data-gtm-class=\"article-text-link\" data-gtm-val=\"internal\" rel=\"nofollow noopener\" target=\"_blank\">bei Klein Upahl gefundenen Kinderleiche<\/a> handelt es sich nach offiziellen Angaben um den verschwundenen Fabian aus G\u00fcstrow. Das sei das Ergebnis einer DNA-Analyse, teilte die Rostocker Staatsanwaltschaft mit. <strong>Laut vorl\u00e4ufigem Obduktionsergebnis ist der Junge Opfer eines Gewaltverbrechens geworden.<\/strong><\/p>\n<p class=\"tspBHk0\">Die Ermittler gingen bereits davon aus, dass es sich mit hoher Wahrscheinlichkeit um den seit Freitag vergangener Woche vermissten Achtj\u00e4hrigen handelt. Seine Eltern sahen sich nicht imstande, den toten Jungen f\u00fcr eine Identifikation in Augenschein zu nehmen.\u00a0<\/p>\n<p>Abendlage Newsletter<\/p>\n<p><img decoding=\"async\" src=\"https:\/\/www.europesays.com\/de\/wp-content\/uploads\/2025\/04\/morgenlage-abendlage-icon-klein.png\" alt=\"\" class=\"tspBXfv\"\/><\/p>\n<p class=\"tspBXmz\"> Die wichtigsten Nachrichten des Tages \u2014 abends direkt in Ihr E-Mail-Postfach. <\/p>\n<p class=\"tspBHk0\">Die Ermittlungen konzentrieren sich nun erneut auf einen T\u00fcmpel im Bereich des Fundortes der Leiche. Nach Angaben eines dpa-Fotoreporters <strong>pumpten am Freitag Feuerwehrleute den T\u00fcmpel ab<\/strong>, w\u00e4hrend die Polizei das Gew\u00e4sser durchsuchte und dabei auch ein wie ein Metalldetektor aussehendes Ger\u00e4t nutzte.<\/p>\n<p> Ermittler vermuten auffindbare \u201eBzugsgegenst\u00e4nde\u201c <\/p>\n<p class=\"tspBHk0\">Nach dem Fund der Leiche am Dienstag war der Bereich zun\u00e4chst weitr\u00e4umig abgesperrt und intensiv abgesucht worden. Danach war die Polizei eigentlich schon abgezogen.<\/p>\n<p class=\"tspBHk0\">Im Zuge der Ermittlungen h\u00e4tten sich <strong>Erkenntnisse ergeben, dass \u201evielleicht noch Bezugsgegenst\u00e4nde auffindbar sind\u201c<\/strong>, sagte der Rostocker Staatsanwalt Harald Nowack. \u201eBis gestern war es nicht absehbar und jetzt hat sich das ge\u00e4ndert.\u201c Zur Art der m\u00f6glicherweise noch auffindbaren Gegenst\u00e4nde machte er keine genaueren Angaben.\u00a0 <\/p>\n<p class=\"tspBHk0\">Das Gebiet nahe der kleinen Gemeinde Klein Upahl besteht aus h\u00fcgeligen Feldfl\u00e4chen unterbrochen von Wasserl\u00f6chern, B\u00fcschen und B\u00e4umen. Angrenzend befinden sich auch W\u00e4lder.<\/p>\n<p class=\"tspBHk0\"><strong>Die Kinderleiche<\/strong> war am Dienstag etwa 15 Kilometer entfernt vom Wohnort des Grundsch\u00fclers von einer Spazierg\u00e4ngerin entdeckt worden, nachdem Hundertschaften der Polizei bereits Tage lang nach Fabian gesucht hatten.<\/p>\n<p class=\"tspBHk0\"><strong>Der Achtj\u00e4hrige war am 10. Oktober verschwunden <\/strong>und von seiner Mutter am Abend des gleichen Tages als vermisst gemeldet worden.\u00a0<\/p>\n<p class=\"tspBHk0\">Zun\u00e4chst war vermutet worden, der Junge habe am Tag seines Verschwindens zu seinem Vater fahren wollen, der getrennt von der Mutter s\u00fcdlich von G\u00fcstrow lebt. Sp\u00fcrhunde hatten Fabians Spur bis zum G\u00fcstrower Busbahnhof verfolgen k\u00f6nnen und nahe dem Wohnort des Vaters wiederaufgenommen, bevor sie sich wieder verlor.\u00a0<\/p>\n<p> Lesen Sie au\u00dferdem <a href=\"https:\/\/www.tagesspiegel.de\/internationales\/gibt-es-doch-keine-tomahawk-irritation-vor-trump-selenskyj-treffen-heute-im-weissen-haus-14590481.html?icid=topic-list_14591759___\" data-gtm-class=\"article-mzt-link\" class=\"tspBRlv\" rel=\"nofollow noopener\" target=\"_blank\">Gibt es doch keine Tomahawk? Irritation vor Trump-Selenskyj-Treffen heute im Wei\u00dfen Haus <\/a><a href=\"https:\/\/www.tagesspiegel.de\/gesellschaft\/panorama\/todesfahrt-auf-weihnachtsmarkt-magdeburg-tater-ab-10-november-vor-gericht-14591099.html?icid=topic-list_14591759___\" data-gtm-class=\"article-mzt-link\" class=\"tspBRlv\" rel=\"nofollow noopener\" target=\"_blank\">Todesfahrt auf Weihnachtsmarkt Magdeburg-T\u00e4ter ab 10. November vor Gericht <\/a><a href=\"https:\/\/www.tagesspiegel.de\/gesellschaft\/panorama\/tat-eines-wahnsinnigen-prozess-um-todlichen-messerangriff-in-aschaffenburg-begonnen-14586236.html?icid=topic-list_14591759___\" data-gtm-class=\"article-mzt-link\" class=\"tspBRlv\" rel=\"nofollow noopener\" target=\"_blank\">\u201eTat eines Wahnsinnigen\u201c Prozess um t\u00f6dlichen Messerangriff in Aschaffenburg begonnen <\/a><\/p>\n<p class=\"tspBHk0\">Auch Seen wurden abgesucht. So schlugen Leichensp\u00fcrhunde auf dem Inselsee am Stadtrand von G\u00fcstrow an. Taucher fanden dort jedoch nichts.\u00a0<\/p>\n<p class=\"tspBHk0\">Der Vermisstenfall und der Fund des toten Kindes l\u00f6sten \u00fcber die Stadtgrenze hinaus Fassungslosigkeit und Trauer aus. Am Dienstagabend hatten Hunderte G\u00fcstrower bei einem Gottesdienst ihr Mitgef\u00fchl bekundet. Als Zeichen der Anteilnahme stellten sie vor der Marienkirche Kerzen ab und legten Pl\u00fcschtiere nieder. (dpa)<\/p>\n","protected":false},"excerpt":{"rendered":"Bei der am Dienstag bei Klein Upahl gefundenen Kinderleiche handelt es sich nach offiziellen Angaben um den verschwundenen&hellip;\n","protected":false},"author":2,"featured_media":505513,"comment_status":"","ping_status":"","sticky":false,"template":"","format":"standard","meta":{"footnotes":""},"categories":[2],"tags":[29,30,13,1351,14,15,12,10,8,9,11],"class_list":{"0":"post-505512","1":"post","2":"type-post","3":"status-publish","4":"format-standard","5":"has-post-thumbnail","7":"category-deutschland","8":"tag-deutschland","9":"tag-germany","10":"tag-headlines","11":"tag-mecklenburg-vorpommern","12":"tag-nachrichten","13":"tag-news","14":"tag-schlagzeilen","15":"tag-top-news","16":"tag-top-meldungen","17":"tag-topmeldungen","18":"tag-topnews"},"share_on_mastodon":{"url":"https:\/\/pubeurope.com\/@de\/115388917415712335","error":""},"_links":{"self":[{"href":"https:\/\/www.europesays.com\/de\/wp-json\/wp\/v2\/posts\/505512","targetHints":{"allow":["GET"]}}],"collection":[{"href":"https:\/\/www.europesays.com\/de\/wp-json\/wp\/v2\/posts"}],"about":[{"href":"https:\/\/www.europesays.com\/de\/wp-json\/wp\/v2\/types\/post"}],"author":[{"embeddable":true,"href":"https:\/\/www.europesays.com\/de\/wp-json\/wp\/v2\/users\/2"}],"replies":[{"embeddable":true,"href":"https:\/\/www.europesays.com\/de\/wp-json\/wp\/v2\/comments?post=505512"}],"version-history":[{"count":0,"href":"https:\/\/www.europesays.com\/de\/wp-json\/wp\/v2\/posts\/505512\/revisions"}],"wp:featuredmedia":[{"embeddable":true,"href":"https:\/\/www.europesays.com\/de\/wp-json\/wp\/v2\/media\/505513"}],"wp:attachment":[{"href":"https:\/\/www.europesays.com\/de\/wp-json\/wp\/v2\/media?parent=505512"}],"wp:term":[{"taxonomy":"category","embeddable":true,"href":"https:\/\/www.europesays.com\/de\/wp-json\/wp\/v2\/categories?post=505512"},{"taxonomy":"post_tag","embeddable":true,"href":"https:\/\/www.europesays.com\/de\/wp-json\/wp\/v2\/tags?post=505512"}],"curies":[{"name":"wp","href":"https:\/\/api.w.org\/{rel}","templated":true}]}}