{"id":505514,"date":"2025-10-17T09:58:13","date_gmt":"2025-10-17T09:58:13","guid":{"rendered":"https:\/\/www.europesays.com\/de\/505514\/"},"modified":"2025-10-17T09:58:13","modified_gmt":"2025-10-17T09:58:13","slug":"ich-lebe-nicht-von-toxischer-maennlichkeit-so-viel-ist-klar","status":"publish","type":"post","link":"https:\/\/www.europesays.com\/de\/505514\/","title":{"rendered":"\u201eIch lebe nicht von toxischer M\u00e4nnlichkeit, so viel ist klar\u201c"},"content":{"rendered":"<p class=\"tspBHk0 tspBHk1\"><strong>Herr Reese, herzlichen Gl\u00fcckwunsch zum Abseitstor des Jahres \u2013 aus 40 Metern von der Seitenline direkt ins Netz!<\/strong><br \/>Es war auf jeden Fall mein sch\u00f6nstes Nicht-Tor. Ich habe gesehen, dass der Torh\u00fcter drau\u00dfen war, ich aber auch ein paar Gegenspieler vor mir hatte. Da dachte ich: Jetzt braucht der Schuss eine gute Flugkurve. Ich \u00fcbe so etwas viel mit unserem Torwarttrainer. Es w\u00e4re ein stolzer Moment f\u00fcr uns beide gewesen, wenn das Tor gez\u00e4hlt h\u00e4tte. <\/p>\n<p class=\"tspBHk0\"><strong>Nachtr\u00e4glich wurde beim Videobeweis eine Zehenspitze im Abseits entdeckt. Ist der moderne Fu\u00dfball \u00fcberreguliert?<\/strong><br \/>Bei aller Nostalgie und Romantik: Man muss sich an die Regeln halten. Selbst wenn es nur ein Zentimeter Abseits ist, ist es halt ein Zentimeter. Wo zieht man sonst die Grenze? Nat\u00fcrlich k\u00f6nnte man diskutieren, ob der Videobeweis \u00fcberhaupt gewollt ist. Auch wenn mich alle auf dieses Tor ansprechen, muss ich es abhaken \u2013 und eben noch so eins schie\u00dfen.<\/p>\n<blockquote class=\"tspBQlt\">\n<p>Ich war nie der talentierteste Spieler.<\/p>\n<\/blockquote>\n<p class=\"tspBQlu\"><strong>Fabian Reese<\/strong> \u00fcber seinen Perfektionismus<\/p>\n<p class=\"tspBHk0\"><strong>Sie gelten als Unterschiedsspieler von Hertha BSC. Was ist der Unterschied zu anderen?<\/strong><br \/>Das m\u00fcssen Sie diejenigen fragen, die das \u00fcber mich sagen. Seitdem ich hier spiele, m\u00f6chte ich dem Team mit Toren und Vorlagen helfen. <\/p>\n<p class=\"tspBHk0\"><strong>Ein sichtbarer Unterschied ist, dass Sie in dieser Saison die Kapit\u00e4nsbinde tragen. <\/strong><br \/>Wir haben eine flache Hierarchie und m\u00fcssen auf dem Platz eine Einheit sein. Trotzdem ist es eine gro\u00dfe Ehre, bei einem so gro\u00dfen Verein wie Hertha BSC Kapit\u00e4n sein zu d\u00fcrfen. Ich reife daran.<\/p>\n","protected":false},"excerpt":{"rendered":"Herr Reese, herzlichen Gl\u00fcckwunsch zum Abseitstor des Jahres \u2013 aus 40 Metern von der Seitenline direkt ins Netz!Es&hellip;\n","protected":false},"author":2,"featured_media":505515,"comment_status":"","ping_status":"","sticky":false,"template":"","format":"standard","meta":{"footnotes":""},"categories":[5],"tags":[299,531,553,347,485,2699,13,1088,46276,152,14,15,12,19150,10,8,9,11,5843,95558,18432],"class_list":{"0":"post-505514","1":"post","2":"type-post","3":"status-publish","4":"format-standard","5":"has-post-thumbnail","7":"category-nachrichten","8":"tag-bundesliga","9":"tag-charlottenburg-wilmersdorf","10":"tag-familie","11":"tag-fussball","12":"tag-fussball-bundesliga","13":"tag-gespraech","14":"tag-headlines","15":"tag-hertha-bsc","16":"tag-im-gespraech","17":"tag-instagram","18":"tag-nachrichten","19":"tag-news","20":"tag-schlagzeilen","21":"tag-sportler","22":"tag-top-news","23":"tag-top-meldungen","24":"tag-topmeldungen","25":"tag-topnews","26":"tag-trainer","27":"tag-vorlieben","28":"tag-zuhause"},"share_on_mastodon":{"url":"https:\/\/pubeurope.com\/@de\/115388921091285549","error":""},"_links":{"self":[{"href":"https:\/\/www.europesays.com\/de\/wp-json\/wp\/v2\/posts\/505514","targetHints":{"allow":["GET"]}}],"collection":[{"href":"https:\/\/www.europesays.com\/de\/wp-json\/wp\/v2\/posts"}],"about":[{"href":"https:\/\/www.europesays.com\/de\/wp-json\/wp\/v2\/types\/post"}],"author":[{"embeddable":true,"href":"https:\/\/www.europesays.com\/de\/wp-json\/wp\/v2\/users\/2"}],"replies":[{"embeddable":true,"href":"https:\/\/www.europesays.com\/de\/wp-json\/wp\/v2\/comments?post=505514"}],"version-history":[{"count":0,"href":"https:\/\/www.europesays.com\/de\/wp-json\/wp\/v2\/posts\/505514\/revisions"}],"wp:featuredmedia":[{"embeddable":true,"href":"https:\/\/www.europesays.com\/de\/wp-json\/wp\/v2\/media\/505515"}],"wp:attachment":[{"href":"https:\/\/www.europesays.com\/de\/wp-json\/wp\/v2\/media?parent=505514"}],"wp:term":[{"taxonomy":"category","embeddable":true,"href":"https:\/\/www.europesays.com\/de\/wp-json\/wp\/v2\/categories?post=505514"},{"taxonomy":"post_tag","embeddable":true,"href":"https:\/\/www.europesays.com\/de\/wp-json\/wp\/v2\/tags?post=505514"}],"curies":[{"name":"wp","href":"https:\/\/api.w.org\/{rel}","templated":true}]}}