{"id":505529,"date":"2025-10-17T10:06:23","date_gmt":"2025-10-17T10:06:23","guid":{"rendered":"https:\/\/www.europesays.com\/de\/505529\/"},"modified":"2025-10-17T10:06:23","modified_gmt":"2025-10-17T10:06:23","slug":"17-jaehriger-stirbt-bei-unfall-in-hessen-firmenschild-wurde-zur-rampe-regional","status":"publish","type":"post","link":"https:\/\/www.europesays.com\/de\/505529\/","title":{"rendered":"17-J\u00e4hriger stirbt bei Unfall in Hessen: Firmenschild wurde zur Rampe | Regional"},"content":{"rendered":"<p>Taunusstein (Hessen) \u2013<b> Drei junge Leute (19, 17, 17) sitzen nachts um halb zwei im Auto, als der Fahrer in einer leichten Biegung auf die Gegenfahrbahn ger\u00e4t. Pl\u00f6tzlich liegt im Morgengrauen nicht nur der Opel Corsa, sondern auch ihre Welt in Tr\u00fcmmern: Der Beifahrer (17) \u00fcberlebt den Unfall nicht.<\/b><\/p>\n<p>Die Gruppe war am Freitagmorgen auf der B 275 im Stadtteil Hahn in Taunusstein (31 000 Einwohner) im Rheingau-Taunus-Kreis in <a href=\"https:\/\/www.bild.de\/regional\/hessen\/home-ptCw2ISStXbmLJc2SbCt\" class=\"text-link\" target=\"_blank\" rel=\"noopener\">Hessen<\/a> auf der regenfeuchten Stra\u00dfe unterwegs. Pl\u00f6tzlich kam der Fahrer (19) von der Stra\u00dfe ab und prallte mit dem Auto in eine mannshohe Firmen-Stele aus Metall am Eingang eines Betriebsgel\u00e4ndes.<\/p>\n<p><img decoding=\"async\" width=\"992\" height=\"558\" alt=\"Das zertr\u00fcmmerte Firmenschild aus Metall, dahinter das Wrack des Opel Corsa\" src=\"https:\/\/www.europesays.com\/de\/wp-content\/uploads\/2025\/10\/89634dde0d9b28d0711814bd38aa224f,9398bd02\"   class=\"landscape\" loading=\"lazy\"\/><\/p>\n<p class=\"fig__caption__text\">Das zertr\u00fcmmerte Firmenschild aus Metall, dahinter das Wrack des Opel Corsa<\/p>\n<p>Foto: IMAGO\/5VISION.NEWS<\/p>\n<p>Firmenschild wird zur Rampe<\/p>\n<p>Die <a href=\"https:\/\/www.bild.de\/regional\/aktuelles\/polizei\/polizeieinsatz-alle-infos-76681760.bild.html\" class=\"text-link\" target=\"_blank\" rel=\"noopener\">Polizei<\/a>: \u201eKurz nach der Rembrandtstra\u00dfe kam der 19-J\u00e4hrige aus bislang unbekannten Gr\u00fcnden nach links von der Fahrbahn ab und \u00fcberfuhr die Stele einer dort ans\u00e4ssigen Firma. Diese fungierte im weiteren Verlauf als Rampe, wodurch der Pkw abhob und in ca. 1 Meter H\u00f6he einen Baum touchierte und in den Metallzaun der Firma krachte.\u201c <\/p>\n<p><img decoding=\"async\" width=\"992\" height=\"558\" alt=\"\u00dcber 50 Rettungskr\u00e4fte waren im Einsatz\" src=\"https:\/\/www.europesays.com\/de\/wp-content\/uploads\/2025\/10\/1e5369dfedd1de801c40551ac10ea0e6,de3ffb67\"   class=\"landscape\" loading=\"lazy\"\/><\/p>\n<p class=\"fig__caption__text\">\u00dcber 50 Rettungskr\u00e4fte waren in der Nacht zum Freitag auf der B 275 nach dem Unfall im Einsatz<\/p>\n<p>Foto: 5VISION.NEWS<\/p>\n<p>Bevor die etwa 50 <a href=\"https:\/\/www.bild.de\/themen\/organisationen\/rettungsdienst\/politik-nachrichten-news-fotos-videos-19795274.bild.html\" class=\"text-link\" target=\"_blank\" rel=\"noopener\">Rettungskr\u00e4fte<\/a> und die Polizei zu den Verungl\u00fcckten vordringen konnten, mussten sie sich zun\u00e4chst Zugang zu dem Areal verschaffen. F\u00fcr den Beifahrer (17) kam jede Hilfe zu sp\u00e4t. Er wurde noch an der Unfallstelle f\u00fcr <a href=\"https:\/\/www.bild.de\/themen\/specials\/tod\/ratgeber-todesfall-trauer-nachrichten-25350234.bild.html\" class=\"text-link\" target=\"_blank\" rel=\"noopener\">tot<\/a> erkl\u00e4rt. Der Fahrer aus Bad Schwalbach und die Beifahrerin kamen schwer verletzt in Krankenh\u00e4user. Notfallseelsorger betreuten die Einsatzkr\u00e4fte.<\/p>\n<p>Mehr zum Thema<\/p>\n<p>Die Hauptverkehrsader war bis in den fr\u00fchen Morgen gesperrt. Sachverst\u00e4ndige rekonstruieren nun den genauen Hergang des <a href=\"https:\/\/www.bild.de\/themen\/ereignisse\/unfaelle\/auto-news-fotos-videos-17004002.bild.html\" class=\"text-link\" target=\"_blank\" rel=\"noopener\">Unfalls<\/a>.<\/p>\n","protected":false},"excerpt":{"rendered":"Taunusstein (Hessen) \u2013 Drei junge Leute (19, 17, 17) sitzen nachts um halb zwei im Auto, als der&hellip;\n","protected":false},"author":2,"featured_media":505530,"comment_status":"","ping_status":"","sticky":false,"template":"","format":"standard","meta":{"footnotes":""},"categories":[1847],"tags":[3364,29,548,663,3934,30,13,2052,4579,14,15,121,3906,6502,12,94800,45,3533,7781,8246,3260,4544],"class_list":{"0":"post-505529","1":"post","2":"type-post","3":"status-publish","4":"format-standard","5":"has-post-thumbnail","7":"category-wiesbaden","8":"tag-de","9":"tag-deutschland","10":"tag-eu","11":"tag-europa","12":"tag-europe","13":"tag-germany","14":"tag-headlines","15":"tag-hessen","16":"tag-jugendlicher","17":"tag-nachrichten","18":"tag-news","19":"tag-polizei","20":"tag-rettungsdienst","21":"tag-richard-jackie","22":"tag-schlagzeilen","23":"tag-taunusstein","24":"tag-texttospeech","25":"tag-todesfall","26":"tag-unfalltod","27":"tag-unfallverletzungen","28":"tag-verkehrsunfall","29":"tag-wiesbaden"},"share_on_mastodon":{"url":"https:\/\/pubeurope.com\/@de\/115388952876462418","error":""},"_links":{"self":[{"href":"https:\/\/www.europesays.com\/de\/wp-json\/wp\/v2\/posts\/505529","targetHints":{"allow":["GET"]}}],"collection":[{"href":"https:\/\/www.europesays.com\/de\/wp-json\/wp\/v2\/posts"}],"about":[{"href":"https:\/\/www.europesays.com\/de\/wp-json\/wp\/v2\/types\/post"}],"author":[{"embeddable":true,"href":"https:\/\/www.europesays.com\/de\/wp-json\/wp\/v2\/users\/2"}],"replies":[{"embeddable":true,"href":"https:\/\/www.europesays.com\/de\/wp-json\/wp\/v2\/comments?post=505529"}],"version-history":[{"count":0,"href":"https:\/\/www.europesays.com\/de\/wp-json\/wp\/v2\/posts\/505529\/revisions"}],"wp:featuredmedia":[{"embeddable":true,"href":"https:\/\/www.europesays.com\/de\/wp-json\/wp\/v2\/media\/505530"}],"wp:attachment":[{"href":"https:\/\/www.europesays.com\/de\/wp-json\/wp\/v2\/media?parent=505529"}],"wp:term":[{"taxonomy":"category","embeddable":true,"href":"https:\/\/www.europesays.com\/de\/wp-json\/wp\/v2\/categories?post=505529"},{"taxonomy":"post_tag","embeddable":true,"href":"https:\/\/www.europesays.com\/de\/wp-json\/wp\/v2\/tags?post=505529"}],"curies":[{"name":"wp","href":"https:\/\/api.w.org\/{rel}","templated":true}]}}