{"id":505533,"date":"2025-10-17T10:08:15","date_gmt":"2025-10-17T10:08:15","guid":{"rendered":"https:\/\/www.europesays.com\/de\/505533\/"},"modified":"2025-10-17T10:08:15","modified_gmt":"2025-10-17T10:08:15","slug":"pol-pprp-unbekannter-versucht-mit-gestohlenem-schluessel-in-haus-einzubrechen","status":"publish","type":"post","link":"https:\/\/www.europesays.com\/de\/505533\/","title":{"rendered":"POL-PPRP: Unbekannter versucht mit gestohlenem Schl\u00fcssel in Haus einzubrechen &#8211; &#8230;"},"content":{"rendered":"<p class=\"date\">17.10.2025 \u2013 11:30<\/p>\n<p class=\"customer\">\n                        <a class=\"story-customer\" title=\"weiter zum newsroom von Polizeipr\u00e4sidium Rheinpfalz\" href=\"https:\/\/www.presseportal.de\/blaulicht\/nr\/117696\" rel=\"nofollow noopener\" target=\"_blank\">Polizeipr\u00e4sidium Rheinpfalz<\/a>\n                    <\/p>\n<p><a data-category=\"citylink-story-view\" data-action=\"click\" data-label=\"Citylink in Meldungsansicht\" class=\"story-city event-trigger\" href=\"https:\/\/www.presseportal.de\/regional\/Ludwigshafen\" title=\"News aus Ludwigshafen \" rel=\"nofollow noopener\" target=\"_blank\">Ludwigshafen<\/a> (ots)<\/p>\n<p>Ein Unbekannter hatte am Donnerstagmittag (16.10.2025, zwischen 14:10 Uhr und 14:30 Uhr) aus einem, vermutlich nicht abgeschlossenem Auto, einen Haust\u00fcrschl\u00fcssel gestohlen. Das Auto, ein grauer VW Golf, war zu dieser Zeit auf dem Supermarktparkplatz in der Von-Kieffer-Stra\u00dfe geparkt. Vermutlich \u00fcber die im Auto befindliche Zulassungsbescheinigung erfuhr der T\u00e4ter die dazugeh\u00f6rige Adresse. Gegen 14:30 Uhr versuchte der Unbekannte mit dem gestohlenen Schl\u00fcssel in das Wohnhaus in der Marie-Juchacz-Allee einzubrechen. Als ein aufmerksamer Nachbar den Mann ansprach fl\u00fcchtete er.<\/p>\n<p>Der T\u00e4ter wird, wie folgt beschrieben: m\u00e4nnlich, ca. 1,85 m gro\u00df, ca. 75 kg schwer, bekleidet mit Jeanshose und Collegejacke, schwarze Haare, gepflegtes Erscheinungsbild.<\/p>\n<p>Haben Sie den Diebstahl aus dem grauen VW Golf auf dem Parkplatz der Von-Kieffer-Stra\u00dfe oder den versuchten Einbruch in der Marie-Juchacz-Allee beobachtet? Oder k\u00f6nnen Sie Hinweise auf den gesuchten Mann geben?<\/p>\n<p>Dann melden Sie sich bitte bei der Polizeiinspektion Ludwigshafen 1, unter Telefonnummer 0621 963- 24150 oder per E-Mail <a href=\"https:\/\/www.presseportal.de\/blaulicht\/pm\/117696\/mailto: piludwigshafen1@polizei.rlp.de\" class=\"uri-mailto\" rel=\"nofollow noopener\" target=\"_blank\"> piludwigshafen1@polizei.rlp.de<\/a> .<\/p>\n<p class=\"contact-headline\">R\u00fcckfragen bitte an:<\/p>\n<p class=\"contact-text\">Polizeipr\u00e4sidium Rheinpfalz<br \/>Ghislaine Wymar <br \/>Telefon: 0621 963-20022<br \/>E-Mail: <a href=\"https:\/\/www.presseportal.de\/blaulicht\/pm\/117696\/mailto: pprheinpfalz.presse@polizei.rlp.de\" class=\"uri-mailto\" rel=\"nofollow noopener\" target=\"_blank\"> pprheinpfalz.presse@polizei.rlp.de<\/a><br \/><a target=\"_blank\" class=\"uri-ext outbound\" rel=\"noopener nofollow\" href=\"https:\/\/s.rlp.de\/86q\">https:\/\/s.rlp.de\/86q<\/a><\/p>\n<p class=\"originator\">Original-Content von: Polizeipr\u00e4sidium Rheinpfalz, \u00fcbermittelt durch news aktuell<\/p>\n","protected":false},"excerpt":{"rendered":"17.10.2025 \u2013 11:30 Polizeipr\u00e4sidium Rheinpfalz Ludwigshafen (ots) Ein Unbekannter hatte am Donnerstagmittag (16.10.2025, zwischen 14:10 Uhr und 14:30&hellip;\n","protected":false},"author":2,"featured_media":386213,"comment_status":"","ping_status":"","sticky":false,"template":"","format":"standard","meta":{"footnotes":""},"categories":[1845],"tags":[1634,3364,29,548,663,3934,30,13,177,2096,14,15,121,178,180,179,181,17273,12],"class_list":{"0":"post-505533","1":"post","2":"type-post","3":"status-publish","4":"format-standard","5":"has-post-thumbnail","7":"category-mannheim","8":"tag-baden-wuerttemberg","9":"tag-de","10":"tag-deutschland","11":"tag-eu","12":"tag-europa","13":"tag-europe","14":"tag-germany","15":"tag-headlines","16":"tag-kriminalitt","17":"tag-mannheim","18":"tag-nachrichten","19":"tag-news","20":"tag-polizei","21":"tag-presse","22":"tag-pressemeldung","23":"tag-pressemitteilung","24":"tag-pressemitteilungen","25":"tag-rp","26":"tag-schlagzeilen"},"share_on_mastodon":{"url":"https:\/\/pubeurope.com\/@de\/115388960257957829","error":""},"_links":{"self":[{"href":"https:\/\/www.europesays.com\/de\/wp-json\/wp\/v2\/posts\/505533","targetHints":{"allow":["GET"]}}],"collection":[{"href":"https:\/\/www.europesays.com\/de\/wp-json\/wp\/v2\/posts"}],"about":[{"href":"https:\/\/www.europesays.com\/de\/wp-json\/wp\/v2\/types\/post"}],"author":[{"embeddable":true,"href":"https:\/\/www.europesays.com\/de\/wp-json\/wp\/v2\/users\/2"}],"replies":[{"embeddable":true,"href":"https:\/\/www.europesays.com\/de\/wp-json\/wp\/v2\/comments?post=505533"}],"version-history":[{"count":0,"href":"https:\/\/www.europesays.com\/de\/wp-json\/wp\/v2\/posts\/505533\/revisions"}],"wp:featuredmedia":[{"embeddable":true,"href":"https:\/\/www.europesays.com\/de\/wp-json\/wp\/v2\/media\/386213"}],"wp:attachment":[{"href":"https:\/\/www.europesays.com\/de\/wp-json\/wp\/v2\/media?parent=505533"}],"wp:term":[{"taxonomy":"category","embeddable":true,"href":"https:\/\/www.europesays.com\/de\/wp-json\/wp\/v2\/categories?post=505533"},{"taxonomy":"post_tag","embeddable":true,"href":"https:\/\/www.europesays.com\/de\/wp-json\/wp\/v2\/tags?post=505533"}],"curies":[{"name":"wp","href":"https:\/\/api.w.org\/{rel}","templated":true}]}}