{"id":505540,"date":"2025-10-17T10:12:11","date_gmt":"2025-10-17T10:12:11","guid":{"rendered":"https:\/\/www.europesays.com\/de\/505540\/"},"modified":"2025-10-17T10:12:11","modified_gmt":"2025-10-17T10:12:11","slug":"bayern-wiegelt-bei-schlotterbeck-ab-eberl-upa-das-thema","status":"publish","type":"post","link":"https:\/\/www.europesays.com\/de\/505540\/","title":{"rendered":"Bayern wiegelt bei Schlotterbeck ab &#8211; Eberl: \u00abUpa\u00bb das Thema"},"content":{"rendered":"<p>M\u00fcnchen (dpa) &#8211; Vor dem Topspiel gegen Borussia Dortmund wiegelt der FC Bayern bei Spekulationen \u00fcber ein Interesse an BVB-Verteidiger Nico Schlotterbeck ab. \u00abIch werde mich vor so einem Spiel nicht \u00fcber einen Spieler des Gegners \u00e4u\u00dfern\u00bb, sagte Sportvorstand Max Eberl. \u00abIch glaube, dass wir sehr gute Innenverteidiger haben mit Jonathan Tah, Minjae Kim, mit Upa.\u00bb<\/p>\n<p>Just Dayot Upamecano stehe bei der Zukunftsplanung des deutschen Fu\u00dfball-Rekordmeisters im Fokus, unterstrich Eberl. \u00abDas ist f\u00fcr uns das gro\u00dfe Thema: die Upa-Verl\u00e4ngerung. Das ist das, was bei uns \u00fcber allem steht.\u00bb Der Vertrag des franz\u00f6sischen Nationalspielers, an dem das Interesse der internationalen Konkurrenz gro\u00df sein soll, l\u00e4uft nach dieser Saison aus.<\/p>\n<p>Kompany: \u00abSchlotterbeck morgen nur Gegner\u00bb<\/p>\n<p>\u00abWenn gewisse Themen sich anders darstellen sollten, dann wird man auf den Markt gehen und sich den Markt anschauen\u00bb, meinte Eberl. Zu Schlotterbeck aber gebe es \u00abheute von mir keinen Kommentar\u00bb. Auch Trainer Vincent Kompany sagte vor dem Spitzenduell am Samstag (18.30 Uhr\/Sky): \u00abIch sehe Schlotterbeck morgen nur als Gegner.\u00bb Er war gefragt worden, ob er sich vorstellen k\u00f6nne, den BVB-Profi und Nationalspieler einmal selbst zu trainieren.<\/p>\n<p>Nicht nur Upamecanos Arbeitspapier endet im Sommer 2026, auch Serge Gnabry hat in M\u00fcnchen nur noch einen Vertrag f\u00fcr diese Saison. Der DFB-St\u00fcrmer, der zwischenzeitlich schon zu den Verkaufskandidaten z\u00e4hlte, bestreitet aktuell eine starke Saison und wirbt damit f\u00fcr sich.\u00a0<\/p>\n<p>\u00abSeine Leistung ist ein Argument, das wir sehr wohlwollend wahrnehmen\u00bb, sagte Eberl. Auf die Frage, welche Signale der Verein an den 30-J\u00e4hrigen sende, antwortete er auf der Pressekonferenz in Richtung der Journalisten: \u00abWelche Signale wir uns gegenseitig senden, die senden wir uns und nicht euch.\u00bb<\/p>\n<p>Schnelleres Comeback von Davies?<\/p>\n<p>Unterdessen deutet sich bei den Bayern eine fr\u00fchere R\u00fcckkehr von Alphonso Davies an. Eigentlich hatten die M\u00fcnchner mit dem defensiven Fl\u00fcgelspieler nach dessen Kreuzbandriss erst im Januar gerechnet. Trainer Kompany aber hofft, dass er den Kanadier noch in 2025 wiederbekommt. \u00abSein K\u00f6rper muss jede Woche auf neue Belastungen reagieren. Aber wenn es weiter gut l\u00e4uft, dann haben wir vielleicht einen sehr fitten Alphonso im Dezember zur\u00fcck.\u00bb<\/p>\n","protected":false},"excerpt":{"rendered":"M\u00fcnchen (dpa) &#8211; Vor dem Topspiel gegen Borussia Dortmund wiegelt der FC Bayern bei Spekulationen \u00fcber ein Interesse&hellip;\n","protected":false},"author":2,"featured_media":505541,"comment_status":"","ping_status":"","sticky":false,"template":"","format":"standard","meta":{"footnotes":""},"categories":[1843],"tags":[772,888,299,3364,29,11304,5282,30,8970,1209],"class_list":{"0":"post-505540","1":"post","2":"type-post","3":"status-publish","4":"format-standard","5":"has-post-thumbnail","7":"category-muenster","8":"tag-bayern","9":"tag-borussia-dortmund","10":"tag-bundesliga","11":"tag-de","12":"tag-deutschland","13":"tag-fc-bayern-mnchen","14":"tag-fuball","15":"tag-germany","16":"tag-muenster","17":"tag-nordrhein-westfalen"},"share_on_mastodon":{"url":"https:\/\/pubeurope.com\/@de\/115388976173042994","error":""},"_links":{"self":[{"href":"https:\/\/www.europesays.com\/de\/wp-json\/wp\/v2\/posts\/505540","targetHints":{"allow":["GET"]}}],"collection":[{"href":"https:\/\/www.europesays.com\/de\/wp-json\/wp\/v2\/posts"}],"about":[{"href":"https:\/\/www.europesays.com\/de\/wp-json\/wp\/v2\/types\/post"}],"author":[{"embeddable":true,"href":"https:\/\/www.europesays.com\/de\/wp-json\/wp\/v2\/users\/2"}],"replies":[{"embeddable":true,"href":"https:\/\/www.europesays.com\/de\/wp-json\/wp\/v2\/comments?post=505540"}],"version-history":[{"count":0,"href":"https:\/\/www.europesays.com\/de\/wp-json\/wp\/v2\/posts\/505540\/revisions"}],"wp:featuredmedia":[{"embeddable":true,"href":"https:\/\/www.europesays.com\/de\/wp-json\/wp\/v2\/media\/505541"}],"wp:attachment":[{"href":"https:\/\/www.europesays.com\/de\/wp-json\/wp\/v2\/media?parent=505540"}],"wp:term":[{"taxonomy":"category","embeddable":true,"href":"https:\/\/www.europesays.com\/de\/wp-json\/wp\/v2\/categories?post=505540"},{"taxonomy":"post_tag","embeddable":true,"href":"https:\/\/www.europesays.com\/de\/wp-json\/wp\/v2\/tags?post=505540"}],"curies":[{"name":"wp","href":"https:\/\/api.w.org\/{rel}","templated":true}]}}