{"id":505544,"date":"2025-10-17T10:14:13","date_gmt":"2025-10-17T10:14:13","guid":{"rendered":"https:\/\/www.europesays.com\/de\/505544\/"},"modified":"2025-10-17T10:14:13","modified_gmt":"2025-10-17T10:14:13","slug":"pol-bi-unfall-wer-fuhr-bei-rot","status":"publish","type":"post","link":"https:\/\/www.europesays.com\/de\/505544\/","title":{"rendered":"POL-BI: Unfall &#8211; Wer fuhr bei Rot?"},"content":{"rendered":"<p class=\"date\">17.10.2025 \u2013 12:00<\/p>\n<p class=\"customer\">\n                        <a class=\"story-customer\" title=\"weiter zum newsroom von Polizei Bielefeld\" href=\"https:\/\/www.presseportal.de\/blaulicht\/nr\/12522\" rel=\"nofollow noopener\" target=\"_blank\">Polizei Bielefeld<\/a>\n                    <\/p>\n<p><a class=\"glightbox event-trigger\" href=\"https:\/\/cache.pressmailing.net\/thumbnail\/story_hires\/93a8369a-affd-4694-92a6-447641459117\/Unfallstelle.jpg.jpg\" data-description=\"Unfallstelle\" data-category=\"medialightbox\" data-action=\"click\" data-label=\"single\" data-value=\"68f213a9270000fd2cbcf280\" rel=\"nofollow noopener\" target=\"_blank\"><img decoding=\"async\" height=\"540\" with=\"720\" src=\"https:\/\/www.europesays.com\/de\/wp-content\/uploads\/2025\/10\/pol-bi-unfall-wer-fuhr-bei-rot.jpeg\"   alt=\"POL-BI: Unfall - Wer fuhr bei Rot?\" class=\"single\"\/><\/a><\/p>\n<p><a data-category=\"citylink-story-view\" data-action=\"click\" data-label=\"Citylink in Meldungsansicht\" class=\"story-city event-trigger\" href=\"https:\/\/www.presseportal.de\/regional\/Bielefeld\" title=\"News aus Bielefeld \" rel=\"nofollow noopener\" target=\"_blank\">Bielefeld<\/a> (ots)<\/p>\n<p>HC\/ Bielefeld &#8211; Brackwede-<br \/>\nAm Donnerstag, 16.10.2025, kam es im Kreuzungsbereich S\u00fcdring und Windelsbleicher Stra\u00dfe zu einem Unfall. Beide PKW-Fahrer glaubten bei Gr\u00fcn gefahren zu sein.<\/p>\n<p>Ein 29-j\u00e4hriger Bielefelder befuhr gegen 05:45 Uhr mit seinem Renault Clio den mittleren Fahrstreifen des S\u00fcdrings in Richtung stadtausw\u00e4rts. Im Kreuzungsbereich der Windelsbleicher Stra\u00dfe kam es zum Zusammensto\u00df mit dem Kia Ceed eines 42-j\u00e4hrigen Bielefelders. Der Kia-Fahrer hatte, von der Windelsbleicher Stra\u00dfe kommend, beabsichtigt hinter einem vor ihm abbiegenden PKW nach links auf den S\u00fcdring abzubiegen. Beide Bielefelder gaben an, bei Gr\u00fcnlicht in den Kreuzungsbereich eingefahren zu sein.<\/p>\n<p>Ein Abschleppwagen transportierte den nicht mehr fahrbereiten Renault ab. Es entstand ein Sachschaden von ungef\u00e4hr 5000 Euro.<\/p>\n<p>Zeugen werden gebeten, sich an das Verkehrskommissariat 1 unter 0521-545-0 zu wenden.<\/p>\n<p class=\"contact-headline\">R\u00fcckfragen von Journalisten bitte an:<\/p>\n<p class=\"contact-text\">Polizeipr\u00e4sidium Bielefeld<br \/>Leitungsstab\/ Presse- und \u00d6ffentlichkeitsarbeit<br \/>Kurt-Schumacher-Stra\u00dfe 46<br \/>33615 Bielefeld<\/p>\n<p>Sonja Rehmert (SR), Tel. 0521\/545-3020<br \/>Katja K\u00fcster (KK), Tel. 0521\/545-3195<br \/>Sarah Siedschlag (SI), Tel. 0521\/545-3021<br \/>Michael K\u00f6tter (MK), Tel. 0521\/545-3022<br \/>Hella Christoph (HC), Tel. 0521\/545-3023<br \/>Fabian Rickel (FR), Tel. 0521\/545-3024<br \/>Caroline Steffen (CS), Tel. 0521\/545-3026<br \/>Lukas Reker (LR), Tel. 0521\/545-3222<\/p>\n<p>E-Mail: <a href=\"https:\/\/www.presseportal.de\/blaulicht\/pm\/12522\/mailto: pressestelle.bielefeld@polizei.nrw.de\" class=\"uri-mailto\" rel=\"nofollow noopener\" target=\"_blank\"> pressestelle.bielefeld@polizei.nrw.de<\/a><br \/><a target=\"_blank\" class=\"uri-ext outbound\" rel=\"noopener nofollow\" href=\"https:\/\/bielefeld.polizei.nrw\/\">https:\/\/bielefeld.polizei.nrw\/<\/a><\/p>\n<p>Au\u00dferhalb der B\u00fcrodienstzeit: Leitstelle, Tel. 0521\/545-0<\/p>\n<p class=\"originator\">Original-Content von: Polizei Bielefeld, \u00fcbermittelt durch news aktuell<\/p>\n","protected":false},"excerpt":{"rendered":"17.10.2025 \u2013 12:00 Polizei Bielefeld Bielefeld (ots) HC\/ Bielefeld &#8211; Brackwede- Am Donnerstag, 16.10.2025, kam es im Kreuzungsbereich&hellip;\n","protected":false},"author":2,"featured_media":505545,"comment_status":"","ping_status":"","sticky":false,"template":"","format":"standard","meta":{"footnotes":""},"categories":[1841],"tags":[1605,3364,29,30,177,1209,176,121,178,180,179,181],"class_list":{"0":"post-505544","1":"post","2":"type-post","3":"status-publish","4":"format-standard","5":"has-post-thumbnail","7":"category-bielefeld","8":"tag-bielefeld","9":"tag-de","10":"tag-deutschland","11":"tag-germany","12":"tag-kriminalitt","13":"tag-nordrhein-westfalen","14":"tag-nrw","15":"tag-polizei","16":"tag-presse","17":"tag-pressemeldung","18":"tag-pressemitteilung","19":"tag-pressemitteilungen"},"share_on_mastodon":{"url":"https:\/\/pubeurope.com\/@de\/115388983886608875","error":""},"_links":{"self":[{"href":"https:\/\/www.europesays.com\/de\/wp-json\/wp\/v2\/posts\/505544","targetHints":{"allow":["GET"]}}],"collection":[{"href":"https:\/\/www.europesays.com\/de\/wp-json\/wp\/v2\/posts"}],"about":[{"href":"https:\/\/www.europesays.com\/de\/wp-json\/wp\/v2\/types\/post"}],"author":[{"embeddable":true,"href":"https:\/\/www.europesays.com\/de\/wp-json\/wp\/v2\/users\/2"}],"replies":[{"embeddable":true,"href":"https:\/\/www.europesays.com\/de\/wp-json\/wp\/v2\/comments?post=505544"}],"version-history":[{"count":0,"href":"https:\/\/www.europesays.com\/de\/wp-json\/wp\/v2\/posts\/505544\/revisions"}],"wp:featuredmedia":[{"embeddable":true,"href":"https:\/\/www.europesays.com\/de\/wp-json\/wp\/v2\/media\/505545"}],"wp:attachment":[{"href":"https:\/\/www.europesays.com\/de\/wp-json\/wp\/v2\/media?parent=505544"}],"wp:term":[{"taxonomy":"category","embeddable":true,"href":"https:\/\/www.europesays.com\/de\/wp-json\/wp\/v2\/categories?post=505544"},{"taxonomy":"post_tag","embeddable":true,"href":"https:\/\/www.europesays.com\/de\/wp-json\/wp\/v2\/tags?post=505544"}],"curies":[{"name":"wp","href":"https:\/\/api.w.org\/{rel}","templated":true}]}}