{"id":505548,"date":"2025-10-17T10:16:26","date_gmt":"2025-10-17T10:16:26","guid":{"rendered":"https:\/\/www.europesays.com\/de\/505548\/"},"modified":"2025-10-17T10:16:26","modified_gmt":"2025-10-17T10:16:26","slug":"als-wuppertal-ein-zentrum-der-kuenstlerischen-entwicklung-war","status":"publish","type":"post","link":"https:\/\/www.europesays.com\/de\/505548\/","title":{"rendered":"Als Wuppertal ein Zentrum der k\u00fcnstlerischen Entwicklung war"},"content":{"rendered":"<p class=\"text_ohne_einzug richtext text-em-55 !leading-serif mx-6 desktop:mx-0\">Nicht viele erinnern sich heute noch daran, dass Wuppertal einmal \u201eein Zentrum der k\u00fcnstlerischen Entwicklung Deutschlands und auch dar\u00fcber hinaus war. Beklagt Christoph Grafe, Professor und Dekan der Architekturgeschichte und -theorie der Uni Wuppertal und h\u00e4lt dagegen. Er kuratiert eine Ausstellung \u00fcber vier damalige Protagonisten: Ernst Oberhoff, Guido Jendritzko, Adelheid Horschik und Wilfried Reckewitz, alle vier eng und vielf\u00e4ltig mit der Kunstszene der 1950 bis 1970er Jahre und der Werkkunstschule Wuppertal verbunden. Die wiederum weit \u00fcber die Stadtgrenzen hinaus Anerkennung genoss \u2013 \u201eein lebendiger kultureller Magnet f\u00fcr Architekten, K\u00fcnstler und Designer war, der eine ganze Generation von kreativen Geistern pr\u00e4gte\u201c. Und eine der Keimzellen der Fakult\u00e4t Architektur und Bauingenieurwesen ist, so Grafe. Am 23. Oktober wird die Ausstellung in ihren R\u00e4umen am Haspel er\u00f6ffnet. Der zeitliche Zusammenfall mit der W\u00fcrdigung Guido Jendritzkos im Von der Heydt-Museum ist kein zuf\u00e4lliger.<\/p>\n","protected":false},"excerpt":{"rendered":"Nicht viele erinnern sich heute noch daran, dass Wuppertal einmal \u201eein Zentrum der k\u00fcnstlerischen Entwicklung Deutschlands und auch&hellip;\n","protected":false},"author":2,"featured_media":505549,"comment_status":"","ping_status":"","sticky":false,"template":"","format":"standard","meta":{"footnotes":""},"categories":[1840],"tags":[11621,2076,3364,29,126221,30,98798,126219,126220,126224,126223,2075,28974,126225,24254,14117,1209,33821,86067,126222,4418],"class_list":{"0":"post-505548","1":"post","2":"type-post","3":"status-publish","4":"format-standard","5":"has-post-thumbnail","7":"category-wuppertal","8":"tag-uni","9":"tag-ausstellung","10":"tag-de","11":"tag-deutschland","12":"tag-ernst-oberhoff","13":"tag-germany","14":"tag-glaskunst","15":"tag-grafe","16":"tag-guido-jendritzko","17":"tag-haspel","18":"tag-horschik","19":"tag-kunst","20":"tag-kunstakademie","21":"tag-kunstgewerbeschule","22":"tag-kunstszene","23":"tag-kunstwerk","24":"tag-nordrhein-westfalen","25":"tag-wanderausstellung","26":"tag-werkkunstschule","27":"tag-wilfried-reckewitz","28":"tag-wuppertal"},"share_on_mastodon":{"url":"https:\/\/pubeurope.com\/@de\/115388991699154801","error":""},"_links":{"self":[{"href":"https:\/\/www.europesays.com\/de\/wp-json\/wp\/v2\/posts\/505548","targetHints":{"allow":["GET"]}}],"collection":[{"href":"https:\/\/www.europesays.com\/de\/wp-json\/wp\/v2\/posts"}],"about":[{"href":"https:\/\/www.europesays.com\/de\/wp-json\/wp\/v2\/types\/post"}],"author":[{"embeddable":true,"href":"https:\/\/www.europesays.com\/de\/wp-json\/wp\/v2\/users\/2"}],"replies":[{"embeddable":true,"href":"https:\/\/www.europesays.com\/de\/wp-json\/wp\/v2\/comments?post=505548"}],"version-history":[{"count":0,"href":"https:\/\/www.europesays.com\/de\/wp-json\/wp\/v2\/posts\/505548\/revisions"}],"wp:featuredmedia":[{"embeddable":true,"href":"https:\/\/www.europesays.com\/de\/wp-json\/wp\/v2\/media\/505549"}],"wp:attachment":[{"href":"https:\/\/www.europesays.com\/de\/wp-json\/wp\/v2\/media?parent=505548"}],"wp:term":[{"taxonomy":"category","embeddable":true,"href":"https:\/\/www.europesays.com\/de\/wp-json\/wp\/v2\/categories?post=505548"},{"taxonomy":"post_tag","embeddable":true,"href":"https:\/\/www.europesays.com\/de\/wp-json\/wp\/v2\/tags?post=505548"}],"curies":[{"name":"wp","href":"https:\/\/api.w.org\/{rel}","templated":true}]}}