{"id":505550,"date":"2025-10-17T10:17:10","date_gmt":"2025-10-17T10:17:10","guid":{"rendered":"https:\/\/www.europesays.com\/de\/505550\/"},"modified":"2025-10-17T10:17:10","modified_gmt":"2025-10-17T10:17:10","slug":"bochum-feuerwehr-rettet-kaetzchen-aus-pkw-regional","status":"publish","type":"post","link":"https:\/\/www.europesays.com\/de\/505550\/","title":{"rendered":"Bochum: Feuerwehr rettet K\u00e4tzchen aus Pkw | Regional"},"content":{"rendered":"<p>Bochum \u2013 <b>Ein ungew\u00f6hnlicher Notruf: Eine Katze hatte sich unter der Sto\u00dfstange eines Pkw versteckt.<\/b><\/p>\n<p>Gegen 21.15 Uhr ging der Anruf bei der Bochumer Feuerwehr ein. Sofort machte sich ein Hilfeleistungsl\u00f6schfahrzeug auf den Weg zur Bahnhofstra\u00dfe in Wattenscheid. Vor Ort h\u00f6rten die Einsatzkr\u00e4fte leises Miauen aus dem hinteren Radkasten.<\/p>\n<p>Auch interessant<\/p>\n<p>Anzeige<\/p>\n<p>Auch interessant<\/p>\n<p>Anzeige<\/p>\n<p>Der Fahrer des Wagens war gerade aus Hannover gekommen und bemerkte die Ger\u00e4usche beim Parken. Die Feuerwehr sicherte das Fahrzeug gegen Wegrollen, hob es leicht an und entfernte das Hinterrad sowie die Radkastenverkleidung.<\/p>\n<p>Nach ein wenig gutem Zureden kam das K\u00e4tzchen schlie\u00dflich aus seinem Versteck. Ein beherzter Griff eines Feuerwehrmanns sicherte das Tier.<\/p>\n<p>Das K\u00e4tzchen war gechippt und wird nun vom Fahrer des Autos zur\u00fcck nach Hannover gebracht, um es seinen Besitzern zu \u00fcbergeben. Der Einsatz dauerte etwa 70 Minuten.<\/p>\n<p>Dieser Text basiert auf einer offiziellen Beh\u00f6rden-Information und wurde mit Hilfe von KI erstellt.<\/p>\n","protected":false},"excerpt":{"rendered":"Bochum \u2013 Ein ungew\u00f6hnlicher Notruf: Eine Katze hatte sich unter der Sto\u00dfstange eines Pkw versteckt. Gegen 21.15 Uhr&hellip;\n","protected":false},"author":2,"featured_media":482801,"comment_status":"","ping_status":"","sticky":false,"template":"","format":"standard","meta":{"footnotes":""},"categories":[1839],"tags":[7507,3364,29,985,30,2509,1209,45],"class_list":{"0":"post-505550","1":"post","2":"type-post","3":"status-publish","4":"format-standard","5":"has-post-thumbnail","7":"category-bochum","8":"tag-bochum","9":"tag-de","10":"tag-deutschland","11":"tag-feuerwehr","12":"tag-germany","13":"tag-ki-ots","14":"tag-nordrhein-westfalen","15":"tag-texttospeech"},"share_on_mastodon":{"url":"https:\/\/pubeurope.com\/@de\/115388995596433925","error":""},"_links":{"self":[{"href":"https:\/\/www.europesays.com\/de\/wp-json\/wp\/v2\/posts\/505550","targetHints":{"allow":["GET"]}}],"collection":[{"href":"https:\/\/www.europesays.com\/de\/wp-json\/wp\/v2\/posts"}],"about":[{"href":"https:\/\/www.europesays.com\/de\/wp-json\/wp\/v2\/types\/post"}],"author":[{"embeddable":true,"href":"https:\/\/www.europesays.com\/de\/wp-json\/wp\/v2\/users\/2"}],"replies":[{"embeddable":true,"href":"https:\/\/www.europesays.com\/de\/wp-json\/wp\/v2\/comments?post=505550"}],"version-history":[{"count":0,"href":"https:\/\/www.europesays.com\/de\/wp-json\/wp\/v2\/posts\/505550\/revisions"}],"wp:featuredmedia":[{"embeddable":true,"href":"https:\/\/www.europesays.com\/de\/wp-json\/wp\/v2\/media\/482801"}],"wp:attachment":[{"href":"https:\/\/www.europesays.com\/de\/wp-json\/wp\/v2\/media?parent=505550"}],"wp:term":[{"taxonomy":"category","embeddable":true,"href":"https:\/\/www.europesays.com\/de\/wp-json\/wp\/v2\/categories?post=505550"},{"taxonomy":"post_tag","embeddable":true,"href":"https:\/\/www.europesays.com\/de\/wp-json\/wp\/v2\/tags?post=505550"}],"curies":[{"name":"wp","href":"https:\/\/api.w.org\/{rel}","templated":true}]}}