{"id":505556,"date":"2025-10-17T10:21:21","date_gmt":"2025-10-17T10:21:21","guid":{"rendered":"https:\/\/www.europesays.com\/de\/505556\/"},"modified":"2025-10-17T10:21:21","modified_gmt":"2025-10-17T10:21:21","slug":"letitia-james-ich-fuerchte-keinen-menschen-politik","status":"publish","type":"post","link":"https:\/\/www.europesays.com\/de\/505556\/","title":{"rendered":"Letitia James: \u201eIch f\u00fcrchte keinen Menschen\u201c &#8211; Politik"},"content":{"rendered":"<p class=\"css-c9fym5\" data-manual=\"teaserText\" data-schema-org-speakable=\"true\">Letitia James ist Generalstaatsanw\u00e4ltin von New York und eine Gegnerin von Donald Trump. Jetzt wurde sie angeklagt. Wohl auch, weil es zu den Prinzipien des US-Pr\u00e4sidenten geh\u00f6rt, sich an seinen Widersachern zu r\u00e4chen.<\/p>\n<p data-manual=\"author\" data-testid=\"byline\" class=\"css-1b049jz\">Von <a href=\"https:\/\/www.sueddeutsche.de\/autoren\/peter-burghardt-1.1143208\" target=\"_blank\" rel=\"noopener\">Peter Burghardt<\/a><\/p>\n<p data-manual=\"paragraph\" data-schema-org-speakable=\"true\" class=\"css-9njfp7\">Am Montag stand Letitia James auf einer B\u00fchne in <a href=\"https:\/\/www.sueddeutsche.de\/thema\/New_York\" target=\"_blank\" rel=\"noopener\">New York<\/a>, Wahlkampf f\u00fcr Zohran Mamdani. Der Demokrat, 33 Jahre alt, will B\u00fcrgermeister werden. Die Demokratin, 66 Jahre alt, unterst\u00fctzt ihn. \u201eWe love Tish!\u201c, riefen ihre Anh\u00e4nger, Tish ist ihr Spitzname. Es ging bei dieser Veranstaltung im United Palace von Manhattan eigentlich um Mamdani, den linken Kandidaten. Aber es ging auch um sie, um Letitia James, die Generalstaatsanw\u00e4ltin der gr\u00f6\u00dften Stadt in den <a href=\"https:\/\/www.sueddeutsche.de\/thema\/USA\" target=\"_blank\" rel=\"noopener\">USA<\/a>.<\/p>\n","protected":false},"excerpt":{"rendered":"Letitia James ist Generalstaatsanw\u00e4ltin von New York und eine Gegnerin von Donald Trump. Jetzt wurde sie angeklagt. Wohl&hellip;\n","protected":false},"author":2,"featured_media":505557,"comment_status":"","ping_status":"","sticky":false,"template":"","format":"standard","meta":{"footnotes":""},"categories":[3977],"tags":[331,332,147,8046,1500,106,22720,13,148,14,944,39642,15,16,20318,12,149,4017,4018,4016,64,4019,4020],"class_list":{"0":"post-505556","1":"post","2":"type-post","3":"status-publish","4":"format-standard","5":"has-post-thumbnail","7":"category-usa","8":"tag-aktuelle-nachrichten","9":"tag-aktuelle-news","10":"tag-ausland","11":"tag-demokraten","12":"tag-demokratische-partei","13":"tag-donald-trump","14":"tag-fbi","15":"tag-headlines","16":"tag-leserdiskussion","17":"tag-nachrichten","18":"tag-new-york","19":"tag-new-york-city","20":"tag-news","21":"tag-politik","22":"tag-profil","23":"tag-schlagzeilen","24":"tag-sueddeutsche-zeitung","25":"tag-united-states","26":"tag-united-states-of-america","27":"tag-us","28":"tag-usa","29":"tag-vereinigte-staaten","30":"tag-vereinigte-staaten-von-amerika"},"share_on_mastodon":{"url":"https:\/\/pubeurope.com\/@de\/115389011329574451","error":""},"_links":{"self":[{"href":"https:\/\/www.europesays.com\/de\/wp-json\/wp\/v2\/posts\/505556","targetHints":{"allow":["GET"]}}],"collection":[{"href":"https:\/\/www.europesays.com\/de\/wp-json\/wp\/v2\/posts"}],"about":[{"href":"https:\/\/www.europesays.com\/de\/wp-json\/wp\/v2\/types\/post"}],"author":[{"embeddable":true,"href":"https:\/\/www.europesays.com\/de\/wp-json\/wp\/v2\/users\/2"}],"replies":[{"embeddable":true,"href":"https:\/\/www.europesays.com\/de\/wp-json\/wp\/v2\/comments?post=505556"}],"version-history":[{"count":0,"href":"https:\/\/www.europesays.com\/de\/wp-json\/wp\/v2\/posts\/505556\/revisions"}],"wp:featuredmedia":[{"embeddable":true,"href":"https:\/\/www.europesays.com\/de\/wp-json\/wp\/v2\/media\/505557"}],"wp:attachment":[{"href":"https:\/\/www.europesays.com\/de\/wp-json\/wp\/v2\/media?parent=505556"}],"wp:term":[{"taxonomy":"category","embeddable":true,"href":"https:\/\/www.europesays.com\/de\/wp-json\/wp\/v2\/categories?post=505556"},{"taxonomy":"post_tag","embeddable":true,"href":"https:\/\/www.europesays.com\/de\/wp-json\/wp\/v2\/tags?post=505556"}],"curies":[{"name":"wp","href":"https:\/\/api.w.org\/{rel}","templated":true}]}}