{"id":505560,"date":"2025-10-17T10:23:11","date_gmt":"2025-10-17T10:23:11","guid":{"rendered":"https:\/\/www.europesays.com\/de\/505560\/"},"modified":"2025-10-17T10:23:11","modified_gmt":"2025-10-17T10:23:11","slug":"nachfahre-von-ludwig-xvi-bietet-sich-als-neuer-koenig-an","status":"publish","type":"post","link":"https:\/\/www.europesays.com\/de\/505560\/","title":{"rendered":"Nachfahre von Ludwig XVI. bietet sich als neuer K\u00f6nig an"},"content":{"rendered":"<ol class=\"id-DonaldBreadcrumb lp_west_breadcrumb id-DonaldBreadcrumb--default\" data-k5a-pos=\"west_breadcrumb\">\n<li class=\"id-Breadcrumb-item\"><a href=\"https:\/\/www.merkur.de\/\" class=\"id-Breadcrumb-link\" data-id-ec=\"{\" shn=\"\" textlink=\"\" data-k5a-pos=\"1_startseite\" target=\"_blank\" rel=\"noopener\">Startseite<\/a><\/li>\n<li class=\"id-Breadcrumb-item\"><a href=\"https:\/\/www.merkur.de\/politik\/\" class=\"id-Breadcrumb-link\" data-id-ec=\"{\" shn=\"\" textlink=\"\" data-k5a-pos=\"2_politik\" target=\"_blank\" rel=\"noopener\">Politik<\/a><\/li>\n<\/ol>\n<p class=\"id-Story-timestamp id-Story-timestamp--default\">Stand: 17.10.2025, 11:42 Uhr<\/p>\n<p class=\"id-Story-interactionBar id-Story-interactionBar--default\">DruckenTeilen<\/p>\n<p><img decoding=\"async\" class=\"id-RatioPlaceholder-element wv_story_el_image\" src=\"https:\/\/www.europesays.com\/de\/wp-content\/uploads\/2025\/10\/40096310-frankreichs-premier-muss-sich-misstrauensantraegen-stellen-2Oom4ZGDCV7a.jpg\" loading=\"eager\" fetchpriority=\"high\"   height=\"792\" width=\"1408\" alt=\"Frankreichs Premier muss sich Misstrauensantr&#xE4;gen stellen\"\/>Sollte die Regierung in Paris st\u00fcrzen, w\u00fcrde dies Macron erheblich unter Druck setzen (Archivbild). \u00a9\u00a0POOL\/Pool AFP\/AP\/dpa<\/p>\n<p class=\"id-StoryElement-leadText\">Ein Nachkomme des letzten regierenden K\u00f6nigs von Frankreich hat angeboten, einzugreifen, um sein Land aus der politischen Krise zu retten.<\/p>\n<p class=\"id-StoryElement-paragraph\">Ein Nachfahre des letzten franz\u00f6sischen K\u00f6nigs hat erkl\u00e4rt, bereit zu sein, seinem Land zu dienen, w\u00e4hrend die j\u00fcngste Regierung von Pr\u00e4sident <a href=\"https:\/\/www.fr.de\/thema\/emmanuel-macron-per772394\/\" class=\"id-import-Link id-pageApi-Link--externalDomain\" title=\"Emmanuel Macron\" data-id-ec=\"{&quot;sht&quot;:&quot;Container&quot;,&quot;shn&quot;:&quot;Story&quot;,&quot;p&quot;:{&quot;containerType&quot;:&quot;Paragraph&quot;,&quot;displayType&quot;:&quot;Paragraph InlineLink&quot;,&quot;type&quot;:&quot;INLINE_LINK&quot;,&quot;value&quot;:&quot;Emmanuel Macron&quot;,&quot;variant&quot;:&quot;standardLink&quot;,&quot;sponsored&quot;:false,&quot;linkHref&quot;:&quot;https:\/\/www.fr.de\/thema\/emmanuel-macron-per772394\/&quot;,&quot;storyElementPosition&quot;:8,&quot;storyElementCount&quot;:24}}\" target=\"_blank\" rel=\"noopener\">Emmanuel Macron<\/a> unter zunehmendem politischen Druck steht.<\/p>\n<p class=\"id-StoryElement-paragraph\">Louis de Bourbon, Herzog von Anjou und Nachfahre des letzten regierenden franz\u00f6sischen Monarchen Ludwig XVI., hat sich angesichts der anhaltenden politischen Unruhe im Land ge\u00e4u\u00dfert, in dem inzwischen der achte Premierminister w\u00e4hrend Macrons Amtszeit und der vierte seit den Parlamentswahlen im Juli letzten Jahres ernannt wurde.<\/p>\n<p>Monarchischer Ton inmitten politischer Instabilit\u00e4t<\/p>\n<p class=\"id-StoryElement-paragraph\">In einem Interview mit der franz\u00f6sischen Zeitung Journal du Dimanche schlug Bourbon, 51 Jahre alt und auch als Ludwig XX. bekannt, Alarm \u00fcber die Verwundbarkeit der F\u00fcnften Republik unter der aktuellen Regierung. Er warnte, dass die Institutionen und die politische Klasse in Frankreich \u201eden Herausforderungen unserer Zeit nicht gewachsen\u201c seien.<\/p>\n<p class=\"id-StoryElement-paragraph\">\u201eMit Schmerz im Herzen sehe ich, wie mein Land Tag f\u00fcr Tag ein St\u00fcck weiter in eine politische Krise versinkt, die immer unl\u00f6sbarer erscheint, w\u00e4hrend Parteien und Politiker, anstatt im Interesse Frankreichs und damit der Franzosen zu handeln, ihr eigenes Spiel treiben\u201c, warnte er.<\/p>\n<p>Appell an nationale Einheit und monarchisches Erbe<\/p>\n<p class=\"id-StoryElement-paragraph\">Angesichts immer gewaltt\u00e4tigerer Ausbr\u00fcche sozialer und wirtschaftlicher Spannungen im eigenen Land und zunehmender Bedrohungen von au\u00dfen, versprach der Herzog einzugreifen, wenn seine Landsleute darum bitten w\u00fcrden. \u201eIm Moment der Entscheidung hoffe ich, dass das monarchische <a href=\"https:\/\/www.fr.de\/verbraucher\/erbe-freibetrag-erbschaftssteuer-pflichtteil-nachlass-ehepartner-kinder-erbfolge-92790955.html\" class=\"id-import-Link id-pageApi-Link--externalDomain\" data-id-ec=\"{&quot;sht&quot;:&quot;Container&quot;,&quot;shn&quot;:&quot;Story&quot;,&quot;p&quot;:{&quot;containerType&quot;:&quot;Paragraph&quot;,&quot;displayType&quot;:&quot;Paragraph InlineLink&quot;,&quot;type&quot;:&quot;INLINE_LINK&quot;,&quot;value&quot;:&quot;Erbe&quot;,&quot;variant&quot;:&quot;standardLink&quot;,&quot;sponsored&quot;:false,&quot;linkHref&quot;:&quot;https:\/\/www.fr.de\/verbraucher\/erbe-freibetrag-erbschaftssteuer-pflichtteil-nachlass-ehepartner-kinder-erbfolge-92790955.html&quot;,&quot;storyElementPosition&quot;:16,&quot;storyElementCount&quot;:24}}\" target=\"_blank\" rel=\"noopener\">Erbe<\/a>, dessen Bewahrer ich bin, noch gen\u00fcgend in den Herzen meiner Landsleute lebt, um eine Quelle der Inspiration und, ich sage es, der Hoffnung zu sein\u201c, erkl\u00e4rte er.<\/p>\n<p class=\"id-StoryElement-paragraph\">Frankreich schaffte die Monarchie ab und rief w\u00e4hrend der Franz\u00f6sischen Revolution 1792 die Republik aus. Kurz darauf wurde K\u00f6nig Ludwig XVI. wegen Hochverrats mittels der Guillotine hingerichtet.<\/p>\n<p>Monarchie bleibt Randerscheinung \u2013 trotz Kritik an System<\/p>\n<p class=\"id-StoryElement-paragraph\">Die \u00c4u\u00dferungen kommen zu einem Zeitpunkt, an dem eine Ipsos-Umfrage, die vor den aktuellen politischen Unruhen durchgef\u00fchrt wurde, zeigt, dass die meisten Franzosen der Meinung sind, das derzeitige demokratische System funktioniere nicht. Allerdings \u2013 und das mag <a href=\"https:\/\/www.fr.de\/politik\/republikanische-partei-republikaner-usa-donald-trump-ronald-reagan-richard-nixon-91087649.html\" class=\"id-import-Link id-pageApi-Link--externalDomain\" data-id-ec=\"{&quot;sht&quot;:&quot;Container&quot;,&quot;shn&quot;:&quot;Story&quot;,&quot;p&quot;:{&quot;containerType&quot;:&quot;Paragraph&quot;,&quot;displayType&quot;:&quot;Paragraph InlineLink&quot;,&quot;type&quot;:&quot;INLINE_LINK&quot;,&quot;value&quot;:&quot;Republikaner&quot;,&quot;variant&quot;:&quot;standardLink&quot;,&quot;sponsored&quot;:false,&quot;linkHref&quot;:&quot;https:\/\/www.fr.de\/politik\/republikanische-partei-republikaner-usa-donald-trump-ronald-reagan-richard-nixon-91087649.html&quot;,&quot;storyElementPosition&quot;:20,&quot;storyElementCount&quot;:24}}\" target=\"_blank\" rel=\"noopener\">Republikaner<\/a> beruhigen \u2013 ergab eine andere Umfrage, dass nur 17 % offen daf\u00fcr w\u00e4ren, das derzeitige institutionelle System durch eine R\u00fcckkehr zur Monarchie zu ersetzen.<\/p>\n<p class=\"id-StoryElement-paragraph\">Frankreich befindet sich derzeit in einer andauernden und sich immer weiter vertiefenden politischen Krise, seit Macrons verh\u00e4ngnisvoller Versuch, politische Rivalen auszuschalten und seine Autorit\u00e4t zu st\u00e4rken, indem er im Juli 2024 vorgezogene Parlamentswahlen ansetzte. Das Wagnis ging nach hinten los, denn die W\u00e4hler suchten Zuflucht bei den Extremen von ganz links und ganz rechts, wodurch Macrons Zentrumspartei ihre Mehrheit verlor.<\/p>\n<p>Regierungskrise droht zur Wirtschaftskrise zu werden<\/p>\n<p class=\"id-StoryElement-paragraph\">In den vergangenen f\u00fcnfzehn Monaten kam und ging eine Reihe von Premierministern, denen es nicht gelang, eine Mehrheit in der Nationalversammlung zu gewinnen. Die politische Malaise droht sich zu einer wirtschaftlichen Krise auszuweiten, da die zerstrittenen Parteien sich weder auf einen Haushalt einigen noch eine Antwort auf das dr\u00e4ngende Haushaltsdefizit und die wachsende Staatsverschuldung des Landes wissen. (Dieser Artikel entstand in Kooperation mit <a href=\"https:\/\/www.newsweek.com\/\" rel=\"nofollow noopener\" target=\"_blank\" class=\"id-import-Link id-pageApi-Link--externalDomain\" data-id-ec=\"{&quot;sht&quot;:&quot;Container&quot;,&quot;shn&quot;:&quot;Story&quot;,&quot;p&quot;:{&quot;containerType&quot;:&quot;Paragraph&quot;,&quot;displayType&quot;:&quot;Paragraph InlineLink&quot;,&quot;type&quot;:&quot;INLINE_LINK&quot;,&quot;value&quot;:&quot;newsweek.com&quot;,&quot;variant&quot;:&quot;standardLink&quot;,&quot;sponsored&quot;:false,&quot;linkHref&quot;:&quot;https:\/\/www.newsweek.com\/&quot;,&quot;storyElementPosition&quot;:24,&quot;storyElementCount&quot;:24}}\">newsweek.com<\/a>)<\/p>\n","protected":false},"excerpt":{"rendered":"Startseite Politik Stand: 17.10.2025, 11:42 Uhr DruckenTeilen Sollte die Regierung in Paris st\u00fcrzen, w\u00fcrde dies Macron erheblich unter&hellip;\n","protected":false},"author":2,"featured_media":505561,"comment_status":"","ping_status":"","sticky":false,"template":"","format":"standard","meta":{"footnotes":""},"categories":[3974],"tags":[331,332,548,663,3934,3980,156,13,14,15,12],"class_list":{"0":"post-505560","1":"post","2":"type-post","3":"status-publish","4":"format-standard","5":"has-post-thumbnail","7":"category-frankreich","8":"tag-aktuelle-nachrichten","9":"tag-aktuelle-news","10":"tag-eu","11":"tag-europa","12":"tag-europe","13":"tag-france","14":"tag-frankreich","15":"tag-headlines","16":"tag-nachrichten","17":"tag-news","18":"tag-schlagzeilen"},"share_on_mastodon":{"url":"https:\/\/pubeurope.com\/@de\/115389019837652042","error":""},"_links":{"self":[{"href":"https:\/\/www.europesays.com\/de\/wp-json\/wp\/v2\/posts\/505560","targetHints":{"allow":["GET"]}}],"collection":[{"href":"https:\/\/www.europesays.com\/de\/wp-json\/wp\/v2\/posts"}],"about":[{"href":"https:\/\/www.europesays.com\/de\/wp-json\/wp\/v2\/types\/post"}],"author":[{"embeddable":true,"href":"https:\/\/www.europesays.com\/de\/wp-json\/wp\/v2\/users\/2"}],"replies":[{"embeddable":true,"href":"https:\/\/www.europesays.com\/de\/wp-json\/wp\/v2\/comments?post=505560"}],"version-history":[{"count":0,"href":"https:\/\/www.europesays.com\/de\/wp-json\/wp\/v2\/posts\/505560\/revisions"}],"wp:featuredmedia":[{"embeddable":true,"href":"https:\/\/www.europesays.com\/de\/wp-json\/wp\/v2\/media\/505561"}],"wp:attachment":[{"href":"https:\/\/www.europesays.com\/de\/wp-json\/wp\/v2\/media?parent=505560"}],"wp:term":[{"taxonomy":"category","embeddable":true,"href":"https:\/\/www.europesays.com\/de\/wp-json\/wp\/v2\/categories?post=505560"},{"taxonomy":"post_tag","embeddable":true,"href":"https:\/\/www.europesays.com\/de\/wp-json\/wp\/v2\/tags?post=505560"}],"curies":[{"name":"wp","href":"https:\/\/api.w.org\/{rel}","templated":true}]}}