{"id":505562,"date":"2025-10-17T10:24:18","date_gmt":"2025-10-17T10:24:18","guid":{"rendered":"https:\/\/www.europesays.com\/de\/505562\/"},"modified":"2025-10-17T10:24:18","modified_gmt":"2025-10-17T10:24:18","slug":"busworld-europe-2025-zieht-bilanz-noch-groesser-mehr-besucher-busworld-europenfz-fachmessemessen-news-busplaner-technik-oepnv","status":"publish","type":"post","link":"https:\/\/www.europesays.com\/de\/505562\/","title":{"rendered":"Busworld Europe 2025 zieht Bilanz: Noch gr\u00f6\u00dfer, mehr Besucher &#8211; Busworld Europe,NFZ Fachmesse,Messen | News | busplaner &#8211; Technik &#8211; \u00d6PNV"},"content":{"rendered":"<p>Die Busworld Europe in Br\u00fcssel hat mit der 2025er-Ausgabe weitere Rekorde verzeichnet. Sie beherbergte an den sechs Messetagen Anfang Oktober 559 Aussteller aus 40 L\u00e4ndern, darunter 81 Bushersteller (2023: 66), die 209 Fahrzeuge im Innenbereich und 29 im Au\u00dfenbereich pr\u00e4sentierten \u2013 insgesamt eine L\u00e4nge von mehr als 3,5 km, wenn man sie aneinanderreihen w\u00fcrde. Die Messeausstellung umfasste rund 82.000 m2 mit 6,8 km Gangl\u00e4nge. Auch die Besucherzahl stieg und erreichte nicht weniger als 45.427 aus 101 L\u00e4ndern. <\/p>\n<p><strong>Starke internationale Medienpr\u00e4senz<\/strong><\/p>\n<p>Die Veranstaltung zog 405 akkreditierte Journalisten, Vlogger und Fotografen aus 49 L\u00e4ndern an. Rund 50 Social-Media-Reporter und Influencer waren anwesend und teilten Eindr\u00fccke, Interviews und Live-Videos mit einem Publikum auf der ganzen Welt. Insgesamt fanden 34 Pressekonferenzen sowie 23 Fahrzeugvorstellungen und Premieren statt.<\/p>\n<p><strong>Viert\u00e4giger Kongress gut besucht<\/strong><\/p>\n<p>Der Busworld Europe Congress brachte erneut Branchenf\u00fchrer, Experten und politische Entscheidungstr\u00e4ger zusammen. Das viert\u00e4gige Programm umfasste Diskussionen \u00fcber emissionsfreie Technologien, Digitalisierung, Sicherheit, Sozio\u00f6konomie und die Zukunft des Fernreisebusverkehrs. Die Teilnehmerzahlen waren hoch, was das gro\u00dfe Interesse der Branche am Wissensaustausch und an gemeinsamen Zukunftsperspektiven zeigt.<\/p>\n<p>Drei wichtige Erkenntnisse gingen aus dem Kongress hervor:<\/p>\n<ul>\n<li>Bis 2030 werden mehr als 60 % der Stadtbusse in Europa batterieelektrisch betrieben sein, was zeigt, dass der \u00dcbergang zur emissionsfreien Mobilit\u00e4t in vollem Gange ist<\/li>\n<li>Die Definition von Emissionsfreiheit auf der Grundlage von CO2-Neutralit\u00e4t und nicht nur von Abgasemissionen k\u00f6nnte die Dekarbonisierung des Fernverkehrs beschleunigen<\/li>\n<li>Der nahtlose Austausch von fahrzeuggenerierten Daten wird f\u00fcr den Aufbau sicherer und komfortabler multimodaler Mobilit\u00e4tssysteme in der Zukunft von entscheidender Bedeutung sein<\/li>\n<\/ul>\n<p><strong>Die Busworld Vehicle Awards<\/strong><\/p>\n<p>Die Busworld Vehicle Awards w\u00fcrdigten erneut herausragende Leistungen im Busbau. Eine Jury aus rund 30 internationalen Experten, aufgeteilt in zw\u00f6lf Facharbeitsgruppen, bewertete alle Aspekte der Fahrzeuge \u2013 vom Design \u00fcber die Sicherheit bis hin zu digitalen Systemen und Nachhaltigkeit. <\/p>\n<p>Es wurden zwei Grand Awards verliehen: der Grand Award Bus f\u00fcr den Yutong U15 und der Grand Award Coach f\u00fcr den Yutong T14E.<\/p>\n<p>Dar\u00fcber hinaus wurden Fahrzeuge, die sich durch Sicherheit, Komfort und \u00d6kologie auszeichnen, mit Labels of Excellence ausgezeichnet:<\/p>\n<ul>\n<li>Sicherheit (Reisebus): Setra S 515 HD<\/li>\n<li>Nachhaltigkeit (Reisebus): Otokar e-Territo 13 und Yutong IC12E<\/li>\n<li>Komfort (Reisebus): Setra S 515 HD<\/li>\n<li>Sicherheit (Stadtbus): Yutong U15<\/li>\n<li>Komfort (Stadtbus): Mercedes-Benz eCitaro<\/li>\n<li>Nachhaltigkeit (Stadtbus): Yutong U15<\/li>\n<\/ul>\n<p><strong>Die Vehicle Design Awards<\/strong><\/p>\n<p>Die Busworld hat zudem Vehicle Design Awards vergeben. Die Designjury bewertete das Au\u00dfen- und Innendesign sowie die Ergonomie aller auf der Busworld Europe 2025 ausgestellten Busse und Reisebusse, einschlie\u00dflich derjenigen, die nicht an den Vehicle Awards teilnahmen. Die Gewinner sind:<\/p>\n<ul>\n<li>Design (Reisebus): VDL Futura 3<\/li>\n<li>Design (Stadtbus): Yutong U15<\/li>\n<li>Die Zweitplatzierten bei den Reisebussen: Yutong T14E und King Long Merry Combo<\/li>\n<li>Die Zweitplatzierten in der Kategorie Stadtbus: Mercedes-Benz eCitaro und BYD B13.B<\/li>\n<\/ul>\n<p>\u00dcbrigens: Ab der Busworld Europe 2027 k\u00f6nnten autonome Fahrzeuge eine eigene Kategorie bei den Fahrzeugdesignauszeichnungen bilden.<\/p>\n<p><strong>Ergebnisse der Innovationsabstimmung<\/strong><\/p>\n<p>Innovation war ein weiteres wichtiges Highlight der Busworld Europe 2025. Bei der Innovationsabstimmung konnten die Besucher in die Rolle der Jury schl\u00fcpfen und die Produkte und Technologien bewerten, die von der Jury der Busworld Awards als Teil der offiziellen Shortlist vorausgew\u00e4hlt worden waren. Die folgenden Produkte wurden von den Besuchern der Busworld Europe 2025 als besonders innovativ gew\u00e4hlt:<\/p>\n<ul>\n<li>A&amp;K Fahrzeugteile Heidenau: Omnibus Classic Parts Program<\/li>\n<li>Actia: PowerDrive Cortex<\/li>\n<li>Altertek: Hybrid &amp; Full Electric ESS Regeneration<\/li>\n<li>Altertek: Bus ESS Re-Cell Service<\/li>\n<li>AutonomyNow: ADAS Streamlined<\/li>\n<li>Butterfly Flexible Seating Solutions: Motorcoach Convertible Sleeper Seat<\/li>\n<li>CitySwift: CitySwift Headway Simulations<\/li>\n<li>Erwin A. Lang: Fuenf-E by Lang<\/li>\n<li>Imagry: Imagry Autonomous Buses<\/li>\n<li>Jaakko-Tuote Oy: JTPrivacy Glass<\/li>\n<li>K2 Mobility: Panion \u2013 Integriertes Lademanagement<\/li>\n<li>Konvekta: NeXwork \u2013 Intelligentes Klimanetzwerk f\u00fcr Elektrobusse<\/li>\n<li>MyBusDirect: Industrie 4.0 (Mitarbeiterbef\u00f6rderung)<\/li>\n<li>Protecfire: Detexline 4V<\/li>\n<li>Robert Bosch: Brennstoffzellen-Leistungsmodule compact 100 und compact 190<\/li>\n<li>Saint-Gobain Sekurit Transport: Amplisky Ombra\/Perla<\/li>\n<li>Spheros: Revo-E R290<\/li>\n<li>Unvi: Unvi C26<\/li>\n<li>Veldo Teknoloji: Kontrolburda <\/li>\n<li>Wuxi Hongyu Auto-Parts Manufacturing: Ray Tracing Roof<\/li>\n<li>Yutong Bus: Yutong Immersive Surround Sound<\/li>\n<li>Yutong Bus: NFC Digital Key Application<\/li>\n<li>ZF: ZF e-comp Scroll (elektrischer Luftkompressor)<\/li>\n<li>Zhengzhou Senpeng Electronics Technology: Senptec Electric Digital Driver\u2019s Workplace (DWP)<\/li>\n<\/ul>\n<p><strong>Ausblick auf 2027<\/strong><\/p>\n<p>Nach er abgeschlossenen Busworld-Ausgabe laufen bereits die Vorbereitungen f\u00fcr die n\u00e4chste Messe. Die Busworld Europe 2027 findet vom 16. bis 21. Oktober 2027 erneut in Br\u00fcssel statt.<\/p>\n","protected":false},"excerpt":{"rendered":"Die Busworld Europe in Br\u00fcssel hat mit der 2025er-Ausgabe weitere Rekorde verzeichnet. Sie beherbergte an den sechs Messetagen&hellip;\n","protected":false},"author":2,"featured_media":505563,"comment_status":"","ping_status":"","sticky":false,"template":"","format":"standard","meta":{"footnotes":""},"categories":[3933],"tags":[331,332,77080,548,663,158,3934,3935,13,3800,14,15,113289,12],"class_list":{"0":"post-505562","1":"post","2":"type-post","3":"status-publish","4":"format-standard","5":"has-post-thumbnail","7":"category-eu","8":"tag-aktuelle-nachrichten","9":"tag-aktuelle-news","10":"tag-busworld-europe","11":"tag-eu","12":"tag-europa","13":"tag-europaeische-union","14":"tag-europe","15":"tag-european-union","16":"tag-headlines","17":"tag-messen","18":"tag-nachrichten","19":"tag-news","20":"tag-nfz-fachmesse","21":"tag-schlagzeilen"},"share_on_mastodon":{"url":"https:\/\/pubeurope.com\/@de\/115389023133764983","error":""},"_links":{"self":[{"href":"https:\/\/www.europesays.com\/de\/wp-json\/wp\/v2\/posts\/505562","targetHints":{"allow":["GET"]}}],"collection":[{"href":"https:\/\/www.europesays.com\/de\/wp-json\/wp\/v2\/posts"}],"about":[{"href":"https:\/\/www.europesays.com\/de\/wp-json\/wp\/v2\/types\/post"}],"author":[{"embeddable":true,"href":"https:\/\/www.europesays.com\/de\/wp-json\/wp\/v2\/users\/2"}],"replies":[{"embeddable":true,"href":"https:\/\/www.europesays.com\/de\/wp-json\/wp\/v2\/comments?post=505562"}],"version-history":[{"count":0,"href":"https:\/\/www.europesays.com\/de\/wp-json\/wp\/v2\/posts\/505562\/revisions"}],"wp:featuredmedia":[{"embeddable":true,"href":"https:\/\/www.europesays.com\/de\/wp-json\/wp\/v2\/media\/505563"}],"wp:attachment":[{"href":"https:\/\/www.europesays.com\/de\/wp-json\/wp\/v2\/media?parent=505562"}],"wp:term":[{"taxonomy":"category","embeddable":true,"href":"https:\/\/www.europesays.com\/de\/wp-json\/wp\/v2\/categories?post=505562"},{"taxonomy":"post_tag","embeddable":true,"href":"https:\/\/www.europesays.com\/de\/wp-json\/wp\/v2\/tags?post=505562"}],"curies":[{"name":"wp","href":"https:\/\/api.w.org\/{rel}","templated":true}]}}