{"id":505582,"date":"2025-10-17T10:35:16","date_gmt":"2025-10-17T10:35:16","guid":{"rendered":"https:\/\/www.europesays.com\/de\/505582\/"},"modified":"2025-10-17T10:35:16","modified_gmt":"2025-10-17T10:35:16","slug":"infa-2025-drei-dekotrends-fuer-das-weihnachtsfest","status":"publish","type":"post","link":"https:\/\/www.europesays.com\/de\/505582\/","title":{"rendered":"Infa 2025: Drei Dekotrends f\u00fcr das Weihnachtsfest"},"content":{"rendered":"<p>        Infa 2025: Drei Dekotrends f\u00fcr das Weihnachtsfest | ndr.de<\/p>\n<p>    <a id=\"anchor-content\"\/><\/p>\n<p>        <img decoding=\"async\" src=\"https:\/\/www.europesays.com\/de\/wp-content\/uploads\/2025\/10\/infa-108.webp\" alt=\"Eine Frau betrachtet bei der Infa Christbaumkugeln.\" title=\"Eine Frau betrachtet bei der Infa Christbaumkugeln. | Deutsche Messe AG\" class=\"responsive\"\/><\/p>\n<p>\n            Stand: 17.10.2025 11:57 Uhr<\/p>\n<p class=\"preface\">Die Infa in Hannover gilt als die gr\u00f6\u00dfte Erlebnis- und Einkaufsmesse in Deutschland. In einer Halle dreht sich dabei alles um das Weihnachtsfest. Drei Deko-Trends sind in diesem Jahr besonders stark vertreten.<\/p>\n<p class=\"textauthor\">von Simon Schmidt<\/p>\n<p class=\"\">Bis zur Bescherung an Heiligabend ist es zwar noch etwas hin, in Halle 24 der <a href=\"https:\/\/www.ndr.de\/nachrichten\/niedersachsen\/hannover_weser-leinegebiet\/wohnen-mode-wellness-infa-2025-ist-in-hannover-gestartet,infa-100.html\" title=\"Wohnen, Mode, Wellness: Infa 2025 ist in Hannover gestartet\" target=\"_blank\" rel=\"noopener\">Infa<\/a> auf dem Messegel\u00e4nde in <a href=\"https:\/\/www.ndr.de\/nachrichten\/ndrdata\/zensus-hannover-bevoelkerung-wohnungen-familie-heizung,zensus1030.html\" title=\"Zensus-Daten f\u00fcr die Einheitsgemeinde Hannover\" target=\"_blank\" rel=\"noopener\">Hannover<\/a> ist die Weihnachtszeit aber schon in vollem Gange. S\u00fc\u00dfigkeiten und s\u00fc\u00dfe Geb\u00e4cke gibt es dort ebenso wie zahlreiche St\u00e4nde mit Weihnachtsdekoration.<\/p>\n<p>    Weihnachtskugeln: Beliebter Klassiker am Weihnachtsbaum<\/p>\n<p>                    <a href=\"https:\/\/www.europesays.com\/de\/wp-content\/uploads\/2025\/10\/infa-102.webp\" class=\"zoomimage\" title=\"Bild vergr\u00f6\u00dfern\"><\/p>\n<p>        <img decoding=\"async\" src=\"https:\/\/www.europesays.com\/de\/wp-content\/uploads\/2025\/10\/infa-102.webp\" alt=\"Weihnachtliche Buden und ein Weihnachtsbaum stehen in einer Messe-Halle.\" title=\"In Halle 24 ist die Weihnachtszeit schon in vollem Gang. | Deutsche Messe AG\" class=\"responsive\" loading=\"lazy\"\/><\/p>\n<p>                    <\/a><\/p>\n<p>                    In Halle 24 ist die Weihnachtszeit schon in vollem Gang.<\/p>\n<p class=\"\">Auch in diesem Jahr ist ein absoluter Klassiker wieder sehr beliebt: Die Weihnachtskugel. Ob gro\u00df, klein, bunt oder schlicht, Weihnachtskugeln sind unverzichtbar als Baumschmuck. Auch der Grinch, die bekannte gr\u00fcne Kinderbuch- und Animationsfilm-Figur, die Weihnachten verabscheut, wird als Dekost\u00fcck immer beliebter und ist ein echter Verkaufsschlager. Trendsetter Nummer eins ist die Animationsfigur aber nicht.<\/p>\n<p>    Schotten-Stil ist Trend Nummer eins<\/p>\n<p class=\"\">Janine Kramer, die auf der Infa mit ihrem Weihnachtsdekorations-Laden &#8222;Mrs. Twinkle&#8220; steht, nennt stattdessen den sogenannten Schotten-Stil als unangefochtene Nummer eins. Dazu z\u00e4hlen vor allem Schleifen jeder Art, wobei gerade Schleifen im Karo-Muster beziehungsweise im schlichten Rot h\u00e4ufig gekauft w\u00fcrden, so Kramer. Der Stil sei auch deshalb so beliebt, weil er etwas Nostalgisches habe. Mit den Schleifen k\u00f6nne man neben dem Weihnachtsbaum auch wunderbar T\u00fcren oder Weihnachtskr\u00e4nze dekorieren, sagt die Deko-Verk\u00e4uferin.<\/p>\n<p>        <img decoding=\"async\" src=\"https:\/\/www.europesays.com\/de\/wp-content\/uploads\/2025\/10\/winterzauber-100.webp\" alt=\"Die Betreiberin eines Standes f\u00fcr Weihnachtsbaum-Dekoration beim \u00abWinterzauber Herrenhausen\u00bb am Schloss Herrenhausen richtet ihr Angebot.\" title=\"Die Betreiberin eines Standes f\u00fcr Weihnachtsbaum-Dekoration beim \u00abWinterzauber Herrenhausen\u00bb am Schloss Herrenhausen richtet ihr Angebot. | picture alliance\/dpa, Moritz Frankenberg\" class=\"responsive\" loading=\"lazy\"\/><\/p>\n<p>Am 29. Oktober beginnt der &#8222;Winterzauber Herrenhausen&#8220; &#8211; 56 Tage vor Heiligabend. Noch fr\u00fcher dran ist L\u00fcneburg.<\/p>\n<p>        <img decoding=\"async\" src=\"https:\/\/www.europesays.com\/de\/wp-content\/uploads\/2025\/10\/infa-102.webp\" alt=\"Weihnachtliche Buden und ein Weihnachtsbaum stehen in einer Messe-Halle.\" title=\"Weihnachtliche Buden und ein Weihnachtsbaum stehen in einer Messe-Halle. | Deutsche Messe AG\" class=\"responsive\" loading=\"lazy\"\/><\/p>\n<p>Bei der Einkaufsmesse\u00a0werden bis zum 19. Oktober neue Trends vorgestellt. 2024 kamen insgesamt 113.000 Besucher.<\/p>\n<p>        <img decoding=\"async\" src=\"https:\/\/www.europesays.com\/de\/wp-content\/uploads\/2025\/10\/weihnachtsbaum-420.webp\" alt=\"Weihnachtsb\u00e4ume wachsen auf einer Plantage.\" title=\"Weihnachtsb\u00e4ume wachsen auf einer Plantage. | dpa, Sina Schuldt\" class=\"responsive\" loading=\"lazy\"\/><\/p>\n<p>Die Witterung in Norddeutschland war bislang perfekt f\u00fcr das Wachstum. Der Preisanstieg liegt unter anderem am Branchenwandel.<\/p>\n","protected":false},"excerpt":{"rendered":"Infa 2025: Drei Dekotrends f\u00fcr das Weihnachtsfest | ndr.de Stand: 17.10.2025 11:57 Uhr Die Infa in Hannover gilt&hellip;\n","protected":false},"author":2,"featured_media":505583,"comment_status":"","ping_status":"","sticky":false,"template":"","format":"standard","meta":{"footnotes":""},"categories":[1836],"tags":[3364,126227,29,30,126228,46,121638,47,1411,71814,12289,126226],"class_list":{"0":"post-505582","1":"post","2":"type-post","3":"status-publish","4":"format-standard","5":"has-post-thumbnail","7":"category-hannover","8":"tag-de","9":"tag-deko","10":"tag-deutschland","11":"tag-germany","12":"tag-grinch","13":"tag-hannover","14":"tag-infa","15":"tag-messe","16":"tag-niedersachsen","17":"tag-schleifen","18":"tag-weihnachten","19":"tag-weihnachtsbaum"},"share_on_mastodon":{"url":"https:\/\/pubeurope.com\/@de\/115389067308855858","error":""},"_links":{"self":[{"href":"https:\/\/www.europesays.com\/de\/wp-json\/wp\/v2\/posts\/505582","targetHints":{"allow":["GET"]}}],"collection":[{"href":"https:\/\/www.europesays.com\/de\/wp-json\/wp\/v2\/posts"}],"about":[{"href":"https:\/\/www.europesays.com\/de\/wp-json\/wp\/v2\/types\/post"}],"author":[{"embeddable":true,"href":"https:\/\/www.europesays.com\/de\/wp-json\/wp\/v2\/users\/2"}],"replies":[{"embeddable":true,"href":"https:\/\/www.europesays.com\/de\/wp-json\/wp\/v2\/comments?post=505582"}],"version-history":[{"count":0,"href":"https:\/\/www.europesays.com\/de\/wp-json\/wp\/v2\/posts\/505582\/revisions"}],"wp:featuredmedia":[{"embeddable":true,"href":"https:\/\/www.europesays.com\/de\/wp-json\/wp\/v2\/media\/505583"}],"wp:attachment":[{"href":"https:\/\/www.europesays.com\/de\/wp-json\/wp\/v2\/media?parent=505582"}],"wp:term":[{"taxonomy":"category","embeddable":true,"href":"https:\/\/www.europesays.com\/de\/wp-json\/wp\/v2\/categories?post=505582"},{"taxonomy":"post_tag","embeddable":true,"href":"https:\/\/www.europesays.com\/de\/wp-json\/wp\/v2\/tags?post=505582"}],"curies":[{"name":"wp","href":"https:\/\/api.w.org\/{rel}","templated":true}]}}