{"id":505586,"date":"2025-10-17T10:37:14","date_gmt":"2025-10-17T10:37:14","guid":{"rendered":"https:\/\/www.europesays.com\/de\/505586\/"},"modified":"2025-10-17T10:37:14","modified_gmt":"2025-10-17T10:37:14","slug":"staatsanwaltschaft-dresden-erhebt-anklage-gegen-mutmassliche-mitglieder-verbotener-reichsbuergervereinigung","status":"publish","type":"post","link":"https:\/\/www.europesays.com\/de\/505586\/","title":{"rendered":"Staatsanwaltschaft Dresden erhebt Anklage gegen mutma\u00dfliche Mitglieder verbotener Reichsb\u00fcrgervereinigung"},"content":{"rendered":"<p class=\"text\">\nDie Staatsanwaltschaft Dresden hat Anklage gegen zwei mutma\u00dfliche Mitglieder der verbotenen Reichsb\u00fcrgervereinigung &#8222;Geeinte deutsche V\u00f6lker und St\u00e4mme&#8220; (GdVuSt) erhoben. Wie die Beh\u00f6rde am Freitag mitteilte, handelt es sich dabei um eine 63-j\u00e4hrige Frau und einen 59-j\u00e4hrigen Mann. Die beiden sollen sich nach dem Verbot der Vereinigung im April 2020 weiterhin aktiv beteiligt haben. Der Frau wird den Angaben zufolge eine f\u00fchrende Rolle innerhalb der Gruppe vorgeworfen.\n<\/p>\n<p>Angeklagte sind vorbestraft<\/p>\n<p class=\"text\">\nDie Angeklagten sind nach Angaben der Staatsanwaltschaft bereits vorbestraft. Sie h\u00e4tten sich zu den Vorw\u00fcrfen bisher nicht ge\u00e4u\u00dfert. Die beiden befinden sich laut Beh\u00f6rde nicht in Untersuchungshaft, da keine Haftgr\u00fcnde vorl\u00e4gen. Das Landgericht Dresden muss nun \u00fcber die Er\u00f6ffnung des Hauptverfahrens entscheiden.\n<\/p>\n<p>Vor mehr als f\u00fcnf Jahren verboten<\/p>\n<p class=\"text\">\nDie &#8222;GdVuSt&#8220; war am 14. Februar 2020 vom Bundesinnenministerium aufgel\u00f6st worden. Es war nach Angaben des Innenministers das erste bundesweite Verbot <a href=\"https:\/\/www.mdr.de\/nachrichten\/sachsen\/verfassungsschutz-bericht-rechtsextremismus-spionage-reichsbuerger-102.html\" title=\"Mehr Rechtsextremisten und Reichsb\u00fcrger in Sachsen 2024\" target=\"_blank\" rel=\"noopener\">einer Reichsb\u00fcrgergruppe.<\/a> Die Vereinigung habe ein eigenes staatliches System mit eigener Verwaltung und Gerichtsbarkeit angestrebt und die Legitimit\u00e4t der Bundesrepublik Deutschland abgelehnt, hie\u00df es damals.\n<\/p>\n<p class=\"text\">\nIhre Mitglieder h\u00e4tten rassistische und antisemitische Inhalte verbreitet und Amtstr\u00e4ger und deren Familien teils massiv bedroht. Bei den Durchsuchungen im Zuge des Verbots wurden laut Ministerium unter anderem auch Waffen sichergestellt.<\/p>\n","protected":false},"excerpt":{"rendered":"Die Staatsanwaltschaft Dresden hat Anklage gegen zwei mutma\u00dfliche Mitglieder der verbotenen Reichsb\u00fcrgervereinigung &#8222;Geeinte deutsche V\u00f6lker und St\u00e4mme&#8220; (GdVuSt)&hellip;\n","protected":false},"author":2,"featured_media":505587,"comment_status":"","ping_status":"","sticky":false,"template":"","format":"standard","meta":{"footnotes":""},"categories":[1835],"tags":[1999,3364,29,2386,30,4933,81,14,42014,859,1997],"class_list":{"0":"post-505586","1":"post","2":"type-post","3":"status-publish","4":"format-standard","5":"has-post-thumbnail","7":"category-dresden","8":"tag-anklage","9":"tag-de","10":"tag-deutschland","11":"tag-dresden","12":"tag-germany","13":"tag-landgericht","14":"tag-mdr","15":"tag-nachrichten","16":"tag-reichsbuerger","17":"tag-sachsen","18":"tag-staatsanwaltschaft"},"share_on_mastodon":{"url":"https:\/\/pubeurope.com\/@de\/115389074313449603","error":""},"_links":{"self":[{"href":"https:\/\/www.europesays.com\/de\/wp-json\/wp\/v2\/posts\/505586","targetHints":{"allow":["GET"]}}],"collection":[{"href":"https:\/\/www.europesays.com\/de\/wp-json\/wp\/v2\/posts"}],"about":[{"href":"https:\/\/www.europesays.com\/de\/wp-json\/wp\/v2\/types\/post"}],"author":[{"embeddable":true,"href":"https:\/\/www.europesays.com\/de\/wp-json\/wp\/v2\/users\/2"}],"replies":[{"embeddable":true,"href":"https:\/\/www.europesays.com\/de\/wp-json\/wp\/v2\/comments?post=505586"}],"version-history":[{"count":0,"href":"https:\/\/www.europesays.com\/de\/wp-json\/wp\/v2\/posts\/505586\/revisions"}],"wp:featuredmedia":[{"embeddable":true,"href":"https:\/\/www.europesays.com\/de\/wp-json\/wp\/v2\/media\/505587"}],"wp:attachment":[{"href":"https:\/\/www.europesays.com\/de\/wp-json\/wp\/v2\/media?parent=505586"}],"wp:term":[{"taxonomy":"category","embeddable":true,"href":"https:\/\/www.europesays.com\/de\/wp-json\/wp\/v2\/categories?post=505586"},{"taxonomy":"post_tag","embeddable":true,"href":"https:\/\/www.europesays.com\/de\/wp-json\/wp\/v2\/tags?post=505586"}],"curies":[{"name":"wp","href":"https:\/\/api.w.org\/{rel}","templated":true}]}}