{"id":505590,"date":"2025-10-17T10:39:11","date_gmt":"2025-10-17T10:39:11","guid":{"rendered":"https:\/\/www.europesays.com\/de\/505590\/"},"modified":"2025-10-17T10:39:11","modified_gmt":"2025-10-17T10:39:11","slug":"bussgeld-bis-zu-25-000-euro-nachtfahrverbot-fuer-maehroboter-in-bremen","status":"publish","type":"post","link":"https:\/\/www.europesays.com\/de\/505590\/","title":{"rendered":"Bu\u00dfgeld bis zu 25.000 Euro: Nachtfahrverbot f\u00fcr M\u00e4hroboter in Bremen"},"content":{"rendered":"<p class=\"article-toplinewrapper\">\n<p>Standdatum: 17. Oktober 2025.<\/p>\n<p>Autorinnen und Autoren:<br \/>\nTill Kohlwes und<br \/>\nGabriele Intemann<\/p>\n<p><img decoding=\"async\" class=\"image -image-with-fallback -image-rounded  lazyload\" src=\"data:image\/gif;base64,R0lGODlhEAAJAIAAAP\/\/\/\/\/\/\/yH5BAEKAAEALAAAAAAQAAkAAAIKjI+py+0Po5yUFQA7\"   alt=\"M\u00e4hroboter stehen in einem Baumarkt auf einem Tisch.\" data-image-owner=\"dpa | Manfred Bail\" data-image-title=\"M\u00e4hroboter stehen in einem Baumarkt auf einem Tisch.\" data-image-src=\"https:\/\/www.butenunbinnen.de\/bilder\/dpa-4718~_v-800x450_c-1760695195992.jpg\" data-image-rights-src=\"\/bilder\/dpa-4718~_v-640x360_c-1760695195992.jpg\"\/><\/p>\n<p>M\u00e4hroboter d\u00fcrfen nur noch im Zeitraum von 30 Minuten nach Sonnenaufgang bis 30 Minuten vor Sonnenuntergang fahren.<\/p>\n<p>Bild: dpa | Manfred Bail<\/p>\n<p class=\"article-intro\">Immer \u00f6fter werden Igel und andere Tiere von M\u00e4hrobotern \u00fcberrollt und schwer verletzt. Das Bremer Umweltressort schr\u00e4nkt die Benutzung deshalb jetzt ein.<\/p>\n<p>In der Stadt Bremen d\u00fcrfen M\u00e4hroboter aus R\u00fccksicht auf Igel k\u00fcnftig nicht mehr nachts fahren. Das Umweltressort hat eine entsprechende Allgemeinverf\u00fcgung erlassen. &#8222;Mit dieser Regelung sch\u00fctzen wir gezielt die Arten, die auf unsere R\u00fccksicht angewiesen sind&#8220;, sagte der kommissarische Umweltsenator Bj\u00f6rn Fecker (Gr\u00fcne). <\/p>\n<p><a href=\"https:\/\/www.butenunbinnen.de\/bilder\/igel-verletzt-maehroboter-100~_v-512x288_c-1760695557221.jpg\" data-gallery-entry-for=\"maehroboter-igel-nachts-verbot-bremen-100\" data-size=\"2560x1440\" class=\"text-link\" target=\"_blank\" rel=\"noopener\"><\/p>\n<p><img decoding=\"async\" class=\"image -image-with-fallback -image-rounded  lazyload\" src=\"data:image\/gif;base64,R0lGODlhEAAJAIAAAP\/\/\/\/\/\/\/yH5BAEKAAEALAAAAAAQAAkAAAIKjI+py+0Po5yUFQA7\"   alt=\"Ein Igel mit einer Kopfverletzung sitzt auf einer Zeitung. \" title=\"Bild: dpa | Marius Becker\" data-image-owner=\"dpa | Marius Becker\" data-image-title=\"Ein Igel mit einer Kopfverletzung sitzt auf einer Zeitung. \" data-image-src=\"https:\/\/www.butenunbinnen.de\/bilder\/igel-verletzt-maehroboter-100~_v-512x288_c-1760695557221.jpg\" data-image-rights-src=\"\/bilder\/igel-verletzt-maehroboter-100~_v-640x360_c-1760695557221.jpg\"\/><\/p>\n<p><\/a><\/p>\n<p>Laut dem Bremer Umweltressort werden die nachtaktiven Tiere h\u00e4ufig von M\u00e4hrobotern \u00fcberrollt und durch die rotierenden Messer schwer verletzt.<\/p>\n<p>Bild: dpa | Marius Becker<\/p>\n<p>Demnach d\u00fcrfen M\u00e4hroboter nur noch im Zeitraum von 30 Minuten nach Sonnenaufgang bis 30 Minuten vor Sonnenuntergang fahren. Ansonsten droht ein Bu\u00dfgeld von bis zu 25.000 Euro \u2013 auch, wenn kein Tier verletzt wurde. Die Regelung gilt ab dem 18. Oktober. Als Grund gibt das Umweltressort die Gefahr an, die M\u00e4hroboter f\u00fcr Igel darstellen. Fecker spricht von einem wichtigen Schritt &#8222;f\u00fcr den Erhalt unserer heimischen Tierwelt&#8220;. <\/p>\n<p>Der Igelbestand nehme deutschlandweit drastisch ab. Die Tiere stehen auf der roten Liste der bedrohten Arten. Laut Umweltressort w\u00fcrden die nachtaktiven Tiere h\u00e4ufig von M\u00e4hrobotern \u00fcberrollt und durch die rotierenden Messer schwer verletzt. Auch Maulw\u00fcrfe und Amphibien k\u00f6nnen demnach zu Opfern der Maschinen werden. Der Bremer Nabu begr\u00fc\u00dft die Entscheidung des Bremer Umweltressorts. &#8222;Die Verletzungen sind oft t\u00f6dlich. Dementsprechend ist es sehr gut, dass Bremen sich dazu entschieden hat&#8220;, sagt Nabu-Gesch\u00e4ftsf\u00fchrer Christoph R\u00f6ttgers auf Nachfrage von buten un binnen.<\/p>\n<blockquote class=\"citation -citation-type-simple\">\n<p class=\"citation-text\">Das wird den Igeln sehr weiterhelfen und hoffentlich viele Igelleben retten.<\/p>\n<p>Nabu-Gesch\u00e4ftsf\u00fchrer Christoph R\u00f6ttgers<\/p>\n<\/blockquote>\n<p>Mehr zu Igeln in Bremen und Bremerhaven: <\/p>\n<p class=\"article-legal-broadcast-reference\"><strong>Dieses Thema im Programm:<\/strong><br \/>\nBremen Zwei, Nachrichten, 17. Oktober 2025,<\/p>\n","protected":false},"excerpt":{"rendered":"Standdatum: 17. Oktober 2025. Autorinnen und Autoren: Till Kohlwes und Gabriele Intemann M\u00e4hroboter d\u00fcrfen nur noch im Zeitraum&hellip;\n","protected":false},"author":2,"featured_media":505591,"comment_status":"","ping_status":"","sticky":false,"template":"","format":"standard","meta":{"footnotes":""},"categories":[1824],"tags":[2420,3364,29,30],"class_list":{"0":"post-505590","1":"post","2":"type-post","3":"status-publish","4":"format-standard","5":"has-post-thumbnail","7":"category-bremen","8":"tag-bremen","9":"tag-de","10":"tag-deutschland","11":"tag-germany"},"share_on_mastodon":{"url":"https:\/\/pubeurope.com\/@de\/115389082184975448","error":""},"_links":{"self":[{"href":"https:\/\/www.europesays.com\/de\/wp-json\/wp\/v2\/posts\/505590","targetHints":{"allow":["GET"]}}],"collection":[{"href":"https:\/\/www.europesays.com\/de\/wp-json\/wp\/v2\/posts"}],"about":[{"href":"https:\/\/www.europesays.com\/de\/wp-json\/wp\/v2\/types\/post"}],"author":[{"embeddable":true,"href":"https:\/\/www.europesays.com\/de\/wp-json\/wp\/v2\/users\/2"}],"replies":[{"embeddable":true,"href":"https:\/\/www.europesays.com\/de\/wp-json\/wp\/v2\/comments?post=505590"}],"version-history":[{"count":0,"href":"https:\/\/www.europesays.com\/de\/wp-json\/wp\/v2\/posts\/505590\/revisions"}],"wp:featuredmedia":[{"embeddable":true,"href":"https:\/\/www.europesays.com\/de\/wp-json\/wp\/v2\/media\/505591"}],"wp:attachment":[{"href":"https:\/\/www.europesays.com\/de\/wp-json\/wp\/v2\/media?parent=505590"}],"wp:term":[{"taxonomy":"category","embeddable":true,"href":"https:\/\/www.europesays.com\/de\/wp-json\/wp\/v2\/categories?post=505590"},{"taxonomy":"post_tag","embeddable":true,"href":"https:\/\/www.europesays.com\/de\/wp-json\/wp\/v2\/tags?post=505590"}],"curies":[{"name":"wp","href":"https:\/\/api.w.org\/{rel}","templated":true}]}}