{"id":505592,"date":"2025-10-17T10:40:11","date_gmt":"2025-10-17T10:40:11","guid":{"rendered":"https:\/\/www.europesays.com\/de\/505592\/"},"modified":"2025-10-17T10:40:11","modified_gmt":"2025-10-17T10:40:11","slug":"pol-hb-nr-0692-einbrecherin-versteckt-sich-im-kleiderschrank","status":"publish","type":"post","link":"https:\/\/www.europesays.com\/de\/505592\/","title":{"rendered":"POL-HB: Nr.: 0692 &#8211;Einbrecherin versteckt sich im Kleiderschrank&#8211;"},"content":{"rendered":"<p class=\"date\">17.10.2025 \u2013 12:29<\/p>\n<p class=\"customer\">\n                        <a class=\"story-customer\" title=\"weiter zum newsroom von Polizei Bremen\" href=\"https:\/\/www.presseportal.de\/blaulicht\/nr\/35235\" target=\"_blank\" rel=\"noopener\">Polizei Bremen<\/a>\n                    <\/p>\n<p><a data-category=\"citylink-story-view\" data-action=\"click\" data-label=\"Citylink in Meldungsansicht\" class=\"story-city event-trigger\" href=\"https:\/\/www.presseportal.de\/regional\/Bremen\" title=\"News aus Bremen \" target=\"_blank\" rel=\"noopener\">Bremen<\/a> (ots)<\/p>\n<p>   -Ort: \tBremen-Gr\u00f6pelingen, OT Ohlenhof, G\u00fcstrower Stra\u00dfe<br \/>\nZeit: \t16.10.2025, 13:50 Uhr<\/p>\n<p>Am Donnerstagmittag stellten Einsatzkr\u00e4fte der Polizei Bremen eine 30-j\u00e4hrige Einbrecherin in Gr\u00f6pelingen. Nachdem aufmerksame Zeugen den Einbruch meldeten, hatte sie noch versucht, sich im Kleiderschrank zu verstecken.<\/p>\n<p>Kurz vor 14 Uhr meldeten Anwohner einen mutma\u00dflichen Einbruch in eine Wohnung in der G\u00fcstrower Stra\u00dfe. Die schnell eintreffenden Einsatzkr\u00e4fte umstellten das Haus und durchsuchten die betreffende Wohnung. Dabei entdeckten sie die 30-J\u00e4hrige zwischen mehreren Decken und Kissen versteckt im Kleiderschrank. Die Frau wurde f\u00fcr die weiteren polizeilichen Ma\u00dfnahmen mit zu einer Wache genommen.<\/p>\n<p>Laut Zeugenaussagen war noch eine weitere Frau an der Tat beteiligt. Die Ermittlungen zu ihr dauern aktuell an.<\/p>\n<p class=\"contact-headline\">R\u00fcckfragen bitte an:<\/p>\n<p class=\"contact-text\">Pressestelle Polizei Bremen<br \/>Jana Schmidt<br \/>Telefon: 0421 362-12114<br \/><a target=\"_blank\" class=\"uri-ext outbound\" rel=\"noopener\" href=\"http:\/\/www.polizei.bremen.de\">http:\/\/www.polizei.bremen.de<\/a><br \/><a target=\"_blank\" class=\"uri-ext outbound\" rel=\"noopener\" href=\"http:\/\/www.polizei-beratung.de\">http:\/\/www.polizei-beratung.de<\/a><\/p>\n<p class=\"originator\">Original-Content von: Polizei Bremen, \u00fcbermittelt durch news aktuell<\/p>\n","protected":false},"excerpt":{"rendered":"17.10.2025 \u2013 12:29 Polizei Bremen Bremen (ots) -Ort: Bremen-Gr\u00f6pelingen, OT Ohlenhof, G\u00fcstrower Stra\u00dfe Zeit: 16.10.2025, 13:50 Uhr Am&hellip;\n","protected":false},"author":2,"featured_media":386213,"comment_status":"","ping_status":"","sticky":false,"template":"","format":"standard","meta":{"footnotes":""},"categories":[1824],"tags":[2420,3364,29,30,7309,177,5404,121,178,180,179,181],"class_list":{"0":"post-505592","1":"post","2":"type-post","3":"status-publish","4":"format-standard","5":"has-post-thumbnail","7":"category-bremen","8":"tag-bremen","9":"tag-de","10":"tag-deutschland","11":"tag-germany","12":"tag-hb","13":"tag-kriminalitt","14":"tag-ni","15":"tag-polizei","16":"tag-presse","17":"tag-pressemeldung","18":"tag-pressemitteilung","19":"tag-pressemitteilungen"},"share_on_mastodon":{"url":"https:\/\/pubeurope.com\/@de\/115389086077838844","error":""},"_links":{"self":[{"href":"https:\/\/www.europesays.com\/de\/wp-json\/wp\/v2\/posts\/505592","targetHints":{"allow":["GET"]}}],"collection":[{"href":"https:\/\/www.europesays.com\/de\/wp-json\/wp\/v2\/posts"}],"about":[{"href":"https:\/\/www.europesays.com\/de\/wp-json\/wp\/v2\/types\/post"}],"author":[{"embeddable":true,"href":"https:\/\/www.europesays.com\/de\/wp-json\/wp\/v2\/users\/2"}],"replies":[{"embeddable":true,"href":"https:\/\/www.europesays.com\/de\/wp-json\/wp\/v2\/comments?post=505592"}],"version-history":[{"count":0,"href":"https:\/\/www.europesays.com\/de\/wp-json\/wp\/v2\/posts\/505592\/revisions"}],"wp:featuredmedia":[{"embeddable":true,"href":"https:\/\/www.europesays.com\/de\/wp-json\/wp\/v2\/media\/386213"}],"wp:attachment":[{"href":"https:\/\/www.europesays.com\/de\/wp-json\/wp\/v2\/media?parent=505592"}],"wp:term":[{"taxonomy":"category","embeddable":true,"href":"https:\/\/www.europesays.com\/de\/wp-json\/wp\/v2\/categories?post=505592"},{"taxonomy":"post_tag","embeddable":true,"href":"https:\/\/www.europesays.com\/de\/wp-json\/wp\/v2\/tags?post=505592"}],"curies":[{"name":"wp","href":"https:\/\/api.w.org\/{rel}","templated":true}]}}