{"id":505598,"date":"2025-10-17T10:44:13","date_gmt":"2025-10-17T10:44:13","guid":{"rendered":"https:\/\/www.europesays.com\/de\/505598\/"},"modified":"2025-10-17T10:44:13","modified_gmt":"2025-10-17T10:44:13","slug":"fc-bayern-gegen-borussia-dortmund-da-schau-her-so-viel-vfb-stuttgart-steckt-im-deutschen-klassiker","status":"publish","type":"post","link":"https:\/\/www.europesays.com\/de\/505598\/","title":{"rendered":"FC Bayern gegen Borussia Dortmund: Da schau her: So viel VfB Stuttgart steckt im deutschen Klassiker"},"content":{"rendered":"<p>\t\t\t\t\t\t\t\t\t\t\t\t\t\t\t\t\t\t\t\t\t\t\t\t\t\t\t\t      \t\t            \t\t             \t\t\t\t   \t\t\t\t\t   <img decoding=\"async\" id=\"article-image\" fetchpriority=\"high\" alt=\"FC Bayern gegen Borussia Dortmund: Da schau her: So viel VfB Stuttgart steckt im deutschen Klassiker\" onclick=\"var pA=document.createElement('a');pA.setAttribute('href','https:\/\/www.stuttgarter-nachrichten.de\/gallery.fc-bayern-gegen-borussia-dortmund-da-schau-her-so-viel-vfb-stuttgart-steckt-im-deutschen-klassiker.1f8eb5b0-ac40-4c31-86e7-c7d07fc644e0.html'),pA.click();\" title=\"FC Bayern gegen Borussia Dortmund: Da schau her: So viel VfB Stuttgart steckt im deutschen Klassiker\" src=\"https:\/\/www.europesays.com\/de\/wp-content\/uploads\/2025\/10\/media.media.0208ef7f-7c61-4435-b971-6e11961dcc0c.16x9_700.jpg\" data-linkto=\"https:\/\/www.stuttgarter-nachrichten.de\/gallery.fc-bayern-gegen-borussia-dortmund-da-schau-her-so-viel-vfb-stuttgart-steckt-im-deutschen-klassiker.1f8eb5b0-ac40-4c31-86e7-c7d07fc644e0.html\"\/>\t\t\t\t\t\t\t\t\t\t\t\t\t\t\t\t\t\t\t\t\t\t\t\tSchnappschuss aus dem Jahr 2011: Serge Gnabry in der B-Jugend des VfB \u2013 an diesem Samstag fordert er mit dem FC Bayern den BVB.\u00a0Foto: Pressefoto Baumann\t\t\t<\/p>\n<p>Der Klassiker ist ein Spitzenspiel: Tabellenf\u00fchrer FC Bayern empf\u00e4ngt den Zweiten Borussia Dortmund \u2013 mit Protagonisten mit VfB-Vergangenheit, wie unsere Schnappsch\u00fcsse zeigen.<\/p>\n<p>Es ist erst der siebte Spieltag, aber es geht bereits um eine Vorentscheidung um die Meisterschaft. \u201eWenn wir gewinnen, sieht es schon gut aus\u201c, sagte Bayern M\u00fcnchens Pr\u00e4sident Herbert Hainer vor dem deutschen Klassiker gegen <a href=\"https:\/\/www.stuttgarter-nachrichten.de\/thema\/Borussia_Dortmund\" title=\"Borussia Dortmund\" class=\"art_thema\" target=\"_blank\" rel=\"noopener\">Borussia Dortmund<\/a> an diesem Samstag (18.30 Uhr). Gut ausschauen hei\u00dft: Gewinnt der Erste gegen den Zweiten, betr\u00e4gt der Abstand sieben Punkte. <\/p>\n<p>Bayern-Trainer Vincent Kompany findet es zumindest \u201ev\u00f6llig okay, dass wir dieses Spiel gro\u00df machen\u201c. Allein schon, weil \u201ediese Topspiele gegen Dortmund fast eine eigene Art Pokal sind, dieses Spiel allein willst du gewinnen. Dann kommt der Rest.\u201c <\/p>\n<p>So viel <a href=\"https:\/\/www.stuttgarter-nachrichten.de\/thema\/VfB_Stuttgart\" title=\"VfB Stuttgart\" class=\"art_thema\" target=\"_blank\" rel=\"noopener\">VfB Stuttgart<\/a> steckt im Klassiker <\/p>\n<p>Mit sechs Siegen aus sechs Partien und einem Vorsprung von mindestens f\u00fcnf Punkten auf den n\u00e4chsten Verfolger h\u00e4tten die bisher souver\u00e4nen Bayern den Titelkampf aber erst mal langweilig gemacht \u2013 mit einigen Protagonisten auf dem Platz, die eine Vergangenheit beim VfB Stuttgart haben. <\/p>\n<p><img decoding=\"async\" class=\"meinvfbIcon\" src=\"https:\/\/www.stuttgarter-nachrichten.de\/media.media.0ea35dc3-cd0f-4f5f-9738-e5db772ac229.original.svg\"\/> <\/p>\n<p>Auch beim Konkurrenten Borussia Dortmund gibt es einige Profis, die bereits das wei\u00df-rote Trikot getragen haben. Wir haben nach alten Schnappsch\u00fcssen dieser Spieler im VfB-Trikot gesucht \u2013 und sie vor dem deutschen Klassiker an diesem Samstag in M\u00fcnchen gefunden. Viel Spa\u00df beim Durchklicken!<\/p>\n","protected":false},"excerpt":{"rendered":"Schnappschuss aus dem Jahr 2011: Serge Gnabry in der B-Jugend des VfB \u2013 an diesem Samstag fordert er&hellip;\n","protected":false},"author":2,"featured_media":505599,"comment_status":"","ping_status":"","sticky":false,"template":"","format":"standard","meta":{"footnotes":""},"categories":[1833],"tags":[126230,888,3364,29,217,11261,30,11709,35855,1209,24541,2915],"class_list":{"0":"post-505598","1":"post","2":"type-post","3":"status-publish","4":"format-standard","5":"has-post-thumbnail","7":"category-dortmund","8":"tag-bil","9":"tag-borussia-dortmund","10":"tag-de","11":"tag-deutschland","12":"tag-dortmund","13":"tag-fc-bayern","14":"tag-germany","15":"tag-harry-kane","16":"tag-joshua-kimmich","17":"tag-nordrhein-westfalen","18":"tag-serhou-guirassy","19":"tag-vfb-stuttgart"},"share_on_mastodon":{"url":"https:\/\/pubeurope.com\/@de\/115389101922565785","error":""},"_links":{"self":[{"href":"https:\/\/www.europesays.com\/de\/wp-json\/wp\/v2\/posts\/505598","targetHints":{"allow":["GET"]}}],"collection":[{"href":"https:\/\/www.europesays.com\/de\/wp-json\/wp\/v2\/posts"}],"about":[{"href":"https:\/\/www.europesays.com\/de\/wp-json\/wp\/v2\/types\/post"}],"author":[{"embeddable":true,"href":"https:\/\/www.europesays.com\/de\/wp-json\/wp\/v2\/users\/2"}],"replies":[{"embeddable":true,"href":"https:\/\/www.europesays.com\/de\/wp-json\/wp\/v2\/comments?post=505598"}],"version-history":[{"count":0,"href":"https:\/\/www.europesays.com\/de\/wp-json\/wp\/v2\/posts\/505598\/revisions"}],"wp:featuredmedia":[{"embeddable":true,"href":"https:\/\/www.europesays.com\/de\/wp-json\/wp\/v2\/media\/505599"}],"wp:attachment":[{"href":"https:\/\/www.europesays.com\/de\/wp-json\/wp\/v2\/media?parent=505598"}],"wp:term":[{"taxonomy":"category","embeddable":true,"href":"https:\/\/www.europesays.com\/de\/wp-json\/wp\/v2\/categories?post=505598"},{"taxonomy":"post_tag","embeddable":true,"href":"https:\/\/www.europesays.com\/de\/wp-json\/wp\/v2\/tags?post=505598"}],"curies":[{"name":"wp","href":"https:\/\/api.w.org\/{rel}","templated":true}]}}