{"id":505611,"date":"2025-10-17T10:51:10","date_gmt":"2025-10-17T10:51:10","guid":{"rendered":"https:\/\/www.europesays.com\/de\/505611\/"},"modified":"2025-10-17T10:51:10","modified_gmt":"2025-10-17T10:51:10","slug":"frankfurt-main-friedenspreistraeger-schloegel-wehrpflicht-ist-an-der-zeit","status":"publish","type":"post","link":"https:\/\/www.europesays.com\/de\/505611\/","title":{"rendered":"Frankfurt\/Main | Friedenspreistr\u00e4ger Schl\u00f6gel: Wehrpflicht ist \u00aban der Zeit\u00bb"},"content":{"rendered":"<p>Frankfurt\/Main (dpa) &#8211; Der Historiker und Russland-Experte Karl Schl\u00f6gel findet eine Wehrpflicht in Deutschland unabdingbar. \u00abIch denke, dass die Wiedereinf\u00fchrung der Wehrpflicht in der einen oder anderen Form an der Zeit ist\u00bb, sagte Schl\u00f6gel auf der Buchmesse in Frankfurt, wo er am Sonntag mit dem Friedenspreis des Deutschen Buchhandels ausgezeichnet wird.\u00a0<\/p>\n<p>Er selbst habe in seiner Jugend zur Zeit des Vietnamkriegs den Wehrdienst verweigert und Zivildienst in einem Krankenhaus geleistet, sagte der 77-J\u00e4hrige in Frankfurt. Aber die Zeiten h\u00e4tten sich ge\u00e4ndert. Diese Einsicht sei \u00abTeil eines Wach-Werdens und Gewahr-Werdens einer ver\u00e4nderten Situation\u00bb.\u00a0<\/p>\n<p>Seit der russischen Besetzung der Krim 2014 und dem Angriff auf die Ukraine 2022 sei der Krieg zur\u00fcck in Europa, sagte Schl\u00f6gel. \u00abDas kann man nicht negieren. Das ist Realismus, sich dem zu stellen.\u00bb\u00a0<\/p>\n<p>Wie real die Bedrohung durch Russland sei, k\u00f6nne jeder erkennen, der Pr\u00e4sident Wladimir Putin sprechen h\u00f6re. Bei einem Auftritt vor zwei Wochen habe der Kremlchef eine \u00abganz klare Drohung\u00bb ausgesprochen, \u00abeinschlie\u00dflich des kalkulierten Bruchs des Nuklear-Tabus\u00bb.\u00a0<\/p>\n<p>\u00abGeschichte liefert keine Blaupause\u00bb<\/p>\n<p>Der Friedenspreis des Deutschen Buchhandels ist mit 25.000 Euro dotiert. Er wird seit 1950 vom B\u00f6rsenverein des Deutschen Buchhandels vergeben, der Berufsorganisation der Verlage und Buchhandlungen. Die \u00dcbergabe findet traditionell zum Abschluss der Frankfurter Buchmesse in der Paulskirche statt.<\/p>\n<p>Er habe kein Rezept f\u00fcr Frieden, sagte der Historiker zwei Tage vor der Friedenspreis-\u00dcbergabe. \u00abIn Wahrheit ist es so, dass Geschichte sich nicht wiederholt.\u00bb Geschichte sei aufschlussreich und informativ, \u00ababer sie liefert keine Blaupause, kein Rezept\u00bb.<\/p>\n","protected":false},"excerpt":{"rendered":"Frankfurt\/Main (dpa) &#8211; Der Historiker und Russland-Experte Karl Schl\u00f6gel findet eine Wehrpflicht in Deutschland unabdingbar. \u00abIch denke, dass&hellip;\n","protected":false},"author":2,"featured_media":505612,"comment_status":"","ping_status":"","sticky":false,"template":"","format":"standard","meta":{"footnotes":""},"categories":[1829],"tags":[29,2050,2051,30,2052,2549,93,3800,9326],"class_list":{"0":"post-505611","1":"post","2":"type-post","3":"status-publish","4":"format-standard","5":"has-post-thumbnail","7":"category-frankfurt-am-main","8":"tag-deutschland","9":"tag-frankfurt","10":"tag-frankfurt-am-main","11":"tag-germany","12":"tag-hessen","13":"tag-leute","14":"tag-literatur","15":"tag-messen","16":"tag-updateme"},"share_on_mastodon":{"url":"https:\/\/pubeurope.com\/@de\/115389129356475367","error":""},"_links":{"self":[{"href":"https:\/\/www.europesays.com\/de\/wp-json\/wp\/v2\/posts\/505611","targetHints":{"allow":["GET"]}}],"collection":[{"href":"https:\/\/www.europesays.com\/de\/wp-json\/wp\/v2\/posts"}],"about":[{"href":"https:\/\/www.europesays.com\/de\/wp-json\/wp\/v2\/types\/post"}],"author":[{"embeddable":true,"href":"https:\/\/www.europesays.com\/de\/wp-json\/wp\/v2\/users\/2"}],"replies":[{"embeddable":true,"href":"https:\/\/www.europesays.com\/de\/wp-json\/wp\/v2\/comments?post=505611"}],"version-history":[{"count":0,"href":"https:\/\/www.europesays.com\/de\/wp-json\/wp\/v2\/posts\/505611\/revisions"}],"wp:featuredmedia":[{"embeddable":true,"href":"https:\/\/www.europesays.com\/de\/wp-json\/wp\/v2\/media\/505612"}],"wp:attachment":[{"href":"https:\/\/www.europesays.com\/de\/wp-json\/wp\/v2\/media?parent=505611"}],"wp:term":[{"taxonomy":"category","embeddable":true,"href":"https:\/\/www.europesays.com\/de\/wp-json\/wp\/v2\/categories?post=505611"},{"taxonomy":"post_tag","embeddable":true,"href":"https:\/\/www.europesays.com\/de\/wp-json\/wp\/v2\/tags?post=505611"}],"curies":[{"name":"wp","href":"https:\/\/api.w.org\/{rel}","templated":true}]}}