{"id":505632,"date":"2025-10-17T11:02:14","date_gmt":"2025-10-17T11:02:14","guid":{"rendered":"https:\/\/www.europesays.com\/de\/505632\/"},"modified":"2025-10-17T11:02:14","modified_gmt":"2025-10-17T11:02:14","slug":"herbstferien-vollsperrungen-und-bauarbeiten-fuehren-zu-verkehrschaos","status":"publish","type":"post","link":"https:\/\/www.europesays.com\/de\/505632\/","title":{"rendered":"Herbstferien, Vollsperrungen und Bauarbeiten f\u00fchren zu Verkehrschaos"},"content":{"rendered":"<p class=\"tspBHk0 tspBHk1\">Kunden im Berliner Nahverkehr m\u00fcssen am Wochenende und in der n\u00e4chsten Woche mit Einschr\u00e4nkungen rund den Bahnhof Gesundbrunnen und die U2 (Pankow-Ruhleben) rechnen. Laut Berliner S-Bahn werden in Gesundbrunnen die Weichen erneuert. W\u00e4hrend der Herbstferien sind Bauarbeiten an der Linie U2 zwischen Stadtmitte und Senefelderplatz notwendig, wie die Berliner S-Bahn und die Berliner Verkehrsbetriebe (BVG) mitteilen.<\/p>\n<p class=\"tspBHk0\">Demnach h\u00e4lt ab dem sp\u00e4ten Freitagabend (22 Uhr) bis in die Nacht zu Montag (1.30 Uhr) keine S-Bahn mehr in Gesundbrunnen. Betroffen sind die S1 Richtung Bornholmer Stra\u00dfe und Nordbahnhof und die S41 und S42 Richtung Sch\u00f6nh\u00e4user Allee und Wedding.<\/p>\n<p>Tagesspiegel Checkpoint: Berlins beliebtester Newsletter<\/p>\n<p><img decoding=\"async\" src=\"https:\/\/www.europesays.com\/de\/wp-content\/uploads\/2025\/04\/cp-icon.png\" alt=\"\" class=\"tspBXfv\"\/><\/p>\n<p class=\"tspBXmz\"> Der schnellste Berlin-\u00dcberblick von Montag bis Samstag. <\/p>\n<p class=\"tspBHk0\">Der S-Bahn-Verkehr bleibt demnach auch nach dem Wochenende eingeschr\u00e4nkt: Vom fr\u00fchen Montagmorgen (4 Uhr) bis in die Nacht zu Freitag (1.30 Uhr) f\u00e4llt die S1 zwischen Gesundbrunnen und Bornholmer Stra\u00dfe weiter aus.<\/p>\n<p><img decoding=\"async\" src=\"https:\/\/www.europesays.com\/de\/wp-content\/uploads\/2025\/10\/hinweisschild-schienenersatzverkehr.jpeg\" alt=\"\" aria-labelledby=\"caption-14593472\" width=\"620\" height=\"348\" loading=\"lazy\" class=\"tspAShw\"\/> Ein Hinweisschild am S-Bahnhof Gesundbrunnen zeigt, wie der Schienenersatzverkehr fahren soll. <\/p>\n<p class=\"tspABfi\"> \u00a9 Claudia Liebram <\/p>\n<p> Bahnabschnitt der U2 in den Herbstferien gesperrt&#13; <\/p>\n<p class=\"tspBHk0\">Zum Wochenstart wird au\u00dferdem der Abschnitt der U2 zwischen den Haltestellen Stadtmitte und Senefelderplatz komplett gesperrt. Auf der betroffenen Strecke verkehren laut BVG Ersatzbusse. Die folgen jedoch nicht genau der Strecke der U2. &#13;<\/p>\n<p class=\"tspBHk0\">So werden die Haltestellen Hausvogteiplatz, M\u00e4rkisches Museum und Klosterstra\u00dfe laut Plan nicht angefahren. Stattdessen fahren sie ab Stadtmitte unter anderem \u00fcber Jerusalemer Stra\u00dfe, Fischerinsel und Rotes Rathaus. Die Bauarbeiten auf dem Abschnitt sollen nach Angaben der BVG bis zum Ende der Herbstferien (2. November) abgeschlossen sein.<\/p>\n<p> Ersatzverkehr Bus U2 zwischen U Stadtmitte und U Senefelderplatz <\/p>\n<p class=\"tspBHk0\">Der Ersatzverkehr folgt laut BVG nicht genau der Strecke der U2, die Haltestellen sind in der N\u00e4he von U-Bahnh\u00f6fen.<\/p>\n<ul data-qa-hook=\"story-list-ul\" class=\"tspBUl8\">\n<li class=\"tspBUh1 tspBUh1\">Nahe <strong>S+U Alexanderplatz<\/strong> h\u00e4lt der Ersatzverkehr Bus U2 an S+U Alexanderplatz\/Gontardstra\u00dfe und U Rotes Rathaus<\/li>\n<li class=\"tspBUh1 tspBUh1\">Nahe <strong>U Klosterstra\u00dfe<\/strong> h\u00e4lt der Ersatzverkehr Bus U2 an Nikolaiviertel<\/li>\n<li class=\"tspBUh1 tspBUh1\">Nahe <strong>U M\u00e4rkisches Museum<\/strong> h\u00e4lt der Ersatzverkehr Bus U2 an Fischerinsel<\/li>\n<li class=\"tspBUh1 tspBUh1\">Nahe <strong>U Hausvogteiplatz<\/strong> h\u00e4lt der Ersatzverkehr Bus U2 an Jerusalemer Stra\u00dfe<\/li>\n<\/ul>\n<p class=\"tspBHk0\">\u201eFahrg\u00e4ste aus Richtung Ruhleben steigen bitte schon ab U Anton-Wilhem-Amo-Stra\u00dfe (Mohrenstra\u00dfe) in den Ersatzverkehr \u2013 also eine Haltestelle vor U Stadtmitte\u201c, teilte die BVG mit. <\/p>\n<p> Stau zu Beginn der Herbstferien erwartet <\/p>\n<p class=\"tspBHk0\">Auch auf den Stra\u00dfen Berlins m\u00fcssen sich Fahrerinnen und Fahrer zum Beginn der Herbstferien auf Einschr\u00e4nkungen und Staus einstellen. Wegen des erh\u00f6hten Verkehrsaufkommens und zahlreichen Baustellen ist mit Verz\u00f6gerungen auf den Stadtautobahnen und Ausfallstra\u00dfen zu rechnen, wie die Verkehrsinformationszentrale Berlin mitteilte. Am Montag (20. Oktober) beginnen in Berlin und Brandenburg die zweiw\u00f6chigen Herbstferien.<\/p>\n<p class=\"tspBHk0\">So sei auf der Autobahn A100 Richtung Wedding wegen mehrerer Baustellen mit Einschr\u00e4nkungen zu rechnen. Wegen Stra\u00dfenarbeiten stehen auf der Hauptfahrbahn nur zwei Spuren zur Verf\u00fcgung. Ab Montag werde es nur noch eine Spur sein. Zudem werde auf der A100 wegen Wartungsarbeiten der Tunnel Ortsteil Britz zwischen den Anschlussstellen Buschkrugallee und Oberlandstra\u00dfe vom 20. Oktober bis 24. Oktober gesperrt.<\/p>\n<p> Sperrung am Autobahndreieck Funkturm angek\u00fcndigt&#13; <\/p>\n<p class=\"tspBHk0\">Aktuelle Baustellen k\u00f6nnen auch im Berliner Stra\u00dfennetz zu erheblichen Verkehrseinschr\u00e4nkungen f\u00fchren, wie die Verkehrsinformationszentrale warnte. Besondere Schwerpunkte seien etwa die Elsenbr\u00fccke in Friedrichshain oder die Bahnhofstra\u00dfe K\u00f6penick.&#13;<\/p>\n<p class=\"tspBHk0\">Vom 30. Oktober, 22 Uhr, kommt es voraussichtlich bis 3. November, 5 Uhr, au\u00dferdem zu <a href=\"https:\/\/www.tagesspiegel.de\/berlin\/autobahnbrucke-in-berlin-wird-abgerissen-grosssperrung-und-massive-verkehrseinschrankungen-am-dreieck-funkturm-ab-ende-oktober-14511032.html?icid=in-text-link_14593388\" class=\"link link--internal\" data-gtm-class=\"article-text-link\" data-gtm-val=\"internal\" rel=\"nofollow noopener\" target=\"_blank\">umfangreichen Sperrungen am Dreieck Funkturm<\/a>. Grund ist der Abbruch der derzeit f\u00fcr den Verkehr gesperrten Autobahnbr\u00fccke \u00fcber die Halenseestra\u00dfe Ost. Die A100-Br\u00fccke \u00fcber die Halenseestra\u00dfe Ost schlie\u00dft direkt an das s\u00fcdliche Ende der ehemaligen Ringbahnbr\u00fccke an. Diese wurde jedoch im April 2025 aufgrund wegen baulicher Sch\u00e4den kurzfristig abgerissen.<\/p>\n<p class=\"tspBHk0\">Die Projektgesellschaft Deges hat nun bekanntgegeben, wie der Verkehr in der Zeit umgeleitet wird: Autofahrer werden darum gebeten, das Autobahndreieck weitr\u00e4umig zu umfahren oder, wenn m\u00f6glich, andere Verkehrsmittel zu benutzen.<\/p>\n<ul data-qa-hook=\"story-list-ul\" class=\"tspBUl8\">\n<li class=\"tspBUh1 tspBUh1\"><strong>A100 von S\u00fcden kommend Richtung Hamburg<\/strong>: Fahrzeuge \u00fcber 3,5 Tonnen m\u00fcssen an der Anschlussstelle Schmargendorf abfahren. Von da geht es \u00fcber die Konstanzer Stra\u00dfe, die Brandenburgische Stra\u00dfe, die Lewishamstra\u00dfe, die Kaiser-Friedrich-Stra\u00dfe und den Spandauer Damm bis zur Anschlussstelle Spandauer Damm. Autos bis 3,5 Tonnen bleiben auf der A100.<\/li>\n<li class=\"tspBUh1 tspBUh1\"><strong>A115 von S\u00fcden kommend Richtung Hamburg<\/strong>: Der Verkehr wird ab dem Autobahnkreuz Zehlendorf \u00fcber die B1 und die A103 bis zum Kreuz Sch\u00f6neberg gef\u00fchrt, wo es zur\u00fcck auf die A100 geht. Pkw bis 3,5 Tonnen bleiben auf der A100, schwerere Fahrzeuge nutzen die oben genannte Umleitung ab der Anschlussstelle Schmargendorf. Eine weitere Alternative, vor allem f\u00fcr den Verkehr in nordwestlicher Richtung, ist eine Ausfahrt \u00fcber den Parkplatz des Avus-Rasthofs, Alte Jaff\u00e9stra\u00dfe und Jaff\u00e9stra\u00dfe zur Heerstra\u00dfe.<\/li>\n<li class=\"tspBUh1 tspBUh1\"><strong>A100 von Norden kommend, \u00dcberleitung auf die A115<\/strong>: Die Umleitung verl\u00e4uft ab der Anschlussstelle Spandauer Damm \u00fcber die K\u00f6nigin-Elisabeth-Stra\u00dfe und den Messedamm bis zum Autobahndreieck Funkturm.<\/li>\n<\/ul>\n<p class=\"tspBHk0\">Laut Deges wird es etwa von der Autobahn 115 keine \u00dcberleitung auf die A100 Richtung Hamburg sowie keine Abfahrt Richtung Halenseestra\u00dfe Ost\/Messedamm geben. Zudem entf\u00e4llt die M\u00f6glichkeit, von der A100 aus S\u00fcden kommend \u00fcber den Messedamm durch die Stadt zu fahren.<\/p>\n<p> Mehr zum Verkehr in Berlin <a href=\"https:\/\/www.tagesspiegel.de\/berlin\/bauarbeiten-fur-dresdner-bahn-berliner-bahnhof-sudkreuz-fast-zwei-monate-ohne-regional-und-fernverkehr-14589254.html?icid=topic-list_14593388___\" data-gtm-class=\"article-mzt-link\" class=\"tspBRlv\" rel=\"nofollow noopener\" target=\"_blank\">Bauarbeiten f\u00fcr Dresdner Bahn Berliner Bahnhof S\u00fcdkreuz fast zwei Monate ohne Regional- und Fernverkehr <\/a><a href=\"https:\/\/www.tagesspiegel.de\/politik\/theorie-weiss-ich-nicht-mehr-kein-ding-drei-generationen-erinnern-sich-an-ihre-fahrprufung-14579648.html?icid=topic-list_14593388___\" data-gtm-class=\"article-mzt-link\" class=\"tspBRlv\" rel=\"nofollow noopener\" target=\"_blank\">\u201eTheorie? Wei\u00df ich nicht mehr, kein Ding\u201c Drei Generationen erinnern sich an ihre Fahrpr\u00fcfung <\/a><a href=\"https:\/\/www.tagesspiegel.de\/absperren-wegsperren--und-das-fur-sehr-viel-geld-das-halt-die-tagesspiegel-community-von-zugangskontrollen-an-bahnhofen-14572967.html?icid=topic-list_14593388___\" data-gtm-class=\"article-mzt-link\" class=\"tspBRlv\" rel=\"nofollow noopener\" target=\"_blank\">\u201eAbsperren, wegsperren \u2013 und das f\u00fcr sehr viel Geld\u201c Das h\u00e4lt die Tagesspiegel-Community von Zugangskontrollen an Bahnh\u00f6fen <\/a> Flughafen erwartet 1,4 Millionen Reisende&#13; <\/p>\n<p class=\"tspBHk0\">Der Start der Ferien macht sich auch im Flugverkehr bemerkbar. So rechnet der Flughafen Berlin-Brandenburg BER nach eigenen Angaben bis Sonntag mit rund 275.000 Flugg\u00e4sten. Bis 2. November werden etwa 1,4 Millionen Reisenden erwartet. (dpa, Tsp)<\/p>\n","protected":false},"excerpt":{"rendered":"Kunden im Berliner Nahverkehr m\u00fcssen am Wochenende und in der n\u00e4chsten Woche mit Einschr\u00e4nkungen rund den Bahnhof Gesundbrunnen&hellip;\n","protected":false},"author":2,"featured_media":505633,"comment_status":"","ping_status":"","sticky":false,"template":"","format":"standard","meta":{"footnotes":""},"categories":[1825],"tags":[599,17655,13410,296,1890,2236,29,94201,30,692,27668,1949],"class_list":{"0":"post-505632","1":"post","2":"type-post","3":"status-publish","4":"format-standard","5":"has-post-thumbnail","7":"category-berlin","8":"tag-a100","9":"tag-baustellen","10":"tag-ber","11":"tag-berlin","12":"tag-brandenburg","13":"tag-bvg","14":"tag-deutschland","15":"tag-fahrrad-und-verkehr-in-berlin","16":"tag-germany","17":"tag-hamburg","18":"tag-kunst-in-berlin","19":"tag-s-bahn"},"share_on_mastodon":{"url":"https:\/\/pubeurope.com\/@de\/115389172777709181","error":""},"_links":{"self":[{"href":"https:\/\/www.europesays.com\/de\/wp-json\/wp\/v2\/posts\/505632","targetHints":{"allow":["GET"]}}],"collection":[{"href":"https:\/\/www.europesays.com\/de\/wp-json\/wp\/v2\/posts"}],"about":[{"href":"https:\/\/www.europesays.com\/de\/wp-json\/wp\/v2\/types\/post"}],"author":[{"embeddable":true,"href":"https:\/\/www.europesays.com\/de\/wp-json\/wp\/v2\/users\/2"}],"replies":[{"embeddable":true,"href":"https:\/\/www.europesays.com\/de\/wp-json\/wp\/v2\/comments?post=505632"}],"version-history":[{"count":0,"href":"https:\/\/www.europesays.com\/de\/wp-json\/wp\/v2\/posts\/505632\/revisions"}],"wp:featuredmedia":[{"embeddable":true,"href":"https:\/\/www.europesays.com\/de\/wp-json\/wp\/v2\/media\/505633"}],"wp:attachment":[{"href":"https:\/\/www.europesays.com\/de\/wp-json\/wp\/v2\/media?parent=505632"}],"wp:term":[{"taxonomy":"category","embeddable":true,"href":"https:\/\/www.europesays.com\/de\/wp-json\/wp\/v2\/categories?post=505632"},{"taxonomy":"post_tag","embeddable":true,"href":"https:\/\/www.europesays.com\/de\/wp-json\/wp\/v2\/tags?post=505632"}],"curies":[{"name":"wp","href":"https:\/\/api.w.org\/{rel}","templated":true}]}}