{"id":505650,"date":"2025-10-17T11:12:14","date_gmt":"2025-10-17T11:12:14","guid":{"rendered":"https:\/\/www.europesays.com\/de\/505650\/"},"modified":"2025-10-17T11:12:14","modified_gmt":"2025-10-17T11:12:14","slug":"es-hat-mit-nico-schlotterbeck-zu-tun-eberl-verraet-was-beim-fc-bayern-ueber-allem-steht-sport","status":"publish","type":"post","link":"https:\/\/www.europesays.com\/de\/505650\/","title":{"rendered":"Es hat mit Nico Schlotterbeck zu tun! Eberl verr\u00e4t, was beim FC Bayern \u00fcber allem steht | Sport"},"content":{"rendered":"<p><b>Nico Schlotterbeck (25) von Borussia Dortmund steht vor dem Bundesliga-Kracher beim FC Bayern (Sa, 18.30 Uhr\/Sky) im Fokus!<\/b><\/p>\n<p>Der Grund: Der Innenverteidiger z\u00f6gert weiter mit einer Vertrags-Verl\u00e4ngerung beim BVB. Zockt aus zwei Gr\u00fcnden auf das Interesse anderer Top-Klub (BILD berichtete). Zum einen will er sicherstellen, dass er in Zukunft um Titel mitspielen kann, zum anderen verbessert er seine finanzielle Verhandlungsposition. Unter anderem der FC Bayern soll die Situation von Schlotterbeck beobachten. <\/p>\n<p><img decoding=\"async\" width=\"992\" height=\"661\" alt=\"Nico Schlotterbeck (25) von Borussia Dortmund\" src=\"https:\/\/www.europesays.com\/de\/wp-content\/uploads\/2025\/10\/1415afd2d1bcc1cd00d7743ac8105b7e,8c5065a0\"   class=\"dynamic\" loading=\"lazy\"\/><\/p>\n<p class=\"fig__caption__text\">Nico Schlotterbeck (25) von Borussia Dortmund <\/p>\n<p>Foto: picture alliance\/dpa\/Revierfoto<\/p>\n<p><b>Was sagt der deutsche Rekordmeister vor dem direkten Aufeinandertreffen? Trainer Vincent Kompany (39) b\u00fcgelt am Freitagvormittag ab: \u201eIch sehe Schlotterbeck morgen nur als Gegner. Ich kenne deshalb sein Profil sehr gut.\u201c<\/b><\/p>\n<p>Sportvorstand Max Eberl (52) sagt: \u201eIch werde mich vor so einem Spiel nicht zu einem Spieler vom Gegner \u00e4u\u00dfern\u201c, f\u00fcgt dann aber an: \u201eWir haben sehr gute Innenverteidiger mit Minjae Kim, Jona Tah und Upa. Das ist f\u00fcr uns das gro\u00dfe Thema, die Verl\u00e4ngerung von Upamecano. Das steht f\u00fcr uns \u00fcber allem. Wenn sich diese Themen anders darstellen solltet, wird man sich den Markt anschauen.\u201c<\/p>\n<p>Wolff Fuss \u00fcber seine Anna: \u201eIch bewundere meine chronisch kranke Frau\u201c<a class=\"anchor video-teaser__anchor\" href=\"https:\/\/www.bild.de\/sport\/fussball\/fuss-ueber-anna-kraft-ich-bewundere-meine-chronisch-kranke-frau-68f0db69cdf2d9fc0bea12ce\" target=\"_blank\" rel=\"noopener\"><img decoding=\"async\" width=\"992\" height=\"558\" alt=\"Fuss \u00fcber Anna Kraft: \u201eIch bewundere meine chronisch kranke Frau\u201c\" src=\"https:\/\/www.europesays.com\/de\/wp-content\/uploads\/2025\/10\/6a05533385d386217048d30a303b8030,73273c58\"   class=\"landscape teaser__image\" loading=\"lazy\"\/><\/a><\/p>\n<p>Quelle: BILD16.10.2025<\/p>\n<p>Klar ist: Die Gespr\u00e4che mit Dayot Upamecano (26) ziehen sich. Eberl unterstreicht zwar noch mal, dass sie seinen auslaufenden Vertrag unbedingt verl\u00e4ngern wollen, doch es wird nicht leichter. Denn der Franzose und seine Berater wissen ganz genau, in welcher Position sie sich befinden. Inter Mailand, Real Madrid und vor allem der FC Liverpool haben den Innenverteidiger auf dem Zettel. Und nat\u00fcrlich ist auch bei ihnen l\u00e4ngst angekommen, was andere Spieler zuletzt bei Vertragsverl\u00e4ngerungen beim FC Bayern kassierten. <\/p>\n<p>Mehr zum Thema<\/p>\n<p>J\u00fcngstes Beispiel: Alphonso Davies (24), der sich bei seiner Verl\u00e4ngerung bis 2030 ein Handgeld von 17 Millionen Euro gesichert haben soll. Deshalb ist garantiert: Die Gespr\u00e4che mit Upamecano werden intensiv.<\/p>\n<p><b>Das verdeutlicht jetzt auch noch mal die Aussage von Sport-Boss Eberl\u00a0\u2026<\/b><\/p>\n","protected":false},"excerpt":{"rendered":"Nico Schlotterbeck (25) von Borussia Dortmund steht vor dem Bundesliga-Kracher beim FC Bayern (Sa, 18.30 Uhr\/Sky) im Fokus!&hellip;\n","protected":false},"author":2,"featured_media":505651,"comment_status":"","ping_status":"","sticky":false,"template":"","format":"standard","meta":{"footnotes":""},"categories":[136],"tags":[1263,29,14490,538,458,30,803,265,1470,45,18550],"class_list":{"0":"post-505650","1":"post","2":"type-post","3":"status-publish","4":"format-standard","5":"has-post-thumbnail","7":"category-sport","8":"tag-aufmacher-bereich","9":"tag-deutschland","10":"tag-eberl-max","11":"tag-erste-bundesliga","12":"tag-fc-bayern-muenchen","13":"tag-germany","14":"tag-spielertransfer","15":"tag-sport","16":"tag-sport-leuchtturm-muenchen","17":"tag-texttospeech","18":"tag-upamecano-dayot"},"share_on_mastodon":{"url":"https:\/\/pubeurope.com\/@de\/115389212598397431","error":""},"_links":{"self":[{"href":"https:\/\/www.europesays.com\/de\/wp-json\/wp\/v2\/posts\/505650","targetHints":{"allow":["GET"]}}],"collection":[{"href":"https:\/\/www.europesays.com\/de\/wp-json\/wp\/v2\/posts"}],"about":[{"href":"https:\/\/www.europesays.com\/de\/wp-json\/wp\/v2\/types\/post"}],"author":[{"embeddable":true,"href":"https:\/\/www.europesays.com\/de\/wp-json\/wp\/v2\/users\/2"}],"replies":[{"embeddable":true,"href":"https:\/\/www.europesays.com\/de\/wp-json\/wp\/v2\/comments?post=505650"}],"version-history":[{"count":0,"href":"https:\/\/www.europesays.com\/de\/wp-json\/wp\/v2\/posts\/505650\/revisions"}],"wp:featuredmedia":[{"embeddable":true,"href":"https:\/\/www.europesays.com\/de\/wp-json\/wp\/v2\/media\/505651"}],"wp:attachment":[{"href":"https:\/\/www.europesays.com\/de\/wp-json\/wp\/v2\/media?parent=505650"}],"wp:term":[{"taxonomy":"category","embeddable":true,"href":"https:\/\/www.europesays.com\/de\/wp-json\/wp\/v2\/categories?post=505650"},{"taxonomy":"post_tag","embeddable":true,"href":"https:\/\/www.europesays.com\/de\/wp-json\/wp\/v2\/tags?post=505650"}],"curies":[{"name":"wp","href":"https:\/\/api.w.org\/{rel}","templated":true}]}}