{"id":505661,"date":"2025-10-17T11:18:10","date_gmt":"2025-10-17T11:18:10","guid":{"rendered":"https:\/\/www.europesays.com\/de\/505661\/"},"modified":"2025-10-17T11:18:10","modified_gmt":"2025-10-17T11:18:10","slug":"fabian-aus-guestrow-getoetet-ex-freundin-des-vaters-fand-die-leiche-news","status":"publish","type":"post","link":"https:\/\/www.europesays.com\/de\/505661\/","title":{"rendered":"Fabian aus G\u00fcstrow get\u00f6tet: Ex-Freundin des Vaters fand die Leiche | News"},"content":{"rendered":"<p><b>Im Fall des get\u00f6teten Fabian (\u20208) aus G\u00fcstrow gibt es eine \u00fcberraschende Wendung: Die Frau, die seine Leiche fand, ist die Ex-Freundin von Fabians Vater und nicht, wie urspr\u00fcnglich angenommen, eine Pilzsammlerin oder Touristin. <\/b><\/p>\n<p>Was machte sie an diesem abgelegenen Fundort im Wald? Die Polizei untersucht nun ihr Auto und Handy, w\u00e4hrend die Ermittlungen weitergehen. Erfahren Sie alle Details und Hintergr\u00fcnde zu diesem r\u00e4tselhaften Mordfall mit BILDplus.<\/p>\n","protected":false},"excerpt":{"rendered":"Im Fall des get\u00f6teten Fabian (\u20208) aus G\u00fcstrow gibt es eine \u00fcberraschende Wendung: Die Frau, die seine Leiche&hellip;\n","protected":false},"author":2,"featured_media":505662,"comment_status":"","ping_status":"","sticky":false,"template":"","format":"standard","meta":{"footnotes":""},"categories":[5],"tags":[5599,122,84441,13,584,1351,2183,2290,14,15,121,12,45,10,8,9,11,1995],"class_list":{"0":"post-505661","1":"post","2":"type-post","3":"status-publish","4":"format-standard","5":"has-post-thumbnail","7":"category-nachrichten","8":"tag-ex-partner","9":"tag-fahndungen","10":"tag-guestrow","11":"tag-headlines","12":"tag-leiche","13":"tag-mecklenburg-vorpommern","14":"tag-mord","15":"tag-mordkommission","16":"tag-nachrichten","17":"tag-news","18":"tag-polizei","19":"tag-schlagzeilen","20":"tag-texttospeech","21":"tag-top-news","22":"tag-top-meldungen","23":"tag-topmeldungen","24":"tag-topnews","25":"tag-verbrechen"},"share_on_mastodon":{"url":"https:\/\/pubeurope.com\/@de\/115389235671873130","error":""},"_links":{"self":[{"href":"https:\/\/www.europesays.com\/de\/wp-json\/wp\/v2\/posts\/505661","targetHints":{"allow":["GET"]}}],"collection":[{"href":"https:\/\/www.europesays.com\/de\/wp-json\/wp\/v2\/posts"}],"about":[{"href":"https:\/\/www.europesays.com\/de\/wp-json\/wp\/v2\/types\/post"}],"author":[{"embeddable":true,"href":"https:\/\/www.europesays.com\/de\/wp-json\/wp\/v2\/users\/2"}],"replies":[{"embeddable":true,"href":"https:\/\/www.europesays.com\/de\/wp-json\/wp\/v2\/comments?post=505661"}],"version-history":[{"count":0,"href":"https:\/\/www.europesays.com\/de\/wp-json\/wp\/v2\/posts\/505661\/revisions"}],"wp:featuredmedia":[{"embeddable":true,"href":"https:\/\/www.europesays.com\/de\/wp-json\/wp\/v2\/media\/505662"}],"wp:attachment":[{"href":"https:\/\/www.europesays.com\/de\/wp-json\/wp\/v2\/media?parent=505661"}],"wp:term":[{"taxonomy":"category","embeddable":true,"href":"https:\/\/www.europesays.com\/de\/wp-json\/wp\/v2\/categories?post=505661"},{"taxonomy":"post_tag","embeddable":true,"href":"https:\/\/www.europesays.com\/de\/wp-json\/wp\/v2\/tags?post=505661"}],"curies":[{"name":"wp","href":"https:\/\/api.w.org\/{rel}","templated":true}]}}