{"id":505728,"date":"2025-10-17T11:56:21","date_gmt":"2025-10-17T11:56:21","guid":{"rendered":"https:\/\/www.europesays.com\/de\/505728\/"},"modified":"2025-10-17T11:56:21","modified_gmt":"2025-10-17T11:56:21","slug":"der-sport-tag-umstrittener-hannover-boss-meldet-sich-nach-operation","status":"publish","type":"post","link":"https:\/\/www.europesays.com\/de\/505728\/","title":{"rendered":"Der Sport-Tag: Umstrittener Hannover-Boss meldet sich nach Operation"},"content":{"rendered":"<p>                    Der Sport-Tag<br \/>\n                Umstrittener Hannover-Boss meldet sich nach Operation<\/p>\n<p>\t\t\t\t              17.10.2025, 12:43 Uhr<\/p>\n<p>Aufsichtsrats-Boss Martin Kind vom Fu\u00dfball-Zweitligisten Hannover 96 befindet sich nach zwei Operationen &#8222;auf einem sehr guten Weg der Genesung&#8220;. Das teilte der Unternehmer mit, nachdem er sich einer <b>&#8222;neurochirurgischen Operation&#8220; sowie &#8222;einer herzchirurgischen Behandlung&#8220; <\/b>unterziehen musste. &#8222;Beide Eingriffe sind erfolgreich verlaufen&#8220;, hie\u00df es weiter.<\/p>\n<p>&#8222;Ich bin derzeit weitgehend beschwerdefrei und folge der Empfehlung meiner \u00c4rzte, eine Rehabilitationsma\u00dfnahme wahrzunehmen, um meine volle Belastungsf\u00e4higkeit schrittweise wiederzuerlangen&#8220;, sagte der 81-j\u00e4hrige Kind: <b>&#8222;In die t\u00e4glichen Gesch\u00e4fte bei Hannover 96 bin ich seit der Entlassung aus dem Krankenhaus wieder laufend eingebunden.&#8220; <\/b>Nach einem Streit mit dem Mutterverein Hannover 96 e.V. hatte Kind zuletzt seinen Gesch\u00e4ftsf\u00fchrerposten bei der Hannover 96 GmbH &amp; Co. KGaA verloren. In der Profi-Abteilung des Zweitligisten fungiert er aber als Aufsichtsratsvorsitzender, zudem ist Kind Gesch\u00e4ftsf\u00fchrer der Hannover Sales &amp; Service GmbH &amp; Co. KG sowie der Hannover 96 Arena GmbH &amp; Co. KG.<\/p>\n","protected":false},"excerpt":{"rendered":"Der Sport-Tag Umstrittener Hannover-Boss meldet sich nach Operation 17.10.2025, 12:43 Uhr Aufsichtsrats-Boss Martin Kind vom Fu\u00dfball-Zweitligisten Hannover 96&hellip;\n","protected":false},"author":2,"featured_media":505729,"comment_status":"","ping_status":"","sticky":false,"template":"","format":"standard","meta":{"footnotes":""},"categories":[1836],"tags":[3364,282,29,30,46,126252,1411,8257,283,126251],"class_list":{"0":"post-505728","1":"post","2":"type-post","3":"status-publish","4":"format-standard","5":"has-post-thumbnail","7":"category-hannover","8":"tag-de","9":"tag-der","10":"tag-deutschland","11":"tag-germany","12":"tag-hannover","13":"tag-hannover-boss","14":"tag-niedersachsen","15":"tag-operation","16":"tag-sport-tag","17":"tag-umstrittener"},"share_on_mastodon":{"url":"https:\/\/pubeurope.com\/@de\/115389384977732671","error":""},"_links":{"self":[{"href":"https:\/\/www.europesays.com\/de\/wp-json\/wp\/v2\/posts\/505728","targetHints":{"allow":["GET"]}}],"collection":[{"href":"https:\/\/www.europesays.com\/de\/wp-json\/wp\/v2\/posts"}],"about":[{"href":"https:\/\/www.europesays.com\/de\/wp-json\/wp\/v2\/types\/post"}],"author":[{"embeddable":true,"href":"https:\/\/www.europesays.com\/de\/wp-json\/wp\/v2\/users\/2"}],"replies":[{"embeddable":true,"href":"https:\/\/www.europesays.com\/de\/wp-json\/wp\/v2\/comments?post=505728"}],"version-history":[{"count":0,"href":"https:\/\/www.europesays.com\/de\/wp-json\/wp\/v2\/posts\/505728\/revisions"}],"wp:featuredmedia":[{"embeddable":true,"href":"https:\/\/www.europesays.com\/de\/wp-json\/wp\/v2\/media\/505729"}],"wp:attachment":[{"href":"https:\/\/www.europesays.com\/de\/wp-json\/wp\/v2\/media?parent=505728"}],"wp:term":[{"taxonomy":"category","embeddable":true,"href":"https:\/\/www.europesays.com\/de\/wp-json\/wp\/v2\/categories?post=505728"},{"taxonomy":"post_tag","embeddable":true,"href":"https:\/\/www.europesays.com\/de\/wp-json\/wp\/v2\/tags?post=505728"}],"curies":[{"name":"wp","href":"https:\/\/api.w.org\/{rel}","templated":true}]}}