{"id":505736,"date":"2025-10-17T12:00:16","date_gmt":"2025-10-17T12:00:16","guid":{"rendered":"https:\/\/www.europesays.com\/de\/505736\/"},"modified":"2025-10-17T12:00:16","modified_gmt":"2025-10-17T12:00:16","slug":"niedersachsen-bremen-polizei-ermittelt-wegen-israelfeindlicher-parolen","status":"publish","type":"post","link":"https:\/\/www.europesays.com\/de\/505736\/","title":{"rendered":"Niedersachsen &#038; Bremen: Polizei ermittelt wegen israelfeindlicher Parolen"},"content":{"rendered":"<p>                    Niedersachsen &amp; Bremen<br \/>\n                Polizei ermittelt wegen israelfeindlicher Parolen<\/p>\n<p>\t\t\t\t              17.10.2025, 13:51 Uhr<\/p>\n<p><strong>Auf einer Demonstration in Hildesheim werden &#8211; so die Polizei &#8211; israelfeindliche Parolen gerufen. Der Staatsschutz ermittelt. Ob tats\u00e4chlich Volksverhetzung vorliegt, steht noch nicht fest.<\/strong><\/p>\n<p>Hildesheim (dpa\/lni) &#8211; Die Polizei wirft zwei Teilnehmern einer Demonstration in Hildesheim das Verbreiten israelfeindlicher Parolen vor. An der Demonstration in der Innenstadt unter dem Titel &#8222;Gegen Kriege&#8220; nahmen der Polizei zufolge am Donnerstagabend rund 25 Menschen teil. Die israelfeindlichen Parolen seien von einem Mann und einer Frau gerufen worden.\u00a0<\/p>\n<p>Nach der Kundgebung wollten Beamte die Personalien der beiden Teilnehmer feststellen. Der Mann und die Frau h\u00e4tten sich allerdings wenig kooperativ gezeigt, hie\u00df es. Der Mann habe dabei mehrfach ein Megafon bedient, obwohl zwei Einsatzkr\u00e4fte daneben standen. Die Beamten h\u00e4tten anschlie\u00dfend Pfeifger\u00e4usche in den Ohren gehabt. Andere Teilnehmer h\u00e4tten sich au\u00dferdem mit dem Mann und der Frau solidarisiert, hie\u00df es.<\/p>\n<p>Anfangsverdacht auf Volksverhetzung<\/p>\n<p>Die Polizei habe Strafverfahren wegen des Anfangsverdachts auf Volksverhetzung und wegen K\u00f6rperverletzung eingeleitet. Der Versammlungsleiter muss sich einem Verfahren wegen Ordnungswidrigkeiten stellen, weil die Demonstration zum Teil zu laut gewesen sein soll.<\/p>\n<p>Um was f\u00fcr israelfeindlichen Parolen es sich handelte, wollte der Polizeisprecher nicht mitteilen. Das sei Gegenstand der Ermittlungen, sagte er. Am Ende werde die Staatsanwaltschaft entscheiden, wie die Aussagen strafrechtlich zu bewerten seien. Zun\u00e4chst ermittelt nun der Staatsschutz der Polizeidirektion Hildesheim.<\/p>\n","protected":false},"excerpt":{"rendered":"Niedersachsen &amp; Bremen Polizei ermittelt wegen israelfeindlicher Parolen 17.10.2025, 13:51 Uhr Auf einer Demonstration in Hildesheim werden &#8211;&hellip;\n","protected":false},"author":2,"featured_media":505737,"comment_status":"","ping_status":"","sticky":false,"template":"","format":"standard","meta":{"footnotes":""},"categories":[1824],"tags":[2420,3364,29,30,1411,46336,121],"class_list":{"0":"post-505736","1":"post","2":"type-post","3":"status-publish","4":"format-standard","5":"has-post-thumbnail","7":"category-bremen","8":"tag-bremen","9":"tag-de","10":"tag-deutschland","11":"tag-germany","12":"tag-niedersachsen","13":"tag-parolen","14":"tag-polizei"},"share_on_mastodon":{"url":"https:\/\/pubeurope.com\/@de\/115389400644954707","error":""},"_links":{"self":[{"href":"https:\/\/www.europesays.com\/de\/wp-json\/wp\/v2\/posts\/505736","targetHints":{"allow":["GET"]}}],"collection":[{"href":"https:\/\/www.europesays.com\/de\/wp-json\/wp\/v2\/posts"}],"about":[{"href":"https:\/\/www.europesays.com\/de\/wp-json\/wp\/v2\/types\/post"}],"author":[{"embeddable":true,"href":"https:\/\/www.europesays.com\/de\/wp-json\/wp\/v2\/users\/2"}],"replies":[{"embeddable":true,"href":"https:\/\/www.europesays.com\/de\/wp-json\/wp\/v2\/comments?post=505736"}],"version-history":[{"count":0,"href":"https:\/\/www.europesays.com\/de\/wp-json\/wp\/v2\/posts\/505736\/revisions"}],"wp:featuredmedia":[{"embeddable":true,"href":"https:\/\/www.europesays.com\/de\/wp-json\/wp\/v2\/media\/505737"}],"wp:attachment":[{"href":"https:\/\/www.europesays.com\/de\/wp-json\/wp\/v2\/media?parent=505736"}],"wp:term":[{"taxonomy":"category","embeddable":true,"href":"https:\/\/www.europesays.com\/de\/wp-json\/wp\/v2\/categories?post=505736"},{"taxonomy":"post_tag","embeddable":true,"href":"https:\/\/www.europesays.com\/de\/wp-json\/wp\/v2\/tags?post=505736"}],"curies":[{"name":"wp","href":"https:\/\/api.w.org\/{rel}","templated":true}]}}