{"id":505746,"date":"2025-10-17T12:05:10","date_gmt":"2025-10-17T12:05:10","guid":{"rendered":"https:\/\/www.europesays.com\/de\/505746\/"},"modified":"2025-10-17T12:05:10","modified_gmt":"2025-10-17T12:05:10","slug":"trauergottesdienst-und-kondolenzbuch-fuer-ehrenbuerger-friedrich-magirius-%c2%b7-leipziger-zeitung","status":"publish","type":"post","link":"https:\/\/www.europesays.com\/de\/505746\/","title":{"rendered":"Trauergottesdienst und Kondolenzbuch f\u00fcr Ehrenb\u00fcrger Friedrich Magirius \u00b7 Leipziger Zeitung"},"content":{"rendered":"<p>Mit einem \u00f6ffentlichen Trauergottesdienst in der Nikolaikirche nimmt die Stadt Leipzig am Donnerstag, 23. Oktober 2025, 11 Uhr, Abschied von Friedrich Magirius. Am 13. Oktober war der Ehrenb\u00fcrger der Stadt Leipzig im Alter von 95 Jahren in Leipzig gestorben. <\/p>\n<p>Von Dienstag, 21. Oktober, 11 Uhr, bis zum Donnerstag, 30. Oktober, wird in der Unteren Wandelhalle des Neuen Rathauses ein Kondolenzbuch ausliegen. Eine Eintragung ist w\u00e4hrend der \u00d6ffnungszeiten des Hauses (Montag bis Donnerstag 7 bis 18 Uhr, Freitag 7 bis 16 Uhr) m\u00f6glich.<\/p>\n<p>Zum Gottesdienst am 23. Oktober werden neben der Familie von Friedrich Magirius viele Freunde, Kollegen, Weggef\u00e4hrten, zahlreiche geladene G\u00e4ste aus Politik und Gesellschaft sowie viele Leipzigerinnen und Leipziger erwartet. Durch den Gottesdienst f\u00fchrt Superintendent Sebastian Feydt, Oberb\u00fcrgermeister Burkhard Jung wird in einer kurzen Ansprache an das Wirken von Magirius erinnern.<\/p>\n<p>Anstelle von Kr\u00e4nzen und Blumen bittet die Familie um eine Spende f\u00fcr den Landesverband f\u00fcr Hospizarbeit und Palliativmedizin Sachsen e.V. (Spendenkonto IBAN DE23 7509 0300 0008 2961 20, BIC: GENODEF1M05, Stichwort: Friedrich Magirius).<\/p>\n<p>Die Beisetzung erfolgt auf ausdr\u00fccklichen Wunsch der Familie im engsten Kreis unter Ausschluss der \u00d6ffentlichkeit.<\/p>\n","protected":false},"excerpt":{"rendered":"Mit einem \u00f6ffentlichen Trauergottesdienst in der Nikolaikirche nimmt die Stadt Leipzig am Donnerstag, 23. Oktober 2025, 11 Uhr,&hellip;\n","protected":false},"author":2,"featured_media":496359,"comment_status":"","ping_status":"","sticky":false,"template":"","format":"standard","meta":{"footnotes":""},"categories":[1832],"tags":[3364,29,124404,30,19789,71,859],"class_list":{"0":"post-505746","1":"post","2":"type-post","3":"status-publish","4":"format-standard","5":"has-post-thumbnail","7":"category-leipzig","8":"tag-de","9":"tag-deutschland","10":"tag-friedrich-magirius","11":"tag-germany","12":"tag-gottesdienst","13":"tag-leipzig","14":"tag-sachsen"},"share_on_mastodon":{"url":"https:\/\/pubeurope.com\/@de\/115389420311552183","error":""},"_links":{"self":[{"href":"https:\/\/www.europesays.com\/de\/wp-json\/wp\/v2\/posts\/505746","targetHints":{"allow":["GET"]}}],"collection":[{"href":"https:\/\/www.europesays.com\/de\/wp-json\/wp\/v2\/posts"}],"about":[{"href":"https:\/\/www.europesays.com\/de\/wp-json\/wp\/v2\/types\/post"}],"author":[{"embeddable":true,"href":"https:\/\/www.europesays.com\/de\/wp-json\/wp\/v2\/users\/2"}],"replies":[{"embeddable":true,"href":"https:\/\/www.europesays.com\/de\/wp-json\/wp\/v2\/comments?post=505746"}],"version-history":[{"count":0,"href":"https:\/\/www.europesays.com\/de\/wp-json\/wp\/v2\/posts\/505746\/revisions"}],"wp:featuredmedia":[{"embeddable":true,"href":"https:\/\/www.europesays.com\/de\/wp-json\/wp\/v2\/media\/496359"}],"wp:attachment":[{"href":"https:\/\/www.europesays.com\/de\/wp-json\/wp\/v2\/media?parent=505746"}],"wp:term":[{"taxonomy":"category","embeddable":true,"href":"https:\/\/www.europesays.com\/de\/wp-json\/wp\/v2\/categories?post=505746"},{"taxonomy":"post_tag","embeddable":true,"href":"https:\/\/www.europesays.com\/de\/wp-json\/wp\/v2\/tags?post=505746"}],"curies":[{"name":"wp","href":"https:\/\/api.w.org\/{rel}","templated":true}]}}