{"id":505750,"date":"2025-10-17T12:08:11","date_gmt":"2025-10-17T12:08:11","guid":{"rendered":"https:\/\/www.europesays.com\/de\/505750\/"},"modified":"2025-10-17T12:08:11","modified_gmt":"2025-10-17T12:08:11","slug":"verbraucherzentrale-erweitert-beratungsangebot-fuer-buerger","status":"publish","type":"post","link":"https:\/\/www.europesays.com\/de\/505750\/","title":{"rendered":"Verbraucherzentrale erweitert Beratungsangebot f\u00fcr B\u00fcrger"},"content":{"rendered":"<p class=\"text_ohne_einzug richtext text-em-55 !leading-serif mx-6 desktop:mx-0\"> Seit rund 60 Jahren arbeitet die Stadt mit der Verbraucherzentrale NRW zusammen. Unter anderem im Netzwerk der st\u00e4dtischen Serviceagentur Altbausanierung (SAGA), bei der auch die Verbrauchersch\u00fctzer bei Fragen rund um die energetische Sanierung helfen. Diese Kooperation wurde nun verl\u00e4ngert. So unterzeichneten Oberb\u00fcrgermeister <a href=\"https:\/\/rp-online.de\/thema\/stephan-keller\/\" target=\"_blank\" rel=\"noopener\">Stephan Keller<\/a> (CDU) und Wolfgang Schuldzinski, Vorstand der Verbraucherzentrale NRW, neue Vertr\u00e4ge, die die Zusammenarbeit mindestens bis 2030 festlegen.<\/p>\n","protected":false},"excerpt":{"rendered":"Seit rund 60 Jahren arbeitet die Stadt mit der Verbraucherzentrale NRW zusammen. Unter anderem im Netzwerk der st\u00e4dtischen&hellip;\n","protected":false},"author":2,"featured_media":505751,"comment_status":"","ping_status":"","sticky":false,"template":"","format":"standard","meta":{"footnotes":""},"categories":[1831],"tags":[5114,15252,28488,17172,3364,29,26671,3405,40075,1149,30,11387,1209,126255,126254,1085,15336,7315,10958,2421],"class_list":{"0":"post-505750","1":"post","2":"type-post","3":"status-publish","4":"format-standard","5":"has-post-thumbnail","7":"category-duesseldorf","8":"tag-angebot","9":"tag-beratung","10":"tag-beratungsangebot","11":"tag-beratungsstelle","12":"tag-de","13":"tag-deutschland","14":"tag-digitale","15":"tag-duesseldorf","16":"tag-duesseldorferinnen","17":"tag-energie","18":"tag-germany","19":"tag-heizen","20":"tag-nordrhein-westfalen","21":"tag-servicezeiten","22":"tag-telefonischen","23":"tag-verbraucherschutz","24":"tag-verbraucherschuetzer","25":"tag-verbraucherzentrale","26":"tag-zentrale","27":"tag-zusammenarbeit"},"share_on_mastodon":{"url":"https:\/\/pubeurope.com\/@de\/115389432067560148","error":""},"_links":{"self":[{"href":"https:\/\/www.europesays.com\/de\/wp-json\/wp\/v2\/posts\/505750","targetHints":{"allow":["GET"]}}],"collection":[{"href":"https:\/\/www.europesays.com\/de\/wp-json\/wp\/v2\/posts"}],"about":[{"href":"https:\/\/www.europesays.com\/de\/wp-json\/wp\/v2\/types\/post"}],"author":[{"embeddable":true,"href":"https:\/\/www.europesays.com\/de\/wp-json\/wp\/v2\/users\/2"}],"replies":[{"embeddable":true,"href":"https:\/\/www.europesays.com\/de\/wp-json\/wp\/v2\/comments?post=505750"}],"version-history":[{"count":0,"href":"https:\/\/www.europesays.com\/de\/wp-json\/wp\/v2\/posts\/505750\/revisions"}],"wp:featuredmedia":[{"embeddable":true,"href":"https:\/\/www.europesays.com\/de\/wp-json\/wp\/v2\/media\/505751"}],"wp:attachment":[{"href":"https:\/\/www.europesays.com\/de\/wp-json\/wp\/v2\/media?parent=505750"}],"wp:term":[{"taxonomy":"category","embeddable":true,"href":"https:\/\/www.europesays.com\/de\/wp-json\/wp\/v2\/categories?post=505750"},{"taxonomy":"post_tag","embeddable":true,"href":"https:\/\/www.europesays.com\/de\/wp-json\/wp\/v2\/tags?post=505750"}],"curies":[{"name":"wp","href":"https:\/\/api.w.org\/{rel}","templated":true}]}}