{"id":505763,"date":"2025-10-17T12:16:12","date_gmt":"2025-10-17T12:16:12","guid":{"rendered":"https:\/\/www.europesays.com\/de\/505763\/"},"modified":"2025-10-17T12:16:12","modified_gmt":"2025-10-17T12:16:12","slug":"muenchen-student-wird-in-uni-gebaeude-eingesperrt-und-stuerzt-aus-fenster-muenchen","status":"publish","type":"post","link":"https:\/\/www.europesays.com\/de\/505763\/","title":{"rendered":"M\u00fcnchen: Student wird in Uni-Geb\u00e4ude eingesperrt und st\u00fcrzt aus Fenster &#8211; M\u00fcnchen"},"content":{"rendered":"<p data-manual=\"paragraph\" data-schema-org-speakable=\"true\" class=\"css-1eosz7k\">Die Besch\u00e4ftigung mit der Vorgeschichte kann sehr spannend sein\u00a0\u2013 aber auch sehr erm\u00fcdend. Diese Erfahrung musste am Donnerstagabend ein 22-j\u00e4hriger Student auf sehr schmerzhafte Weise machen. Der junge Mann hatte im Geb\u00e4ude der Pal\u00e4ontologischen Staatssammlung an der Richard-Wagner-Stra\u00dfe an einem Online-Meeting teilgenommen und war dar\u00fcber eingeschlafen. Als er gegen 21 Uhr wieder aufwachte, stellte er fest, dass alle T\u00fcren verschlossen waren.<\/p>\n<p data-manual=\"paragraph\" data-schema-org-speakable=\"true\" class=\"css-1eosz7k\">Anstatt Feuerwehr oder Polizei anzurufen, fasste er den folgenschweren Entschluss, sich selbst zu befreien. Dazu wollte er aus einem Fenster im zweiten Stock aussteigen und an der Fassade nach unten klettern. Das gelang nicht, er st\u00fcrzte aus einer H\u00f6he von etwa sechs Metern auf den Boden. Dabei brach er sich beide Beine. Nun besann er sich auf sein Handy \u2013 er rief den Notruf an und schilderte seine Lage. Der Rettungsdienst brachte den verhinderten Freikletterer in ein Krankenhaus.<\/p>\n","protected":false},"excerpt":{"rendered":"Die Besch\u00e4ftigung mit der Vorgeschichte kann sehr spannend sein\u00a0\u2013 aber auch sehr erm\u00fcdend. Diese Erfahrung musste am Donnerstagabend&hellip;\n","protected":false},"author":2,"featured_media":505764,"comment_status":"","ping_status":"","sticky":false,"template":"","format":"standard","meta":{"footnotes":""},"categories":[1827],"tags":[772,16673,29,30,84306,25388,1268,3093,149],"class_list":{"0":"post-505763","1":"post","2":"type-post","3":"status-publish","4":"format-standard","5":"has-post-thumbnail","7":"category-muenchen","8":"tag-bayern","9":"tag-bildung-in-muenchen","10":"tag-deutschland","11":"tag-germany","12":"tag-hochschulen-in-muenchen","13":"tag-lmu-muenchen","14":"tag-muenchen","15":"tag-polizei-und-feuerwehr-in-muenchen","16":"tag-sueddeutsche-zeitung"},"share_on_mastodon":{"url":"https:\/\/pubeurope.com\/@de\/115389463584785286","error":""},"_links":{"self":[{"href":"https:\/\/www.europesays.com\/de\/wp-json\/wp\/v2\/posts\/505763","targetHints":{"allow":["GET"]}}],"collection":[{"href":"https:\/\/www.europesays.com\/de\/wp-json\/wp\/v2\/posts"}],"about":[{"href":"https:\/\/www.europesays.com\/de\/wp-json\/wp\/v2\/types\/post"}],"author":[{"embeddable":true,"href":"https:\/\/www.europesays.com\/de\/wp-json\/wp\/v2\/users\/2"}],"replies":[{"embeddable":true,"href":"https:\/\/www.europesays.com\/de\/wp-json\/wp\/v2\/comments?post=505763"}],"version-history":[{"count":0,"href":"https:\/\/www.europesays.com\/de\/wp-json\/wp\/v2\/posts\/505763\/revisions"}],"wp:featuredmedia":[{"embeddable":true,"href":"https:\/\/www.europesays.com\/de\/wp-json\/wp\/v2\/media\/505764"}],"wp:attachment":[{"href":"https:\/\/www.europesays.com\/de\/wp-json\/wp\/v2\/media?parent=505763"}],"wp:term":[{"taxonomy":"category","embeddable":true,"href":"https:\/\/www.europesays.com\/de\/wp-json\/wp\/v2\/categories?post=505763"},{"taxonomy":"post_tag","embeddable":true,"href":"https:\/\/www.europesays.com\/de\/wp-json\/wp\/v2\/tags?post=505763"}],"curies":[{"name":"wp","href":"https:\/\/api.w.org\/{rel}","templated":true}]}}