{"id":505767,"date":"2025-10-17T12:18:17","date_gmt":"2025-10-17T12:18:17","guid":{"rendered":"https:\/\/www.europesays.com\/de\/505767\/"},"modified":"2025-10-17T12:18:17","modified_gmt":"2025-10-17T12:18:17","slug":"nach-messerattacke-in-billstedt-33-jaehriger-vor-gericht","status":"publish","type":"post","link":"https:\/\/www.europesays.com\/de\/505767\/","title":{"rendered":"Nach Messerattacke in Billstedt: 33-J\u00e4hriger vor Gericht"},"content":{"rendered":"<p>        <img decoding=\"async\" src=\"https:\/\/www.europesays.com\/de\/wp-content\/uploads\/2025\/10\/messerangriff430.webp\" alt=\"Ein Rollstuhl steht an einer Bushaltestelle.\" title=\"Ein Rollstuhl steht an einer Bushaltestelle. | News5\" class=\"responsive\"\/><\/p>\n<p>AUDIO: Messerattacke in Billstedt: Prozess startet (1 Min)<\/p>\n<p>\n            Stand: 17.10.2025 14:09 Uhr<\/p>\n<p class=\"preface\">Er soll im April in einem Linienbus Fahrg\u00e4ste und die Fahrerin mit einem Messer angegriffen haben: Ein 33-J\u00e4hriger muss sich seit Freitag vor dem Hamburger Landgericht verantworten. <\/p>\n<p class=\"\">Der Mann soll Fahrg\u00e4ste angehustet und sich zun\u00e4chst geweigert haben, den Bus der Linie 23 auf dem Weg in Richtung Billstedt zu verlassen. Es kam zu einem Handgemenge. An der Haltestelle Schiffbeker H\u00f6he soll der Angeklagte schlie\u00dflich einen 60-J\u00e4hrigen sowie eine Rollstuhlfahrerin mit einem 15 Zentimeter langen Messer verletzt haben.<\/p>\n<p>    &#8222;Du bist tot&#8220;<\/p>\n<p class=\"\">Dann soll er versucht haben, in die Kabine der Busfahrerin einzudringen. Er drohte ihr offenbar mit den Worten: &#8222;Du bist tot.&#8220;<\/p>\n<p class=\"\">Der Fall hatte im Fr\u00fchjahr f\u00fcr Schlagzeilen gesorgt. Der Mann war der Polizei vor der Tat bereits bekannt. Er hat ein langes Strafregister, ist unter anderem wegen Bedrohung, Urkundenf\u00e4lschung und mehrere Male wegen Fahrens ohne F\u00fchrerschein verurteilt. Au\u00dferdem soll er f\u00fcr einen brutalen Raub\u00fcberfall auf eine Seniorin und eine Reihe von Vandalismus-F\u00e4llen verantwortlich sein. Die Besch\u00e4digung von rund 245 Autos soll zudem auf sein Konto gehen.<\/p>\n<p>    Zeitweise als Intensivt\u00e4ter gef\u00fchrt<\/p>\n<p class=\"\">Der Syrer kam 2015 nach Deutschland, wurde zeitweise als Intensivt\u00e4ter gef\u00fchrt, hat allerdings einen Schutzstatus.<\/p>\n<p class=\"\">Der Prozess wird am 28. Oktober fortgesetzt.<\/p>\n<p>Dieses Thema im Programm:<\/p>\n<p>                NDR Fernsehen | NDR 90,3 Aktuell | 17.10.2025 | 14:00 Uhr<\/p>\n","protected":false},"excerpt":{"rendered":"AUDIO: Messerattacke in Billstedt: Prozess startet (1 Min) Stand: 17.10.2025 14:09 Uhr Er soll im April in einem&hellip;\n","protected":false},"author":2,"featured_media":505768,"comment_status":"","ping_status":"","sticky":false,"template":"","format":"standard","meta":{"footnotes":""},"categories":[1826],"tags":[4187,16036,29,30,692,1981,2841,16035,4996],"class_list":{"0":"post-505767","1":"post","2":"type-post","3":"status-publish","4":"format-standard","5":"has-post-thumbnail","7":"category-hamburg","8":"tag-billstedt","9":"tag-bushaltestelle","10":"tag-deutschland","11":"tag-germany","12":"tag-hamburg","13":"tag-messer","14":"tag-messerangriff","15":"tag-rollstuhlfahrerin","16":"tag-zeugen"},"share_on_mastodon":{"url":"https:\/\/pubeurope.com\/@de\/115389471401942601","error":""},"_links":{"self":[{"href":"https:\/\/www.europesays.com\/de\/wp-json\/wp\/v2\/posts\/505767","targetHints":{"allow":["GET"]}}],"collection":[{"href":"https:\/\/www.europesays.com\/de\/wp-json\/wp\/v2\/posts"}],"about":[{"href":"https:\/\/www.europesays.com\/de\/wp-json\/wp\/v2\/types\/post"}],"author":[{"embeddable":true,"href":"https:\/\/www.europesays.com\/de\/wp-json\/wp\/v2\/users\/2"}],"replies":[{"embeddable":true,"href":"https:\/\/www.europesays.com\/de\/wp-json\/wp\/v2\/comments?post=505767"}],"version-history":[{"count":0,"href":"https:\/\/www.europesays.com\/de\/wp-json\/wp\/v2\/posts\/505767\/revisions"}],"wp:featuredmedia":[{"embeddable":true,"href":"https:\/\/www.europesays.com\/de\/wp-json\/wp\/v2\/media\/505768"}],"wp:attachment":[{"href":"https:\/\/www.europesays.com\/de\/wp-json\/wp\/v2\/media?parent=505767"}],"wp:term":[{"taxonomy":"category","embeddable":true,"href":"https:\/\/www.europesays.com\/de\/wp-json\/wp\/v2\/categories?post=505767"},{"taxonomy":"post_tag","embeddable":true,"href":"https:\/\/www.europesays.com\/de\/wp-json\/wp\/v2\/tags?post=505767"}],"curies":[{"name":"wp","href":"https:\/\/api.w.org\/{rel}","templated":true}]}}