{"id":505769,"date":"2025-10-17T12:19:14","date_gmt":"2025-10-17T12:19:14","guid":{"rendered":"https:\/\/www.europesays.com\/de\/505769\/"},"modified":"2025-10-17T12:19:14","modified_gmt":"2025-10-17T12:19:14","slug":"berlin-brandenburg-afd-gegen-verfassungsschutz-gericht-verhandelt-im-januar","status":"publish","type":"post","link":"https:\/\/www.europesays.com\/de\/505769\/","title":{"rendered":"Berlin &#038; Brandenburg: AfD gegen Verfassungsschutz: Gericht verhandelt im Januar"},"content":{"rendered":"<p>                    Berlin &amp; Brandenburg<br \/>\n                AfD gegen Verfassungsschutz: Gericht verhandelt im Januar<\/p>\n<p>\t\t\t\t              17.10.2025, 13:58 Uhr<\/p>\n<p><strong>Anfang 2026 verhandelt das Verwaltungsgericht Potsdam \u00fcber Klagen der AfD gegen den Verfassungsschutz. Es geht zun\u00e4chst um die Frage, ob die Einstufung als rechtsextremer Verdachtsfall Bestand hat.<\/strong><\/p>\n<p>Potsdam (dpa\/bb) &#8211; Das Verwaltungsgericht Potsdam wird Anfang 2026 \u00fcber die Klage der brandenburgischen AfD gegen den Verfassungsschutz des Landes wegen der vor f\u00fcnf Jahren erfolgten Einstufung als rechtsextremistischer Verdachtsfall verhandeln. Die m\u00fcndliche Verhandlung sei f\u00fcr den 14. und 15. Januar angesetzt, teilte die Beh\u00f6rde mit.<\/p>\n<p>Termin f\u00fcr zweite Klage offen<\/p>\n<p>\u00dcber die Klage gegen die in diesem Jahr erfolgte Hochstufung der AfD als gesichert rechtsextremistische Bestrebung wird zu einem sp\u00e4teren Zeitpunkt entschieden. Einen Termin daf\u00fcr gibt es noch nicht.<\/p>\n<p>Wie das Verwaltungsgericht mitteilte, geht es bei der Verhandlung im Januar einerseits um eine Klage der AfD gegen ihre Erw\u00e4hnung in den Verfassungsschutzberichten 2019 und 2020 und dazugeh\u00f6rigen Pressemitteilungen. Ein zweites Klageverfahren richtet sich gegen die Einstufung der AfD als Beobachtungs- und Verdachtsfall und eine Pressemitteilung dazu von 2020 (Az.: VG 9 K 188\/21 und VG 9 K 1907\/21). Die AfD kritisierte die Einstufung unter anderem als politische Instrumentalisierung des Nachrichtendienstes.<\/p>\n<p>Unterschiedliche Einstufungskategorien<\/p>\n<p>Der Verfassungsschutz in Brandenburg beobachtet den Landesverband der AfD. Dabei gibt es unterschiedliche Kategorien der Einstufung. Zur Bewertung der AfD als gesichert rechtsextremistisch sagte Verfassungsschutzchef Wilfried Peters in diesem Sommer: &#8222;Die AfD Brandenburg ist in hohem Ma\u00dfe fremdenfeindlich und zum Teil rassistisch. Die Partei vertritt einen ethnokulturellen Volksbegriff, der Menschen ausschlie\u00dft und diskriminiert.&#8220;<\/p>\n","protected":false},"excerpt":{"rendered":"Berlin &amp; Brandenburg AfD gegen Verfassungsschutz: Gericht verhandelt im Januar 17.10.2025, 13:58 Uhr Anfang 2026 verhandelt das Verwaltungsgericht&hellip;\n","protected":false},"author":2,"featured_media":505770,"comment_status":"","ping_status":"","sticky":false,"template":"","format":"standard","meta":{"footnotes":""},"categories":[1816],"tags":[186,1960,1958,1959,1957,296,1956,1890,29,2690,30,112440,419],"class_list":{"0":"post-505769","1":"post","2":"type-post","3":"status-publish","4":"format-standard","5":"has-post-thumbnail","7":"category-brandenburg","8":"tag-afd","9":"tag-aktuelle-nachrichten-aus-berlin-und-brandenburg","10":"tag-aktuelle-nachrichten-aus-brandenburg","11":"tag-aktuelle-news-aus-berlin-und-brandenburg","12":"tag-aktuelle-news-aus-brandenburg","13":"tag-berlin","14":"tag-berlin-und-brandenburg","15":"tag-brandenburg","16":"tag-deutschland","17":"tag-gericht","18":"tag-germany","19":"tag-januar","20":"tag-verfassungsschutz"},"share_on_mastodon":{"url":"https:\/\/pubeurope.com\/@de\/115389475441689800","error":""},"_links":{"self":[{"href":"https:\/\/www.europesays.com\/de\/wp-json\/wp\/v2\/posts\/505769","targetHints":{"allow":["GET"]}}],"collection":[{"href":"https:\/\/www.europesays.com\/de\/wp-json\/wp\/v2\/posts"}],"about":[{"href":"https:\/\/www.europesays.com\/de\/wp-json\/wp\/v2\/types\/post"}],"author":[{"embeddable":true,"href":"https:\/\/www.europesays.com\/de\/wp-json\/wp\/v2\/users\/2"}],"replies":[{"embeddable":true,"href":"https:\/\/www.europesays.com\/de\/wp-json\/wp\/v2\/comments?post=505769"}],"version-history":[{"count":0,"href":"https:\/\/www.europesays.com\/de\/wp-json\/wp\/v2\/posts\/505769\/revisions"}],"wp:featuredmedia":[{"embeddable":true,"href":"https:\/\/www.europesays.com\/de\/wp-json\/wp\/v2\/media\/505770"}],"wp:attachment":[{"href":"https:\/\/www.europesays.com\/de\/wp-json\/wp\/v2\/media?parent=505769"}],"wp:term":[{"taxonomy":"category","embeddable":true,"href":"https:\/\/www.europesays.com\/de\/wp-json\/wp\/v2\/categories?post=505769"},{"taxonomy":"post_tag","embeddable":true,"href":"https:\/\/www.europesays.com\/de\/wp-json\/wp\/v2\/tags?post=505769"}],"curies":[{"name":"wp","href":"https:\/\/api.w.org\/{rel}","templated":true}]}}