{"id":50578,"date":"2025-04-21T22:23:10","date_gmt":"2025-04-21T22:23:10","guid":{"rendered":"https:\/\/www.europesays.com\/de\/50578\/"},"modified":"2025-04-21T22:23:10","modified_gmt":"2025-04-21T22:23:10","slug":"wotan-wilke-moehring-und-die-frauen","status":"publish","type":"post","link":"https:\/\/www.europesays.com\/de\/50578\/","title":{"rendered":"Wotan Wilke M\u00f6hring und die Frauen"},"content":{"rendered":"<p>Seine Freundin ist 31 Jahre j\u00fcnger <\/p>\n<p>Wotan Wilke M\u00f6hring und die Frauen<\/p>\n<p>21.04.2025 &#8211; 19:53 UhrLesedauer: 2 Min.<\/p>\n<p><a href=\"#focus-0\" class=\"transition-colors duration-200 focus-within:text-magenta block text-current relative\" data-sctrack=\"FocusGalleryImage.Reference\"><img fetchpriority=\"high\" data-testid=\"Opener.Image\" style=\"--lqipURL:url('https:\/\/images.t-online.de\/2025\/03\/NpVoK4HhbT2b\/1023x119:2339x1316\/fit-in\/150x0\/filters:blur(25)\/wotan-wilke-moehring-der-schauspieler-mimt-im-tatort-den-kommissar.jpg')\"   loading=\"eager\" src=\"https:\/\/www.europesays.com\/de\/wp-content\/uploads\/2025\/04\/wotan-wilke-moehring-der-schauspieler-mimt-im-tatort-den-kommissar.jpg\" alt=\"Wotan Wilke M\u00f6hring: Der Schauspieler mimt im &quot;Tatort&quot; den Kommissar.\" title=\"Wotan Wilke M\u00f6hring: Der Schauspieler mimt im &quot;Tatort&quot; den Kommissar.\" width=\"2339\" height=\"1316\" class=\"bg-[url:var(--lqipURL)] bg-cover bg-center flex w-full max-w-full h-full\" decoding=\"async\"\/><img style=\"--width:32;--height:32\" loading=\"lazy\" src=\"https:\/\/www.europesays.com\/de\/wp-content\/uploads\/2025\/03\/zoom-in.f7dae02f.svg.svg+xml\" alt=\"Vergr\u00f6\u00dfern des Bildes\" title=\"Vergr\u00f6\u00dfern des Bildes\" class=\"&#10;        block&#10;        h-[calc(var(--height)_\/_16_*_1rem)]&#10;        w-[calc(var(--width)_\/_16_*_1rem)]&#10;        max-w-none&#10;        absolute bottom-8 right-8 rounded-4 bg-snow p-8\" decoding=\"async\"\/><\/a><\/p>\n<p>Wotan Wilke M\u00f6hring: Der Schauspieler mimt im &#8222;Tatort&#8220; den Kommissar. (Quelle: IMAGO\/Clemens Niehaus)<\/p>\n<p class=\"font-bold text-18 leading-17\">Im &#8222;Tatort&#8220; spielt Wotan Wilke M\u00f6hring seit 2013 die Rolle von Hauptkommissar Thorsten Falke. In Sachen Frauen ist der 57-J\u00e4hrige weniger best\u00e4ndig.<\/p>\n<p class=\"text-18 leading-17\">Zehn Jahre lang war Wotan Wilke M\u00f6hring mit der Kamerafrau Anna Theis liiert. Die beiden haben drei gemeinsame Kinder: zwei T\u00f6chter, die 2009 und 2013 zur Welt kamen, und einen Sohn, der 2011 geboren wurde. Anfang 2014 trennten sich die beiden.<\/p>\n<p class=\"text-18 leading-17\">In einem Interview mit der &#8222;Bild&#8220;-Zeitung sagte der Schauspieler damals: &#8222;Nichts verbindet zwei Menschen mehr miteinander als gemeinsame Kinder. Wir sind und bleiben eine Familie. Und ich werde auch in Zukunft jede freie Minute bei den Kleinen sein.&#8220; Verheiratet war das Paar nicht. F\u00fcr ihn habe es sich nie richtig angef\u00fchlt zu heiraten, sagte M\u00f6hring in einem Interview mit &#8222;Bunte&#8220;. Die Kinder seien f\u00fcr ihn die st\u00e4rkste Verbindung, die es geben k\u00f6nne. &#8222;So eine Verbindung durch einen b\u00fcrokratischen Akt des Staates zu verbriefen, empfinde ich als das Unromantischste \u00fcberhaupt&#8220;, so der &#8222;Tatort&#8220;-Star.<\/p>\n<p class=\"text-18 leading-17\">Nach der Trennung von der Mutter seiner Kinder war M\u00f6hring knapp f\u00fcnf Jahre mit der Regieassistentin Cosima Lohse zusammen. Mit keiner anderen Frau zeigte sich der Fernsehstar h\u00e4ufiger auf \u00f6ffentlichen Veranstaltungen als mit ihr. Ob auf dem roten Teppich oder anderen medienwirksamen Events, rein optisch waren die beiden ein sehr harmonisches Paar. Doch auch diese Beziehung war nicht f\u00fcr die Ewigkeit. Im M\u00e4rz 2020 trennten sich die beiden.<\/p>\n<p class=\"text-18 leading-17\">Sie soll nicht die einzige Regieassistentin an der Seite des TV-Kommissars geblieben sein. Ger\u00fcchten zufolge, soll er sich vor gut zwei Jahren am Filmset in eine damals 24-j\u00e4hrige Regieassistentin verliebt haben. Im Januar 2023 wurde er von Moderatorin <a class=\"transition-colors duration-200 cursor-pointer text-inherit no-underline text-salemsfur md:hover:text-magenta md:hover:border-magenta md:focus:text-magenta border-current border-b border-solid break-words\" href=\"https:\/\/www.t-online.de\/themen\/annika-lau\/\" data-sctrack=\"BodyAnchor\" target=\"_blank\" rel=\"noopener\">Annika Lau<\/a> im Gala-TV-Interview darauf angesprochen. Seine Antwort: &#8222;Also, ich glaube, man trifft den Partner da, wo man am meisten Zeit verbringt.&#8220;<\/p>\n<p class=\"text-18 leading-17\">Angesprochen auf den Altersunterschied von 30 Jahren sagte M\u00f6hring: &#8222;Ich bin halt einfach fitter. Ist so.&#8220; Ihm selbst falle das deswegen gar nicht so auf. &#8222;Das sind auch Fragen, wie: Passt ihr von der Gr\u00f6\u00dfe, passt ihr von der Haarfarbe? Das w\u00e4ren alles so technische Details, die haben ja nichts mit Liebe zu tun oder mit Zuneigung oder so. Ist mir nie in den Sinn gekommen.&#8220; Gezeigt hat er sich mit seiner Freundin, die wie die Mutter seiner Kinder Anna hei\u00dfen soll, allerdings bis heute nicht. Ob die beiden noch zusammen sind, ist nicht klar.<\/p>\n<p class=\"text-18 leading-17\">Am 21. April ist Wotan Wilke M\u00f6hring wieder als Thorsten Falke im &#8222;Tatort&#8220; zu sehen. Der Film &#8222;Im Wahn&#8220; besch\u00e4ftigt sich mit einem Messerstecher in <a class=\"transition-colors duration-200 cursor-pointer text-inherit no-underline text-salemsfur md:hover:text-magenta md:hover:border-magenta md:focus:text-magenta border-current border-b border-solid break-words\" href=\"https:\/\/www.t-online.de\/region\/hannover\/\" data-sctrack=\"BodyAnchor\" target=\"_blank\" rel=\"noopener\">Hannover<\/a>. Die Ermittler tappen zun\u00e4chst im Dunkeln. Es gibt keine Spur, au\u00dferdem besteht die Gefahr, dass er erneut zuschl\u00e4gt.<\/p>\n","protected":false},"excerpt":{"rendered":"Seine Freundin ist 31 Jahre j\u00fcnger Wotan Wilke M\u00f6hring und die Frauen 21.04.2025 &#8211; 19:53 UhrLesedauer: 2 Min.&hellip;\n","protected":false},"author":2,"featured_media":50579,"comment_status":"","ping_status":"","sticky":false,"template":"","format":"standard","meta":{"footnotes":""},"categories":[155],"tags":[657,24286,9492,24285,29,214,30,218,24287,215,24284],"class_list":{"0":"post-50578","1":"post","2":"type-post","3":"status-publish","4":"format-standard","5":"has-post-thumbnail","7":"category-unterhaltung","8":"tag-657","9":"tag-anna-theis","10":"tag-bild-zeitung","11":"tag-cosima-lohse","12":"tag-deutschland","13":"tag-entertainment","14":"tag-germany","15":"tag-tatort","16":"tag-thorsten-falke","17":"tag-unterhaltung","18":"tag-wotan-wilke-moehring"},"share_on_mastodon":{"url":"","error":""},"_links":{"self":[{"href":"https:\/\/www.europesays.com\/de\/wp-json\/wp\/v2\/posts\/50578","targetHints":{"allow":["GET"]}}],"collection":[{"href":"https:\/\/www.europesays.com\/de\/wp-json\/wp\/v2\/posts"}],"about":[{"href":"https:\/\/www.europesays.com\/de\/wp-json\/wp\/v2\/types\/post"}],"author":[{"embeddable":true,"href":"https:\/\/www.europesays.com\/de\/wp-json\/wp\/v2\/users\/2"}],"replies":[{"embeddable":true,"href":"https:\/\/www.europesays.com\/de\/wp-json\/wp\/v2\/comments?post=50578"}],"version-history":[{"count":0,"href":"https:\/\/www.europesays.com\/de\/wp-json\/wp\/v2\/posts\/50578\/revisions"}],"wp:featuredmedia":[{"embeddable":true,"href":"https:\/\/www.europesays.com\/de\/wp-json\/wp\/v2\/media\/50579"}],"wp:attachment":[{"href":"https:\/\/www.europesays.com\/de\/wp-json\/wp\/v2\/media?parent=50578"}],"wp:term":[{"taxonomy":"category","embeddable":true,"href":"https:\/\/www.europesays.com\/de\/wp-json\/wp\/v2\/categories?post=50578"},{"taxonomy":"post_tag","embeddable":true,"href":"https:\/\/www.europesays.com\/de\/wp-json\/wp\/v2\/tags?post=50578"}],"curies":[{"name":"wp","href":"https:\/\/api.w.org\/{rel}","templated":true}]}}