{"id":505780,"date":"2025-10-17T12:25:15","date_gmt":"2025-10-17T12:25:15","guid":{"rendered":"https:\/\/www.europesays.com\/de\/505780\/"},"modified":"2025-10-17T12:25:15","modified_gmt":"2025-10-17T12:25:15","slug":"sinneswandel-nach-kontroverse-snoop-dogg-mutiert-ueberraschend-zum-lgbtq-unterstuetzer","status":"publish","type":"post","link":"https:\/\/www.europesays.com\/de\/505780\/","title":{"rendered":"Sinneswandel nach Kontroverse: Snoop Dogg mutiert \u00fcberraschend zum LGBTQ-Unterst\u00fctzer"},"content":{"rendered":"<p>                    Sinneswandel nach Kontroverse<br \/>\n                Snoop Dogg mutiert \u00fcberraschend zum LGBTQ-Unterst\u00fctzer <\/p>\n<p>\t\t\t\t              17.10.2025, 12:31 Uhr<\/p>\n<p>\t\t\t\t\t       Artikel anh\u00f6ren<\/p>\n<p>\t\t\t\t\t\t\tDiese Audioversion wurde k\u00fcnstlich generiert. <a href=\"https:\/\/www.n-tv.de\/23249898\" target=\"_blank\" rel=\"noopener\">Mehr Infos<\/a><\/p>\n<p><strong>K\u00fcrzlich erst sorgt Snoop Dogg f\u00fcr Schlagzeilen, weil er sich \u00f6ffentlich \u00fcber ein gleichgeschlechtliches Paar in einem Kinderfilm aufregt. Nun sorgt der Rapper nach seinen homophoben Aussagen als Unterst\u00fctzer der LGBTQ+-Community f\u00fcr eine \u00dcberraschung.<\/strong><\/p>\n<p>Es ist ein bemerkenswerter Sinneswandel: Snoop Dogg, der noch k\u00fcrzlich \u00f6ffentlich die Darstellung eines gleichgeschlechtlichen Paares im Disney-Film &#8222;Lightyear&#8220; kritisiert hatte, macht jetzt gemeinsame Sache mit LGBTQ-Organisationen. Der Rapper hat sich mit GLAAD (Gay and Lesbian Alliance Against Defamation) zusammengetan, um am 16. Oktober den Spirit Day zu unterst\u00fctzen &#8211; eine j\u00e4hrliche Initiative, bei der Tausende Prominente, Medien und Unternehmen die Farbe Lila tragen und ihre Solidarit\u00e4t mit queeren Jugendlichen zeigen. <\/p>\n<p>Daf\u00fcr hat Snoop Dogg gemeinsam mit dem ehemaligen &#8222;The Voice&#8220;-Kandidaten Jeremy Beloate, der in der Castingshow Teil seines Teams war, den Song &#8222;Love is Love&#8220; aufgenommen. Dieser wird in Snoop Doggs eigener Animations-Kinderserie &#8222;Doggyland&#8220;, die auf Youtube zu sehen ist, zu h\u00f6ren sein. Beloate leiht einem Welpen namens Zippy seine Stimme, der neu zur &#8222;Doggyland&#8220;-Familie st\u00f6\u00dft und \u00fcber Liebe singt.<\/p>\n<p>Pl\u00f6tzlich ist &#8222;Liebe der Schl\u00fcssel&#8220;<\/p>\n<p>Im Song gehe es &#8222;um Elternschaft, um Situationen, die Kinder auf der ganzen Welt gerade durchmachen. Wir versuchen einfach, mehr Klarheit dar\u00fcber zu schaffen, wie wir leben&#8220;, erkl\u00e4rte Snoop in einem Gespr\u00e4ch mit Beloate, das GLAAD auf seiner Instagram-Seite gepostet hat. Sein ehemaliges &#8222;The Voice&#8220;-Teammitglied betonte, wie wichtig es sei, dass heutzutage alle Menschen in den Medien vertreten sind &#8211; unabh\u00e4ngig von ihrem Geschlecht oder ihrer Sexualit\u00e4t. Beloate bedankte sich in dem Gespr\u00e4ch bei seinem Mentor ausdr\u00fccklich f\u00fcr &#8222;Love Is Love&#8220;.<\/p>\n<p>Snoop Dogg erkl\u00e4rte, dass Musik in seinen Augen eine &#8222;wunderbare Br\u00fccke, um Verst\u00e4ndnis zu schaffen&#8220; sei. Nach der Kontroverse wegen seiner Kritik an dem queeren Paar im &#8222;Lightyear&#8220;-Film \u00fcberraschte der 53-J\u00e4hrige dann mit einem kompletten Sinneswandel: &#8222;Es ist eine sch\u00f6ne Sache, dass Kinder Eltern aus allen Lebensbereichen haben k\u00f6nnen, ob es nun zwei V\u00e4ter, zwei M\u00fctter oder was auch immer ist &#8211; Liebe ist der Schl\u00fcssel.&#8220;<\/p>\n","protected":false},"excerpt":{"rendered":"Sinneswandel nach Kontroverse Snoop Dogg mutiert \u00fcberraschend zum LGBTQ-Unterst\u00fctzer 17.10.2025, 12:31 Uhr Artikel anh\u00f6ren Diese Audioversion wurde k\u00fcnstlich&hellip;\n","protected":false},"author":2,"featured_media":505781,"comment_status":"","ping_status":"","sticky":false,"template":"","format":"standard","meta":{"footnotes":""},"categories":[1776],"tags":[1801,29,214,30,15408,29888,810,1802,2138,215],"class_list":{"0":"post-505780","1":"post","2":"type-post","3":"status-publish","4":"format-standard","5":"has-post-thumbnail","7":"category-prominente","8":"tag-celebrities","9":"tag-deutschland","10":"tag-entertainment","11":"tag-germany","12":"tag-hip-hop","13":"tag-lgbtiq","14":"tag-musik","15":"tag-prominente","16":"tag-rap","17":"tag-unterhaltung"},"share_on_mastodon":{"url":"https:\/\/pubeurope.com\/@de\/115389498907690451","error":""},"_links":{"self":[{"href":"https:\/\/www.europesays.com\/de\/wp-json\/wp\/v2\/posts\/505780","targetHints":{"allow":["GET"]}}],"collection":[{"href":"https:\/\/www.europesays.com\/de\/wp-json\/wp\/v2\/posts"}],"about":[{"href":"https:\/\/www.europesays.com\/de\/wp-json\/wp\/v2\/types\/post"}],"author":[{"embeddable":true,"href":"https:\/\/www.europesays.com\/de\/wp-json\/wp\/v2\/users\/2"}],"replies":[{"embeddable":true,"href":"https:\/\/www.europesays.com\/de\/wp-json\/wp\/v2\/comments?post=505780"}],"version-history":[{"count":0,"href":"https:\/\/www.europesays.com\/de\/wp-json\/wp\/v2\/posts\/505780\/revisions"}],"wp:featuredmedia":[{"embeddable":true,"href":"https:\/\/www.europesays.com\/de\/wp-json\/wp\/v2\/media\/505781"}],"wp:attachment":[{"href":"https:\/\/www.europesays.com\/de\/wp-json\/wp\/v2\/media?parent=505780"}],"wp:term":[{"taxonomy":"category","embeddable":true,"href":"https:\/\/www.europesays.com\/de\/wp-json\/wp\/v2\/categories?post=505780"},{"taxonomy":"post_tag","embeddable":true,"href":"https:\/\/www.europesays.com\/de\/wp-json\/wp\/v2\/tags?post=505780"}],"curies":[{"name":"wp","href":"https:\/\/api.w.org\/{rel}","templated":true}]}}