{"id":505794,"date":"2025-10-17T12:32:12","date_gmt":"2025-10-17T12:32:12","guid":{"rendered":"https:\/\/www.europesays.com\/de\/505794\/"},"modified":"2025-10-17T12:32:12","modified_gmt":"2025-10-17T12:32:12","slug":"europa-league-england-klub-aston-villa-schliesst-maccabi-fans-aus-sport","status":"publish","type":"post","link":"https:\/\/www.europesays.com\/de\/505794\/","title":{"rendered":"Europa League: England-Klub Aston Villa schlie\u00dft Maccabi-Fans aus | Sport"},"content":{"rendered":"<p><b>Diese Entscheidung ist das Einknicken vor dem Hass-Mob!<\/b><\/p>\n<p>Am 6. November empf\u00e4ngt England-Klub Aston Villa in der Ligaphase der Europa League Maccabi Tel Aviv. Knapp drei Wochen vor der Partie verk\u00fcndete der Verein aus Birmingham, dass Fans des israelischen Klubs beim Spiel nicht dabei sein d\u00fcrfen.<\/p>\n<p><b>Der Grund: Sicherheitsbedenken!<\/b><\/p>\n<p>Mehr zum Thema<\/p>\n<p>Demnach hinge die Entscheidung mit einer Anweisung des \u00f6rtlichen Sicherheitsrats (Safety Advisory Group, kurz: SAG) zusammen, der die Sicherheitszertifikate f\u00fcr Villa-Spiele ausstellt. In der SAG sind unter anderem Mitglieder der Polizei, des Gesundheitswesens und der Verwaltung vertreten.<\/p>\n<p><b>Am Donnerstag habe die SAG dem Klub und der Uefa ihre Einsch\u00e4tzung mitgeteilt. Die Polizei habe etwa Sicherheitsbedenken, was den Raum au\u00dferhalb des Stadions sowie m\u00f6gliche Proteste betreffe.<\/b><\/p>\n<p>Aston Villa schreibt in der Mitteilung: \u201eDer Verein steht w\u00e4hrend des gesamten Prozesses im st\u00e4ndigen Dialog mit Maccabi Tel Aviv und den lokalen Beh\u00f6rden. Die Sicherheit der Fans und der Anwohner steht bei allen Entscheidungen an erster Stelle.\u201c<\/p>\n<p>Vor dem \u201eKlassiker\u201c: Eberl reagiert auf Schlotterbeck-Ger\u00fcchte<a class=\"anchor video-teaser__anchor\" href=\"https:\/\/www.bild.de\/sport\/fussball\/bayern-dortmund-max-eberl-reagiert-auf-geruechte-um-schlotterbeck-68f2091dad34762cb4a73b5e\" target=\"_blank\" rel=\"noopener\"><img decoding=\"async\" width=\"992\" height=\"558\" alt=\"Bayern - Dortmund: Max Eberl reagiert auf Ger\u00fcchte um Schlotterbeck.\" src=\"https:\/\/www.europesays.com\/de\/wp-content\/uploads\/2025\/10\/da6a8e5e8ae1b95eda1a590e418d7cd8-landscape,b35087d\"   class=\"landscape teaser__image\" loading=\"lazy\"\/><\/a><\/p>\n<p>Quelle: DFL17.10.2025<\/p>\n<p><b>Hei\u00dft im Klartext: Die Polizei kann die israelischen G\u00e4ste nicht sch\u00fctzen. Und knickt vor dem Mob ein.<\/b><\/p>\n<p>Gro\u00dfbritannien-Premier Keir Starmer (63) lehnt diese Entscheidung ab. Er schrieb auf \u201eX\u201c: \u201eDas ist die falsche Entscheidung. Wir werden Antisemitismus auf unseren Stra\u00dfen nicht tolerieren. Die Polizei muss daf\u00fcr sorgen, dass alle Fu\u00dfball-Fans das Spiel ohne Angst vor Gewalt oder Einsch\u00fcchterung genie\u00dfen k\u00f6nnen.\u201c<\/p>\n<p> An dieser Stelle findest du Inhalte aus Twitter <\/p>\n<p> Um mit Inhalten aus Twitter und anderen sozialen Netzwerken zu interagieren oder diese darzustellen, brauchen wir deine Zustimmung. <\/p>\n<p> soziale Netzwerke aktivieren  Um eingebettete Inhalte anzuzeigen, ist Ihre jederzeit widerrufliche Einwilligung (\u00fcber den Schalter oder \u00fcber &#8220; <a class=\"embed-placeholder__text-link\" href=\"#\" rel=\"noopener noreferrer\" title=\"Tracking widerrufen\"> Widerruf Tracking und Cookies<\/a> &#8220; am Seitenende) zur Verarbeitung personenbezogener Daten n\u00f6tig.  Dabei k\u00f6nnen Daten in Drittl\u00e4nder wie die USA \u00fcbermittelt werden (Art. 49 Abs. 1 lit. a DSGVO). Mit dem Aktivieren des Inhalts stimmen Sie zu. Weitere Infos finden Sie <a class=\"embed-placeholder__text-link\" href=\"#\" rel=\"noopener noreferrer\" title=\"Zu den Privatsph\u00e4re Einstellungen\"> hier<\/a>. <\/p>\n<p><b>Auch Israels Au\u00dfenminister Gideon Sa\u2019ar (58) meldete sich auf \u201eX\u201c zu Wort, kritisierte den Ausschluss ebenfalls: \u201eEine besch\u00e4mende Entscheidung. Ich rufe die britischen Beh\u00f6rden dazu auf, diese feige Entscheidung r\u00fcckg\u00e4ngig zu machen.\u201c<\/b><\/p>\n<p><b>Eine, die nicht ins Stadion darf, ist Emily Damari (29). Die Israelin mit britischer Staatsb\u00fcrgerschaft war \u00fcber 15 Monate Geisel der Hamas. Sie ist gro\u00dfer Fan von Maccabi Tel Aviv:<\/b> \u201eIch bin entsetzt \u00fcber diese skandal\u00f6se Entscheidung, die es mir, meiner Familie und meinen Freunden verbietet, zu Spiel gegen Aston Villa anzureisen. Fu\u00dfball sollte die Menschen zusammenbringen, aber diese h\u00e4ssliche Entscheidung bewirkt genau das Gegenteil. Sch\u00e4mt Euch!\u201c<\/p>\n<p><b>Zuletzt gab es in der Sportwelt immer wieder pro-pal\u00e4stinensische, teils gewaltt\u00e4tige Proteste bei Ereignissen mit israelischer Beteiligung. Erst am Samstag kam es beim WM-Qualifikationsspiel zwischen Norwegen und Israel (5:0) in Oslo zu Hass-Demos vor dem Stadion.<\/b><\/p>\n<p>Im September musste die Vuelta a Espa\u00f1a aufgrund von Protesten vorzeitig abgebrochen werden. Am prestigetr\u00e4chtigen Stra\u00dfenradrennen hatte auch das Team Israel-Premier Tech teilgenommen. Hintergrund ist das israelische Vorgehen im Gazastreifen, das von den Protestlern kritisiert wird.<\/p>\n","protected":false},"excerpt":{"rendered":"Diese Entscheidung ist das Einknicken vor dem Hass-Mob! Am 6. November empf\u00e4ngt England-Klub Aston Villa in der Ligaphase&hellip;\n","protected":false},"author":2,"featured_media":505795,"comment_status":"","ping_status":"","sticky":false,"template":"","format":"standard","meta":{"footnotes":""},"categories":[136],"tags":[1263,2493,29,5842,347,30,411,116795,265,45],"class_list":{"0":"post-505794","1":"post","2":"type-post","3":"status-publish","4":"format-standard","5":"has-post-thumbnail","7":"category-sport","8":"tag-aufmacher-bereich","9":"tag-basketball","10":"tag-deutschland","11":"tag-euroleague","12":"tag-fussball","13":"tag-germany","14":"tag-israel","15":"tag-maccabi-tel-aviv","16":"tag-sport","17":"tag-texttospeech"},"share_on_mastodon":{"url":"https:\/\/pubeurope.com\/@de\/115389526569502311","error":""},"_links":{"self":[{"href":"https:\/\/www.europesays.com\/de\/wp-json\/wp\/v2\/posts\/505794","targetHints":{"allow":["GET"]}}],"collection":[{"href":"https:\/\/www.europesays.com\/de\/wp-json\/wp\/v2\/posts"}],"about":[{"href":"https:\/\/www.europesays.com\/de\/wp-json\/wp\/v2\/types\/post"}],"author":[{"embeddable":true,"href":"https:\/\/www.europesays.com\/de\/wp-json\/wp\/v2\/users\/2"}],"replies":[{"embeddable":true,"href":"https:\/\/www.europesays.com\/de\/wp-json\/wp\/v2\/comments?post=505794"}],"version-history":[{"count":0,"href":"https:\/\/www.europesays.com\/de\/wp-json\/wp\/v2\/posts\/505794\/revisions"}],"wp:featuredmedia":[{"embeddable":true,"href":"https:\/\/www.europesays.com\/de\/wp-json\/wp\/v2\/media\/505795"}],"wp:attachment":[{"href":"https:\/\/www.europesays.com\/de\/wp-json\/wp\/v2\/media?parent=505794"}],"wp:term":[{"taxonomy":"category","embeddable":true,"href":"https:\/\/www.europesays.com\/de\/wp-json\/wp\/v2\/categories?post=505794"},{"taxonomy":"post_tag","embeddable":true,"href":"https:\/\/www.europesays.com\/de\/wp-json\/wp\/v2\/tags?post=505794"}],"curies":[{"name":"wp","href":"https:\/\/api.w.org\/{rel}","templated":true}]}}