{"id":505796,"date":"2025-10-17T12:33:14","date_gmt":"2025-10-17T12:33:14","guid":{"rendered":"https:\/\/www.europesays.com\/de\/505796\/"},"modified":"2025-10-17T12:33:14","modified_gmt":"2025-10-17T12:33:14","slug":"sofia-richie-wieder-schwanger-vor-17-monaten-bekam-sie-ihr-1-baby-unterhaltung","status":"publish","type":"post","link":"https:\/\/www.europesays.com\/de\/505796\/","title":{"rendered":"Sofia Richie wieder schwanger: Vor 17 Monaten bekam sie ihr 1. Baby | Unterhaltung"},"content":{"rendered":"<p>Los Angeles \u2013 <b>Bei Sofia Richie ist der Storch ganz sch\u00f6n flei\u00dfig: Baby Nummer zwei ist unterwegs! Nur knapp 17 Monate nach der Geburt des ersten Babys bekommt Sofias Tochter Eloise ein kleines Geschwisterchen. <\/b><\/p>\n<p>Sofias ber\u00fchmter Papa Lionel Richie (76) kann sich freuen: Er bekommt somit ein viertes Enkelkind. Seine \u00e4ltere Tochter Nicole Richie hat bereits zwei Kinder (Sparrow, 16, und Harlow, 17).<\/p>\n<p><img decoding=\"async\" width=\"992\" height=\"661\" alt=\"S\u00e4nger Lionel Richie kann sich freuen: Er bekommt ein viertes Enkelkind. Seine \u00e4ltere Tochter Nicole Richie hat zwei Kinder (Sparrow, 16, und Harlow, 17), die j\u00fcngere Tochter Sofia ein kleines M\u00e4dchen (Eloise, 17 Monate)\" src=\"https:\/\/www.europesays.com\/de\/wp-content\/uploads\/2025\/10\/a5b4921d02cf397f894e5d5597297160,242ed1f2\"   class=\"dynamic\" loading=\"lazy\"\/><\/p>\n<p class=\"fig__caption__text\">S\u00e4nger Lionel Richie (76) kann sich freuen: Er bekommt ein viertes Enkelkind. Seine \u00e4ltere Tochter Nicole Richie hat zwei Kinder (Sparrow, 16, und Harlow, 17), die j\u00fcngere Tochter Sofia ein kleines M\u00e4dchen (Eloise, 17 Monate)<\/p>\n<p>Foto: imago stock&amp;people<\/p>\n<p>Auf <a href=\"https:\/\/www.instagram.com\/p\/DP5CDFyCd4u\/\" target=\"_blank\" rel=\"nofollow noopener\" class=\"text-link--external text-link\">Instagram<\/a> teilt die werdende Mama die Neuigkeit mit ihren elf Millionen Followern per Spiegelselfie. Darauf zeigt sie ihren Bauch, der sich bereits leicht rundet.  <\/p>\n<p>Mit Ehemann Elliot Grainge wurde Sofia am 20. Mai 2024 zum ersten Mal Mama. <a href=\"https:\/\/www.bild.de\/unterhaltung\/stars-und-leute\/vanessa-hudgens-verkuendet-zweite-schwangerschaft-auf-instagram-6872bb7af01af2416ffe2c98\" class=\"text-link\" target=\"_blank\" rel=\"noopener\">Vanessa Hudgens<\/a> (36) gratulierte Sofia auf Instagram: \u201eYes, back to back babyyyyy\u201c, frei \u00fcbersetzt: \u201eJa, zwei Babys direkt nacheinander!\u201c Die Schauspielerin ist ebenfalls gerade ein knappes Jahr nach ihrem ersten Kind wieder schwanger.<\/p>\n<p><img decoding=\"async\" width=\"992\" height=\"1593\" alt=\"Model Sofia Richie und Muskmanager Elliot Grainge (31) sind bald zweifache Eltern\" src=\"https:\/\/www.europesays.com\/de\/wp-content\/uploads\/2025\/10\/fb55d2813460c80a01bf9392b9a2e14f,1a51c0e7\"   class=\"dynamic\" loading=\"lazy\"\/><\/p>\n<p class=\"fig__caption__text\">Model Sofia Richie und Musikmanager Elliot Grainge (31) sind bald zweifache Eltern<\/p>\n<p>Foto: Getty Images for Elton John AIDS Foundation<\/p>\n<p>Doch Sofia Richies Ank\u00fcndigung sorgte unter ihren Fans f\u00fcr leichte Verwirrung. Denn zum Bauch-Pic schrieb sie: \u201eAuf dem Weg, diese Babys an den Markt zu bringen.\u201c Dazu stellte sie ein Baby-Emoji und verlinkte ihre Modelinie \u201eSRG Atelier\u201c. Manch ein Follower dachte bei dem Plural, sie bekomme Zwillinge. Doch Sofia scheint ihre Fashionlinie hier auch als ihr Baby zu bezeichnen.<\/p>\n<p>2023 hatte Sofia Richie Musikmanager Elliot Grainge in atemberaubender Kulisse und unter dem Beisein zahlreicher Promis in Frankreich geheiratet. F\u00fcr ihn war sie zum Judentum konvertiert.<\/p>\n<p> An dieser Stelle findest du Inhalte aus Instagram <\/p>\n<p> Um mit Inhalten aus Instagram und anderen sozialen Netzwerken zu interagieren oder diese darzustellen, brauchen wir deine Zustimmung. <\/p>\n<p> soziale Netzwerke aktivieren  Um eingebettete Inhalte anzuzeigen, ist Ihre jederzeit widerrufliche Einwilligung (\u00fcber den Schalter oder \u00fcber &#8220; <a class=\"embed-placeholder__text-link\" href=\"#\" rel=\"noopener noreferrer\" title=\"Tracking widerrufen\"> Widerruf Tracking und Cookies<\/a> &#8220; am Seitenende) zur Verarbeitung personenbezogener Daten n\u00f6tig.  Dabei k\u00f6nnen Daten in Drittl\u00e4nder wie die USA \u00fcbermittelt werden (Art. 49 Abs. 1 lit. a DSGVO). Mit dem Aktivieren des Inhalts stimmen Sie zu. Weitere Infos finden Sie <a class=\"embed-placeholder__text-link\" href=\"#\" rel=\"noopener noreferrer\" title=\"Zu den Privatsph\u00e4re Einstellungen\"> hier<\/a>. <\/p>\n<p>Im Mai teilte <a href=\"https:\/\/www.bild.de\/unterhaltung\/leute\/leute\/sofia-richie-lionel-richies-tochter-heiratet-in-frankreich-und-feiert-all-night-83657956.bild.html\" class=\"text-link\" target=\"_blank\" rel=\"noopener\">Sofia Richie<\/a> auf Instagram einen Einblick in ihr Privatleben: einen Schnappschuss von Eloises erstem Geburtstag, den die Familie drau\u00dfen in der Sonne mit vielen Luftballons feierte.<\/p>\n<p>Mehr zum Thema<\/p>\n<p>Dazu beschrieb Sofia die tiefen Emotionen, die die Mutterschaft in ihr ausgel\u00f6st hat: \u201eIhr beim Wachsen zuzusehen, ist ein Geschenk. Meine gr\u00f6\u00dfte Errungenschaft wird IMMER sie sein. Sie hat mir einen Sinn gegeben, und ich bin nichts ohne sie. Elliot und ich k\u00f6nnten nichts in diesem Leben mehr lieben.\u201c<\/p>\n<p>Baby Nummer zwei wird diese Gef\u00fchle bestimmt noch einmal vervielfachen.<\/p>\n<p><script async src=\"\/\/www.instagram.com\/embed.js\"><\/script><\/p>\n","protected":false},"excerpt":{"rendered":"Los Angeles \u2013 Bei Sofia Richie ist der Storch ganz sch\u00f6n flei\u00dfig: Baby Nummer zwei ist unterwegs! Nur&hellip;\n","protected":false},"author":2,"featured_media":505797,"comment_status":"","ping_status":"","sticky":false,"template":"","format":"standard","meta":{"footnotes":""},"categories":[155],"tags":[1290,29,214,30,152,126264,1291,834,45,215],"class_list":{"0":"post-505796","1":"post","2":"type-post","3":"status-publish","4":"format-standard","5":"has-post-thumbnail","7":"category-unterhaltung","8":"tag-baby","9":"tag-deutschland","10":"tag-entertainment","11":"tag-germany","12":"tag-instagram","13":"tag-richie-sofia","14":"tag-schwanger","15":"tag-schwangerschaft","16":"tag-texttospeech","17":"tag-unterhaltung"},"share_on_mastodon":{"url":"https:\/\/pubeurope.com\/@de\/115389530493817512","error":""},"_links":{"self":[{"href":"https:\/\/www.europesays.com\/de\/wp-json\/wp\/v2\/posts\/505796","targetHints":{"allow":["GET"]}}],"collection":[{"href":"https:\/\/www.europesays.com\/de\/wp-json\/wp\/v2\/posts"}],"about":[{"href":"https:\/\/www.europesays.com\/de\/wp-json\/wp\/v2\/types\/post"}],"author":[{"embeddable":true,"href":"https:\/\/www.europesays.com\/de\/wp-json\/wp\/v2\/users\/2"}],"replies":[{"embeddable":true,"href":"https:\/\/www.europesays.com\/de\/wp-json\/wp\/v2\/comments?post=505796"}],"version-history":[{"count":0,"href":"https:\/\/www.europesays.com\/de\/wp-json\/wp\/v2\/posts\/505796\/revisions"}],"wp:featuredmedia":[{"embeddable":true,"href":"https:\/\/www.europesays.com\/de\/wp-json\/wp\/v2\/media\/505797"}],"wp:attachment":[{"href":"https:\/\/www.europesays.com\/de\/wp-json\/wp\/v2\/media?parent=505796"}],"wp:term":[{"taxonomy":"category","embeddable":true,"href":"https:\/\/www.europesays.com\/de\/wp-json\/wp\/v2\/categories?post=505796"},{"taxonomy":"post_tag","embeddable":true,"href":"https:\/\/www.europesays.com\/de\/wp-json\/wp\/v2\/tags?post=505796"}],"curies":[{"name":"wp","href":"https:\/\/api.w.org\/{rel}","templated":true}]}}